{"id":182586,"date":"2022-05-05T00:00:23","date_gmt":"2022-05-04T22:00:23","guid":{"rendered":"https:\/\/smago.de\/ws2\/?p=182586"},"modified":"2022-05-04T18:10:46","modified_gmt":"2022-05-04T16:10:46","slug":"howard-carpendale-fantasy-hansi-hinterseer-francine-jordi-sonia-liebing-melissa-naschenweng-oeschs-die-dritten-kerstin-ott-marc-pircher-u-a-endlich-wieder-da-musikherbst-am-wild","status":"publish","type":"post","link":"https:\/\/smago.de\/ws2\/party-schlager\/howard-carpendale-fantasy-hansi-hinterseer-francine-jordi-sonia-liebing-melissa-naschenweng-oeschs-die-dritten-kerstin-ott-marc-pircher-u-a-endlich-wieder-da-musikherbst-am-wild\/","title":{"rendered":"HOWARD CARPENDALE, FANTASY, HANSI HINTERSEER, FRANCINE JORDI, SONIA LIEBING, MELISSA NASCHENWENG, OESCH&#8217;S DIE DRITTEN, KERSTIN OTT, MARC PIRCHER u.a. <br>Endlich wieder da \u2013 &#8222;Musikherbst am Wilden Kaiser&#8220;!"},"content":{"rendered":"<p>Nach zwei Jahren Pause findet\u00a0das mit 45.000 Eintritten gr\u00f6\u00dfte Zeltfest \u00d6sterreichs endlich wieder\u00a0statt!<br \/>\n<!--more--><\/p>\n<p>&nbsp;<\/p>\n<p>&nbsp;<\/p>\n<p style=\"text-align: justify;\">Die Vorfreude auf den Herbst in Tirol steigt: nach zwei Jahren Pause findet endlich wieder der <strong>Musikherbst am Wilden Kaiser<\/strong>, das mit 45.000 Eintritten <strong>gr\u00f6\u00dfte Zeltfest \u00d6sterreichs<\/strong>, statt. Zum Kult-Event werden die Top-Stars der Schlagermusik und zahlreiche Fans aus ganz Europa und \u00dcbersee in Tirol erwartet. An zwei verl\u00e4ngerten Wochenenden (28.9.-1.10. und 5.-8.10.) gibt es zwanzig Stunden Live-Acts mit Musik vom Feinsten und viel Stimmung vor der grandiosen Bergkulisse.<\/p>\n<p style=\"text-align: justify;\">Die Vorbereitungen f\u00fcr die gro\u00dfe Musik-Party laufen bereits jetzt auf Hochtouren. F\u00fcr die 28. Auflage des musikalischen Gro\u00dfereignisses hat sich das Kreativ-Team des Veranstalters Travel Partner einiges einfallen lassen und einen Feinschliff vorgenommen. \u201eUnser st\u00e4rkerer Fokus auf den Schlagerbereich in den vergangenen Jahren hat uns einen ungeheuren Zuspruch gebracht\u201c, blickt CEO Michael Poot zur\u00fcck. \u201eF\u00fcr den Musikherbst 2022 haben wir noch an einigen Stellschrauben gedreht, um sowohl im k\u00fcnstlerischen Bereich als auch beim Ambiente nochmals die Qualit\u00e4t zu steigern.\u201c Unter anderem wurde das Sitzkonzept so optimiert, dass nun weniger Zuschauerinnen und Zuschauer mehr Raum genie\u00dfen k\u00f6nnen \u2013 an den Tischen und zwischen den Reihen bleibt viel Luft, um unbeschwert feiern zu k\u00f6nnen. Zahlreiche Gr\u00f6\u00dfen des Showbusiness haben ihren Auftritt angek\u00fcndigt und versprechen ein Feuerwerk der Begeisterung zu entfachen: Neben den Stimmungsgaranten Marc Pircher, Oesch\u2019s die Dritten, Melissa Naschenweng, Francine Jordi, Sonia Liebing und selbstverst\u00e4ndlich der gesetzten Gr\u00f6\u00dfe Hansi Hinterseer, werden auch Nik P. und Howard Carpendale, die das Publikum 2019 erstmals verzauberten, wesentliche Teile der Show sein. Premiere beim Musikherbst feiern Fantasy und Kerstin Ott, \u201edie immer lacht\u201c und deren Duett mit Howard Carpendale \u201eWegen Dir \u2013 nachts, wenn alles schl\u00e4ft\u201c Furore macht. Als absolute Kr\u00f6nung ist es Travel Partner dar\u00fcber hinaus gelungen, die Schlagerlegende J\u00fcrgen Drews, der nur noch selten bei ausgew\u00e4hlten Anl\u00e4ssen auftritt, nach Ellmau an den Wilden Kaiser zu holen.<\/p>\n<p style=\"text-align: justify;\">Parallel zur Organisation des Events am Firmensitz in Tirol, plant Travel Partner bereits ein weiteres <strong>Schlager-Highlight im Ausland<\/strong>. \u201eWir sind felsenfest davon \u00fcberzeugt, dass der Markt f\u00fcr Urlaubsreisen, die mit einem tollen Musik-Event kombiniert werden, noch viel Potential f\u00fcr die Zukunft hat\u201c, gibt Michael Poot einen Ausblick. \u201eDerzeit arbeiten wir an einer Musikreise auf eine traumhafte Mittelmeerinsel, die im n\u00e4chsten Jahr stattfinden und von der Location einzigartig sein wird. In K\u00fcrze gibt es dazu weitere Informationen.\u201c<\/p>\n<p>&nbsp;<\/p>\n<p>&nbsp;<\/p>\n<p style=\"text-align: justify;\">Weitere Infos zum diesj\u00e4hrigen Musikherbst unter\u00a0<strong><a href=\"http:\/\/www.musikherbst.at\/\" target=\"_blank\" rel=\"noopener\">www.musikherbst.at<\/a><\/strong>!<\/p>\n<p>&nbsp;<\/p>\n<p>&nbsp;<\/p>\n<figure id=\"attachment_182588\" aria-describedby=\"caption-attachment-182588\" style=\"width: 800px\" class=\"wp-caption alignnone\"><img decoding=\"async\" loading=\"lazy\" class=\"size-large wp-image-182588\" src=\"https:\/\/smago.de\/ws2\/wp-content\/uploads\/2022\/05\/MH-181004-Ines-Entler-195-von-195-800x321.jpg\" alt=\"\" width=\"800\" height=\"321\" srcset=\"https:\/\/smago.de\/ws2\/wp-content\/uploads\/2022\/05\/MH-181004-Ines-Entler-195-von-195-800x321.jpg 800w, https:\/\/smago.de\/ws2\/wp-content\/uploads\/2022\/05\/MH-181004-Ines-Entler-195-von-195-522x209.jpg 522w, https:\/\/smago.de\/ws2\/wp-content\/uploads\/2022\/05\/MH-181004-Ines-Entler-195-von-195-292x117.jpg 292w, https:\/\/smago.de\/ws2\/wp-content\/uploads\/2022\/05\/MH-181004-Ines-Entler-195-von-195-768x308.jpg 768w, https:\/\/smago.de\/ws2\/wp-content\/uploads\/2022\/05\/MH-181004-Ines-Entler-195-von-195-1536x616.jpg 1536w, https:\/\/smago.de\/ws2\/wp-content\/uploads\/2022\/05\/MH-181004-Ines-Entler-195-von-195-2048x821.jpg 2048w, https:\/\/smago.de\/ws2\/wp-content\/uploads\/2022\/05\/MH-181004-Ines-Entler-195-von-195-392x157.jpg 392w, https:\/\/smago.de\/ws2\/wp-content\/uploads\/2022\/05\/MH-181004-Ines-Entler-195-von-195-130x52.jpg 130w, https:\/\/smago.de\/ws2\/wp-content\/uploads\/2022\/05\/MH-181004-Ines-Entler-195-von-195-870x349.jpg 870w, https:\/\/smago.de\/ws2\/wp-content\/uploads\/2022\/05\/MH-181004-Ines-Entler-195-von-195-435x174.jpg 435w\" sizes=\"(max-width: 800px) 100vw, 800px\" \/><figcaption id=\"caption-attachment-182588\" class=\"wp-caption-text\"><em>Foto-Credit: Ines Entleitner<\/em><\/figcaption><\/figure>\n<p>&nbsp;<\/p>\n<p>&nbsp;<\/p>\n<p>&nbsp;<\/p>\n<figure id=\"attachment_182587\" aria-describedby=\"caption-attachment-182587\" style=\"width: 800px\" class=\"wp-caption alignnone\"><img decoding=\"async\" loading=\"lazy\" class=\"size-large wp-image-182587\" src=\"https:\/\/smago.de\/ws2\/wp-content\/uploads\/2022\/05\/MH-180929-Martin-Hoerl-29-800x533.jpg\" alt=\"\" width=\"800\" height=\"533\" srcset=\"https:\/\/smago.de\/ws2\/wp-content\/uploads\/2022\/05\/MH-180929-Martin-Hoerl-29-800x533.jpg 800w, https:\/\/smago.de\/ws2\/wp-content\/uploads\/2022\/05\/MH-180929-Martin-Hoerl-29-522x348.jpg 522w, https:\/\/smago.de\/ws2\/wp-content\/uploads\/2022\/05\/MH-180929-Martin-Hoerl-29-225x150.jpg 225w, https:\/\/smago.de\/ws2\/wp-content\/uploads\/2022\/05\/MH-180929-Martin-Hoerl-29-768x512.jpg 768w, https:\/\/smago.de\/ws2\/wp-content\/uploads\/2022\/05\/MH-180929-Martin-Hoerl-29-1536x1024.jpg 1536w, https:\/\/smago.de\/ws2\/wp-content\/uploads\/2022\/05\/MH-180929-Martin-Hoerl-29-2048x1365.jpg 2048w, https:\/\/smago.de\/ws2\/wp-content\/uploads\/2022\/05\/MH-180929-Martin-Hoerl-29-392x261.jpg 392w, https:\/\/smago.de\/ws2\/wp-content\/uploads\/2022\/05\/MH-180929-Martin-Hoerl-29-130x87.jpg 130w, https:\/\/smago.de\/ws2\/wp-content\/uploads\/2022\/05\/MH-180929-Martin-Hoerl-29-668x445.jpg 668w, https:\/\/smago.de\/ws2\/wp-content\/uploads\/2022\/05\/MH-180929-Martin-Hoerl-29-783x522.jpg 783w, https:\/\/smago.de\/ws2\/wp-content\/uploads\/2022\/05\/MH-180929-Martin-Hoerl-29-285x190.jpg 285w, https:\/\/smago.de\/ws2\/wp-content\/uploads\/2022\/05\/MH-180929-Martin-Hoerl-29-435x290.jpg 435w, https:\/\/smago.de\/ws2\/wp-content\/uploads\/2022\/05\/MH-180929-Martin-Hoerl-29-150x100.jpg 150w, https:\/\/smago.de\/ws2\/wp-content\/uploads\/2022\/05\/MH-180929-Martin-Hoerl-29-370x247.jpg 370w\" sizes=\"(max-width: 800px) 100vw, 800px\" \/><figcaption id=\"caption-attachment-182587\" class=\"wp-caption-text\"><em>Die Freude ist gro\u00df: der Musikherbst am Wilden Kaiser 2022 findet statt!<\/em><\/p>\n<p><em>Foto-Credit:<\/em>\u00a0<em>Martin Hoerl<\/em><\/figcaption><\/figure>\n","protected":false},"excerpt":{"rendered":"<p>Nach zwei Jahren Pause findet\u00a0das mit 45.000 Eintritten gr\u00f6\u00dfte Zeltfest \u00d6sterreichs endlich wieder\u00a0statt!<\/p>\n","protected":false},"author":2,"featured_media":182587,"comment_status":"open","ping_status":"closed","sticky":false,"template":"","format":"standard","meta":{"_FSMCFIC_featured_image_caption":"","_FSMCFIC_featured_image_nocaption":null,"_FSMCFIC_featured_image_hide":null},"categories":[26,28,29,30],"tags":[406,202,107,49,188,434,1222,233],"acf":[],"_links":{"self":[{"href":"https:\/\/smago.de\/ws2\/wp-json\/wp\/v2\/posts\/182586"}],"collection":[{"href":"https:\/\/smago.de\/ws2\/wp-json\/wp\/v2\/posts"}],"about":[{"href":"https:\/\/smago.de\/ws2\/wp-json\/wp\/v2\/types\/post"}],"author":[{"embeddable":true,"href":"https:\/\/smago.de\/ws2\/wp-json\/wp\/v2\/users\/2"}],"replies":[{"embeddable":true,"href":"https:\/\/smago.de\/ws2\/wp-json\/wp\/v2\/comments?post=182586"}],"version-history":[{"count":2,"href":"https:\/\/smago.de\/ws2\/wp-json\/wp\/v2\/posts\/182586\/revisions"}],"predecessor-version":[{"id":182590,"href":"https:\/\/smago.de\/ws2\/wp-json\/wp\/v2\/posts\/182586\/revisions\/182590"}],"wp:featuredmedia":[{"embeddable":true,"href":"https:\/\/smago.de\/ws2\/wp-json\/wp\/v2\/media\/182587"}],"wp:attachment":[{"href":"https:\/\/smago.de\/ws2\/wp-json\/wp\/v2\/media?parent=182586"}],"wp:term":[{"taxonomy":"category","embeddable":true,"href":"https:\/\/smago.de\/ws2\/wp-json\/wp\/v2\/categories?post=182586"},{"taxonomy":"post_tag","embeddable":true,"href":"https:\/\/smago.de\/ws2\/wp-json\/wp\/v2\/tags?post=182586"}],"curies":[{"name":"wp","href":"https:\/\/api.w.org\/{rel}","templated":true}]}}