{"id":181887,"date":"2022-04-15T00:27:52","date_gmt":"2022-04-14T22:27:52","guid":{"rendered":"https:\/\/smago.de\/ws2\/?p=181887"},"modified":"2022-04-15T00:30:49","modified_gmt":"2022-04-14T22:30:49","slug":"wencke-myhre-u-a-heute-15-04-2022-in-der-talk-show-3nach9-zu-gast","status":"publish","type":"post","link":"https:\/\/smago.de\/ws2\/schlager\/wencke-myhre-u-a-heute-15-04-2022-in-der-talk-show-3nach9-zu-gast\/","title":{"rendered":"WENCKE MYHRE u.a. <br>Heute (15.04.2022) in der Talk-Show &#8222;3nach9&#8220; zu Gast!"},"content":{"rendered":"<p>NDR fernsehen + hr fernsehen, 21:45 Uhr &#8211; 00:00 Uhr! Moderation: Judith Rakers und Giovanni di Lorenzo!<br \/>\n<!--more--><\/p>\n<p>&nbsp;<\/p>\n<p>&nbsp;<\/p>\n<p style=\"text-align: justify;\">Judith Rakers und Giovanni di Lorenzo begr\u00fc\u00dfen am Freitag, dem 15. April, folgende G\u00e4ste: Wencke Myhre, Elke B\u00fcdenbender, Eckhard Nagel, Dirk Steffens, Margot K\u00e4\u00dfmann, Andreas Helm, Anneke Kim Sarnau, Caro North, Natalya Nepomnyashcha.<\/p>\n<h2><\/h2>\n<h2><\/h2>\n<h2><\/h2>\n<h2 style=\"text-align: justify;\">Wencke Myhre<\/h2>\n<h2><\/h2>\n<p style=\"text-align: justify;\">Ja, das Lied mit dem Gummiboot. Einmal angestimmt, gibt es wahrscheinlich niemanden, der diesen Schlager nicht mitsingen kann. Gesungen wird er von der fantastischen Wencke Myhre. \u00dcber ihr Leben l\u00e4sst sich noch viel mehr berichten: Bereits im Alter von sieben Jahren hatte die norwegische Entertainerin ihren ersten \u00f6ffentlichen Auftritt, zehn Jahre sp\u00e4ter trat sie erstmals im deutschen Fernsehen auf und avancierte zu den Topstars und Teenager-Idolen unseres Landes. Im Laufe ihrer Karriere heimste die Osloerin viele Auszeichnungen ein, erst k\u00fcrzlich verlieh ihr Bundespr\u00e4sident Frank-Walter Steinmeier das Bundesverdienstkreuz. Warum dieser Tag nicht nur f\u00fcr sie, sondern auch f\u00fcr ihre zehn Enkelkinder ein besonderes Ereignis war und wie sie auf ihre fast sieben B\u00fchnenjahrzehnte zur\u00fcckblickt, erz\u00e4hlt Wencke Myhre bei 3nach9.<\/p>\n<figure class=\"imagecontainer -imagecontainer-16x9 -imagecontainer-copytext -imagecontainer-small\" style=\"text-align: justify;\"><\/figure>\n<h2><\/h2>\n<h2><\/h2>\n<h2><\/h2>\n<h2 style=\"text-align: justify;\">Elke B\u00fcdenbender und Eckhard Nagel<\/h2>\n<figure class=\"imagecontainer -imagecontainer-16x9 -imagecontainer-copytext -imagecontainer-small\" style=\"text-align: justify;\"><\/figure>\n<p>&nbsp;<\/p>\n<p style=\"text-align: justify;\">\u201eWir m\u00fcssen den Tod und das Sterben wieder ins Leben integrieren\u201c ist die Botschaft von Elke B\u00fcdenbender und Eckhard Nagel. Seit 2000 ist sie Richterin am Verwaltungsgericht Berlin und seit 1995 mit dem heutigen Bundespr\u00e4sidenten Frank-Walter Steinmeier verheiratet, der ihr vor zw\u00f6lf Jahren eine Niere spendete. Eckhard Nagel ist Transplantationschirurg, Doktor der Philosophie und Ehrendoktor der Theologie. Seit 2001 ist er ordentlicher Professor und Gesch\u00e4ftsf\u00fchrender Direktor des Instituts f\u00fcr Medizinmanagement und Gesundheitswissenschaften an der Universit\u00e4t Bayreuth. Bei 3nach9 sprechen Elke B\u00fcdenbender und der mit ihr befreundete Transplantationsmediziner Eckhard Nagel offen und pers\u00f6nlich \u00fcber ein Thema, das alle betrifft.<\/p>\n<h2><\/h2>\n<h2><\/h2>\n<h2><\/h2>\n<h2 style=\"text-align: justify;\">Dirk Steffens<\/h2>\n<figure class=\"imagecontainer -imagecontainer-16x9 -imagecontainer-copytext -imagecontainer-small\" style=\"text-align: justify;\"><\/figure>\n<p>&nbsp;<\/p>\n<p>&nbsp;<\/p>\n<p style=\"text-align: justify;\">Faszination\u2026 Dirk Steffens! Denn der Naturfilmer berichtet so eindrucksvoll \u00fcber die wundervollen Ereignisse auf dem Planeten, dass es eine pure Freude ist, ihm zuzuh\u00f6ren. Dabei spricht der Wissenschaftsjournalist auch Themen aus den Bereichen Natur, Umwelt, Technik und Wissenschaft an, die auf den N\u00e4geln brennen \u2013 und die Zukunft entscheiden. \u00dcber die Auswirkungen des Artensterbens, Nutzen und Schaden der Landwirtschaft, den Zustand der Meere, die k\u00fcnftige Beschaffenheit der W\u00e4lder, die Zukunft der menschlichen Intelligenz, die Klimakrise und die Auswirkungen des Konsums hat der Natursch\u00fctzer sich aktuell Gedanken gemacht \u2013 und teilt diese bei seinem n\u00e4chsten 3nach9-Besuch.<\/p>\n<h2><\/h2>\n<h2><\/h2>\n<h2><\/h2>\n<h2 style=\"text-align: justify;\">Margot K\u00e4\u00dfmann und Andreas Helm<\/h2>\n<h2><\/h2>\n<p style=\"text-align: justify;\">Mut, Gl\u00fcck und die Geschichte einer wiederentdeckten Liebe: Margot K\u00e4\u00dfmann und ihr Lebenspartner Andreas Helm waren Anfang der 70er Jahre ein Paar. Als Teenager verloren sie sich aus den Augen. Jahrzehnte sp\u00e4ter trafen sich die Theologin und der Elektroingenieur unerwartet wieder und kn\u00fcpften mit Mitte 50 da an, wo sie vier Jahrzehnte zuvor aufgeh\u00f6rt hatten. Sie starteten einen Neuanfang und wagten den Schritt in eine Beziehung. Wie sch\u00f6n sich Schmetterlinge im Bauch in der zweiten Lebensh\u00e4lfte anf\u00fchlen, welche Gef\u00fchle und Werte sie in der heutigen Zeit besonders vermissen und warum die Zehn Gebote immer noch eine so wichtige Bedeutung f\u00fcr unser aller Leben haben, erz\u00e4hlt das Paar am diesj\u00e4hrigen Karfreitag bei 3nach9.<\/p>\n<figure class=\"imagecontainer -imagecontainer-16x9 -imagecontainer-copytext -imagecontainer-small\" style=\"text-align: justify;\"><\/figure>\n<h2><\/h2>\n<h2><\/h2>\n<h2><\/h2>\n<h2><\/h2>\n<h2 style=\"text-align: justify;\">Anneke Kim Sarnau<\/h2>\n<figure class=\"imagecontainer -imagecontainer-16x9 -imagecontainer-copytext -imagecontainer-small\" style=\"text-align: justify;\"><\/figure>\n<p>&nbsp;<\/p>\n<p>&nbsp;<\/p>\n<p style=\"text-align: justify;\">Von Klein Offenseth-Sparrieshoop raus in die Welt! Aus dieser kleinen Gemeinde im Kreis Pinneberg, gerade mal knapp 3.000 Einwohner stark und mit f\u00fcnf Bauernh\u00f6fen allein in ihrer Stra\u00dfe, stammt die gro\u00dfartige Schauspielerin Anneke Kim Sarnau. Das Verst\u00e4ndnis f\u00fcr die plattdeutsche Sprache ist ihr geblieben, dazu gekommen ist die au\u00dfergew\u00f6hnliche Gabe, aus jedem Film ein Filmereignis zu machen. Im neuen \u201ePolizeiruf 110\u201c kann man sich wieder von ihrem Sp\u00fcrsinn der LKA-Ermittlerin Katrin K\u00f6nig \u00fcberzeugen. Anneke Kim Sarnau hat die wohl lauteste Lache unter den Schauspielerinnen dieses Landes, wird aber ganz still, wenn sie von den Heldentaten ihres Urgro\u00dfonkels, der Schauspiel-Legende Hans S\u00f6hnker berichtet. Was dieser Einzigartiges geleistet hat, berichtet die Ausnahmeschauspielerin bei 3nach9.<\/p>\n<h2><\/h2>\n<h2><\/h2>\n<h2><\/h2>\n<h2 style=\"text-align: justify;\">Caro North<\/h2>\n<figure class=\"imagecontainer -imagecontainer-16x9 -imagecontainer-copytext -imagecontainer-small\" style=\"text-align: justify;\"><\/figure>\n<p>&nbsp;<\/p>\n<p>&nbsp;<\/p>\n<p style=\"text-align: justify;\">Caro North z\u00e4hlt zu den besten Alpinistinnen Europas. Mit spektakul\u00e4ren Expeditionen hat sich die 31-J\u00e4hrige bereits einen Namen gemacht. Ob Klettern, Gleitschirmspringen oder Skifahren \u2013 drau\u00dfen in der Natur ist die Athletin in ihrem Element. Schon als Kind ist sie fasziniert von den Bergen, besteigt mit gerade mal 16 Jahren in Argentinien den 6.961 Meter hohen Aconcagua. Nach dem Abitur studiert die Schweizerin Geowissenschaften in Lausanne und ist heute ausgebildete Bergf\u00fchrerin. Expeditionen von Alaska bis zu den entlegensten Gipfeln im Himalaya s\u00e4umen ihren Weg als Bergsteigerin. Bei 3nach9 erz\u00e4hlt die Alpinistin, warum sie ohne den Klettersport Entzugserscheinungen hat, wo ihre pers\u00f6nlichen Grenzen liegen und welche Felsw\u00e4nde sie noch bezwingen will.<\/p>\n<h2><\/h2>\n<h2><\/h2>\n<h2><\/h2>\n<h2><\/h2>\n<h2 style=\"text-align: justify;\">Natalya Nepomnyashcha<\/h2>\n<figure class=\"imagecontainer -imagecontainer-16x9 -imagecontainer-copytext -imagecontainer-small\" style=\"text-align: justify;\"><\/figure>\n<p>&nbsp;<\/p>\n<p>&nbsp;<\/p>\n<p style=\"text-align: justify;\">Aufgewachsen in der Ukraine kommt Natalya Nepomnyashcha als Elfj\u00e4hrige mit ihren Eltern nach Deutschland \u2013 die Hoffnung auf ein besseres Leben im Gep\u00e4ck. Doch sie merkt schnell, dass viele T\u00fcren f\u00fcr sie verschlossen bleiben. Als Kind von Eltern, die weder Deutsch k\u00f6nnen, noch Arbeit haben, f\u00e4llt es ihr schwer, Vorbilder und Anschluss zu finden. Ein Platz auf dem Gymnasium wird dem Hartz-IV-Kind verwehrt. \u00dcber Umwege und mit vielen Entbehrungen gelingt ihr schlie\u00dflich der Universit\u00e4tsabschluss. Heute arbeitet sie bei einer der weltgr\u00f6\u00dften Unternehmensberatungen und hat es sich zur Aufgabe gemacht, Menschen mit \u00e4hnlichen Voraussetzungen den sozialen Aufstieg zu erm\u00f6glichen. 3nach9 freut sich auf den Besuch der Gr\u00fcnderin von \u201eNetzwerk Chancen\u201c.<\/p>\n<p>&nbsp;<\/p>\n<figure id=\"attachment_181888\" aria-describedby=\"caption-attachment-181888\" style=\"width: 800px\" class=\"wp-caption alignnone\"><img decoding=\"async\" loading=\"lazy\" class=\"size-large wp-image-181888\" src=\"https:\/\/smago.de\/ws2\/wp-content\/uploads\/2022\/04\/1_Wencke_Myhre_2021-800x528.jpg\" alt=\"\" width=\"800\" height=\"528\" srcset=\"https:\/\/smago.de\/ws2\/wp-content\/uploads\/2022\/04\/1_Wencke_Myhre_2021-800x528.jpg 800w, https:\/\/smago.de\/ws2\/wp-content\/uploads\/2022\/04\/1_Wencke_Myhre_2021-522x345.jpg 522w, https:\/\/smago.de\/ws2\/wp-content\/uploads\/2022\/04\/1_Wencke_Myhre_2021-227x150.jpg 227w, https:\/\/smago.de\/ws2\/wp-content\/uploads\/2022\/04\/1_Wencke_Myhre_2021-768x507.jpg 768w, https:\/\/smago.de\/ws2\/wp-content\/uploads\/2022\/04\/1_Wencke_Myhre_2021-1536x1014.jpg 1536w, https:\/\/smago.de\/ws2\/wp-content\/uploads\/2022\/04\/1_Wencke_Myhre_2021-2048x1352.jpg 2048w, https:\/\/smago.de\/ws2\/wp-content\/uploads\/2022\/04\/1_Wencke_Myhre_2021-392x259.jpg 392w, https:\/\/smago.de\/ws2\/wp-content\/uploads\/2022\/04\/1_Wencke_Myhre_2021-130x86.jpg 130w, https:\/\/smago.de\/ws2\/wp-content\/uploads\/2022\/04\/1_Wencke_Myhre_2021-674x445.jpg 674w, https:\/\/smago.de\/ws2\/wp-content\/uploads\/2022\/04\/1_Wencke_Myhre_2021-791x522.jpg 791w, https:\/\/smago.de\/ws2\/wp-content\/uploads\/2022\/04\/1_Wencke_Myhre_2021-288x190.jpg 288w, https:\/\/smago.de\/ws2\/wp-content\/uploads\/2022\/04\/1_Wencke_Myhre_2021-435x287.jpg 435w, https:\/\/smago.de\/ws2\/wp-content\/uploads\/2022\/04\/1_Wencke_Myhre_2021-150x100.jpg 150w\" sizes=\"(max-width: 800px) 100vw, 800px\" \/><figcaption id=\"caption-attachment-181888\" class=\"wp-caption-text\"><em>ARD-Telenova &#8222;Rote Rosen&#8220;, 19. Staffel:<\/em>\u00a0<em>Wencke Myhre \u00fcbernimmt die Gastrolle der \u201eTante Jonna\u201c<\/em><\/p>\n<p><em>\u00a9 ARD \/ Nicole Manthey<\/em><\/figcaption><\/figure>\n","protected":false},"excerpt":{"rendered":"<p>NDR fernsehen + hr fernsehen, 21:45 Uhr &#8211; 00:00 Uhr! Moderation: Judith Rakers und Giovanni di Lorenzo!<\/p>\n","protected":false},"author":2,"featured_media":181888,"comment_status":"open","ping_status":"closed","sticky":false,"template":"","format":"standard","meta":{"_FSMCFIC_featured_image_caption":"","_FSMCFIC_featured_image_nocaption":"","_FSMCFIC_featured_image_hide":""},"categories":[29,128],"tags":[215],"acf":[],"_links":{"self":[{"href":"https:\/\/smago.de\/ws2\/wp-json\/wp\/v2\/posts\/181887"}],"collection":[{"href":"https:\/\/smago.de\/ws2\/wp-json\/wp\/v2\/posts"}],"about":[{"href":"https:\/\/smago.de\/ws2\/wp-json\/wp\/v2\/types\/post"}],"author":[{"embeddable":true,"href":"https:\/\/smago.de\/ws2\/wp-json\/wp\/v2\/users\/2"}],"replies":[{"embeddable":true,"href":"https:\/\/smago.de\/ws2\/wp-json\/wp\/v2\/comments?post=181887"}],"version-history":[{"count":3,"href":"https:\/\/smago.de\/ws2\/wp-json\/wp\/v2\/posts\/181887\/revisions"}],"predecessor-version":[{"id":181891,"href":"https:\/\/smago.de\/ws2\/wp-json\/wp\/v2\/posts\/181887\/revisions\/181891"}],"wp:featuredmedia":[{"embeddable":true,"href":"https:\/\/smago.de\/ws2\/wp-json\/wp\/v2\/media\/181888"}],"wp:attachment":[{"href":"https:\/\/smago.de\/ws2\/wp-json\/wp\/v2\/media?parent=181887"}],"wp:term":[{"taxonomy":"category","embeddable":true,"href":"https:\/\/smago.de\/ws2\/wp-json\/wp\/v2\/categories?post=181887"},{"taxonomy":"post_tag","embeddable":true,"href":"https:\/\/smago.de\/ws2\/wp-json\/wp\/v2\/tags?post=181887"}],"curies":[{"name":"wp","href":"https:\/\/api.w.org\/{rel}","templated":true}]}}