{"id":181644,"date":"2022-04-07T14:27:15","date_gmt":"2022-04-07T12:27:15","guid":{"rendered":"https:\/\/smago.de\/ws2\/?p=181644"},"modified":"2022-04-07T14:47:21","modified_gmt":"2022-04-07T12:47:21","slug":"sesamstrasse-50-jahre-deutsche-sesamstrasse","status":"publish","type":"post","link":"https:\/\/smago.de\/ws2\/kinderprogramm\/sesamstrasse-50-jahre-deutsche-sesamstrasse\/","title":{"rendered":"&#8222;SESAMSTRA\u00dfE&#8220; <br>50 Jahre deutsche Sesamstra\u00dfe:"},"content":{"rendered":"<p>Gro\u00dfer Puppendreh mit Caren Miosga zum Jubil\u00e4um!<br \/>\n<!--more--><\/p>\n<p>&nbsp;<\/p>\n<p>&nbsp;<\/p>\n<p style=\"text-align: justify;\">Der Countdown zum Jubil\u00e4um l\u00e4uft. Im Januar 2023 feiert die deutsche Sesamstra\u00dfe ihr 50-j\u00e4hriges Bestehen. Schon jetzt hat der NDR eine Jubil\u00e4umsausgabe der Sesamstra\u00dfe mit besonders vielen Puppen und prominenten G\u00e4sten sowie neue Clips gedreht.<\/p>\n<p style=\"text-align: justify;\">Gemeinsam mit Elmo, Wolle, Pferd und dem Kr\u00fcmelmonster steht derzeit tagesthemen Moderatorin Caren Miosga f\u00fcr die Sesamstra\u00dfe vor der Kamera. Sie moderiert eine Sonderausgabe der tagesthemen, in der \u00fcber die Vorbereitungen der gro\u00dfen Jubil\u00e4umsfeier berichtet wird. In mehreren Live-Schalten zu Elmo, Wolle, Pferd &amp; Co. bekommen die Zuschauer*innen exklusive Einblicke in verschiedene Winkel und Ecken der Sesamstra\u00dfe. Zu erleben\u00a0ist auch Kr\u00fcmel\u00a0mit\u00a0seinem\u00a0ersten tagesthemen Kommentar. Leider l\u00e4uft kaum etwas nach Plan. Als die \u201e0\u201c von der \u201e50\u201c verschwindet, steht pl\u00f6tzlich die ganze Jubil\u00e4umsfeier in Frage. Und bis zum Schluss ist nicht klar, ob es Caren Miosga gelingt, ihre Sendung in gewohnter Weise zu moderieren.<\/p>\n<p style=\"text-align: justify;\">\u201eIch bin gespannt, ob mir wegen der verschwundenen Zahl\u00a0am Ende jemand eine \u201a8\u2018 verkaufen will und mit wie vielen Keksen mich Kr\u00fcmel besticht, damit ich ihm beibringe, einen richtigen Kommentar zu sprechen\u201c, so Caren Miosga.<\/p>\n<p style=\"text-align: justify;\">Zum 40. Jubil\u00e4um war die tagesthemen Moderatorin schon einmal zu Gast in der Sesamstra\u00dfe: \u201eDas war ganz wunderbar. Ich habe Hochachtung vor diesen gro\u00dfartigen Schauspielern und freu\u2018 mich ein Loch in den Bauch, wieder dabei sein zu d\u00fcrfen\u201c, so Miosga, die mit der Sesamstra\u00dfe auch Erinnerungen an ihre Kindheit verbindet. \u201eIch habe die Sesamstra\u00dfe geliebt und jeden Abend um halb sieben auf meine gestreiften Popstars Ernie und Bert gewartet &#8211; vorm Fernseher im ebenfalls gestreiften Schlafanzug. Was f\u00fcr ein anarchisches Fernsehgl\u00fcck!\u201c<\/p>\n<p style=\"text-align: justify;\">Die Dreharbeiten f\u00fcr die Jubil\u00e4umsfolgen der Sesamstra\u00dfe laufen noch bis Freitag, 8. April, bei Studio Hamburg. Seit Mitte M\u00e4rz dreht der NDR Clips f\u00fcr die neue Staffel der Sesamstra\u00dfe. Wieder dabei ist Elmos Freundin Julia Stinshoff. Zu Gast ist auch die Weitspringerin Maryse Luzolo. Sie zeigt Elmo und Abby wie man richtig weit springen kann \u2013 zum Beispiel \u00fcber eine Pf\u00fctze. Supergrobi erkl\u00e4rt, worauf es beim Abstand halten und Maske tragen ankommt. Wie immer voller guter Absichten kommt der Superheld dabei mit allem durcheinander. Und schlie\u00dflich singt Elmo das Lied \u201eNur durchs Lesen\u201c, um beim Wolf die Lust auf B\u00fccher zu wecken.<\/p>\n<p style=\"text-align: justify;\">Die neue Staffel der Sesamstra\u00dfe mit diesen und weiteren Videos startet im Oktober 2022. Das Jubil\u00e4um 50 Jahre deutsche Sesamstra\u00dfe ist am 8. Januar 2023 und wird an diesem Tag und \u00fcber das ganze Jahr hinweg gefeiert.<\/p>\n<p style=\"text-align: justify;\">Das Angebot der Sesamstra\u00dfe ist auf sesamstrasse.de, in der ARD Mediathek und in der Sesamstra\u00dfen-App jederzeit verf\u00fcgbar. Die Sesamstra\u00dfe ist Wochentags um 7.45 Uhr im KiKA zu sehen. Im NDR Fernsehen l\u00e4uft sie dienstags bis freitags um 6 Uhr.<\/p>\n<p style=\"text-align: justify;\">Die Sesamstra\u00dfe wird vom NDR in Hamburg produziert und ist als \u00f6ffentlich-rechtliches Angebot werbefrei und kostenlos.<\/p>\n<p>&nbsp;<\/p>\n<p>&nbsp;<\/p>\n<p><img decoding=\"async\" loading=\"lazy\" class=\"size-large wp-image-181646\" src=\"https:\/\/smago.de\/ws2\/wp-content\/uploads\/2022\/04\/1_50_Jahre_Sesamstrasse_Logo-800x448.jpg\" alt=\"\" width=\"800\" height=\"448\" srcset=\"https:\/\/smago.de\/ws2\/wp-content\/uploads\/2022\/04\/1_50_Jahre_Sesamstrasse_Logo-800x448.jpg 800w, https:\/\/smago.de\/ws2\/wp-content\/uploads\/2022\/04\/1_50_Jahre_Sesamstrasse_Logo-522x292.jpg 522w, https:\/\/smago.de\/ws2\/wp-content\/uploads\/2022\/04\/1_50_Jahre_Sesamstrasse_Logo-268x150.jpg 268w, https:\/\/smago.de\/ws2\/wp-content\/uploads\/2022\/04\/1_50_Jahre_Sesamstrasse_Logo-768x430.jpg 768w, https:\/\/smago.de\/ws2\/wp-content\/uploads\/2022\/04\/1_50_Jahre_Sesamstrasse_Logo-1536x860.jpg 1536w, https:\/\/smago.de\/ws2\/wp-content\/uploads\/2022\/04\/1_50_Jahre_Sesamstrasse_Logo-2048x1147.jpg 2048w, https:\/\/smago.de\/ws2\/wp-content\/uploads\/2022\/04\/1_50_Jahre_Sesamstrasse_Logo-392x220.jpg 392w, https:\/\/smago.de\/ws2\/wp-content\/uploads\/2022\/04\/1_50_Jahre_Sesamstrasse_Logo-130x73.jpg 130w, https:\/\/smago.de\/ws2\/wp-content\/uploads\/2022\/04\/1_50_Jahre_Sesamstrasse_Logo-794x445.jpg 794w, https:\/\/smago.de\/ws2\/wp-content\/uploads\/2022\/04\/1_50_Jahre_Sesamstrasse_Logo-870x487.jpg 870w, https:\/\/smago.de\/ws2\/wp-content\/uploads\/2022\/04\/1_50_Jahre_Sesamstrasse_Logo-292x164.jpg 292w, https:\/\/smago.de\/ws2\/wp-content\/uploads\/2022\/04\/1_50_Jahre_Sesamstrasse_Logo-435x244.jpg 435w\" sizes=\"(max-width: 800px) 100vw, 800px\" \/><\/p>\n<div class=\"mceTemp\">\n<p>&nbsp;<\/p>\n<p><img decoding=\"async\" loading=\"lazy\" class=\"size-large wp-image-181645\" src=\"https:\/\/smago.de\/ws2\/wp-content\/uploads\/2022\/04\/1_50_Jahre_Sesamstrasse_Caren_Miosga-800x448.jpg\" alt=\"\" width=\"800\" height=\"448\" srcset=\"https:\/\/smago.de\/ws2\/wp-content\/uploads\/2022\/04\/1_50_Jahre_Sesamstrasse_Caren_Miosga-800x448.jpg 800w, https:\/\/smago.de\/ws2\/wp-content\/uploads\/2022\/04\/1_50_Jahre_Sesamstrasse_Caren_Miosga-522x292.jpg 522w, https:\/\/smago.de\/ws2\/wp-content\/uploads\/2022\/04\/1_50_Jahre_Sesamstrasse_Caren_Miosga-268x150.jpg 268w, https:\/\/smago.de\/ws2\/wp-content\/uploads\/2022\/04\/1_50_Jahre_Sesamstrasse_Caren_Miosga-768x430.jpg 768w, https:\/\/smago.de\/ws2\/wp-content\/uploads\/2022\/04\/1_50_Jahre_Sesamstrasse_Caren_Miosga-1536x860.jpg 1536w, https:\/\/smago.de\/ws2\/wp-content\/uploads\/2022\/04\/1_50_Jahre_Sesamstrasse_Caren_Miosga-2048x1147.jpg 2048w, https:\/\/smago.de\/ws2\/wp-content\/uploads\/2022\/04\/1_50_Jahre_Sesamstrasse_Caren_Miosga-392x220.jpg 392w, https:\/\/smago.de\/ws2\/wp-content\/uploads\/2022\/04\/1_50_Jahre_Sesamstrasse_Caren_Miosga-130x73.jpg 130w, https:\/\/smago.de\/ws2\/wp-content\/uploads\/2022\/04\/1_50_Jahre_Sesamstrasse_Caren_Miosga-794x445.jpg 794w, https:\/\/smago.de\/ws2\/wp-content\/uploads\/2022\/04\/1_50_Jahre_Sesamstrasse_Caren_Miosga-870x487.jpg 870w, https:\/\/smago.de\/ws2\/wp-content\/uploads\/2022\/04\/1_50_Jahre_Sesamstrasse_Caren_Miosga-292x164.jpg 292w, https:\/\/smago.de\/ws2\/wp-content\/uploads\/2022\/04\/1_50_Jahre_Sesamstrasse_Caren_Miosga-435x244.jpg 435w\" sizes=\"(max-width: 800px) 100vw, 800px\" \/><\/p>\n<p>&nbsp;<\/p>\n<p><em>Kr\u00fcmelmonster und Caren Miosga zusammen im Studio<\/em><\/p>\n<p><em>\u00a9 NDR \/ Hendrik L\u00fcders<\/em><\/p>\n","protected":false},"excerpt":{"rendered":"<p>Gro\u00dfer Puppendreh mit Caren Miosga zum Jubil\u00e4um!<\/p>\n","protected":false},"author":2,"featured_media":181645,"comment_status":"open","ping_status":"closed","sticky":false,"template":"","format":"standard","meta":{"_FSMCFIC_featured_image_caption":"","_FSMCFIC_featured_image_nocaption":"","_FSMCFIC_featured_image_hide":""},"categories":[20,128],"tags":[222],"acf":[],"_links":{"self":[{"href":"https:\/\/smago.de\/ws2\/wp-json\/wp\/v2\/posts\/181644"}],"collection":[{"href":"https:\/\/smago.de\/ws2\/wp-json\/wp\/v2\/posts"}],"about":[{"href":"https:\/\/smago.de\/ws2\/wp-json\/wp\/v2\/types\/post"}],"author":[{"embeddable":true,"href":"https:\/\/smago.de\/ws2\/wp-json\/wp\/v2\/users\/2"}],"replies":[{"embeddable":true,"href":"https:\/\/smago.de\/ws2\/wp-json\/wp\/v2\/comments?post=181644"}],"version-history":[{"count":2,"href":"https:\/\/smago.de\/ws2\/wp-json\/wp\/v2\/posts\/181644\/revisions"}],"predecessor-version":[{"id":181648,"href":"https:\/\/smago.de\/ws2\/wp-json\/wp\/v2\/posts\/181644\/revisions\/181648"}],"wp:featuredmedia":[{"embeddable":true,"href":"https:\/\/smago.de\/ws2\/wp-json\/wp\/v2\/media\/181645"}],"wp:attachment":[{"href":"https:\/\/smago.de\/ws2\/wp-json\/wp\/v2\/media?parent=181644"}],"wp:term":[{"taxonomy":"category","embeddable":true,"href":"https:\/\/smago.de\/ws2\/wp-json\/wp\/v2\/categories?post=181644"},{"taxonomy":"post_tag","embeddable":true,"href":"https:\/\/smago.de\/ws2\/wp-json\/wp\/v2\/tags?post=181644"}],"curies":[{"name":"wp","href":"https:\/\/api.w.org\/{rel}","templated":true}]}}