{"id":181626,"date":"2022-04-07T23:59:41","date_gmt":"2022-04-07T21:59:41","guid":{"rendered":"https:\/\/smago.de\/ws2\/?p=181626"},"modified":"2022-04-07T13:20:17","modified_gmt":"2022-04-07T11:20:17","slug":"anke-engelke-u-a-fr-08-04-2022-in-der-ndr-talk-show-zu-gast","status":"publish","type":"post","link":"https:\/\/smago.de\/ws2\/comedy\/anke-engelke-u-a-fr-08-04-2022-in-der-ndr-talk-show-zu-gast\/","title":{"rendered":"ANKE ENGELKE u.a. <br>Fr. (08.04.2022) in der &#8222;NDR Talk Show&#8220; zu Gast!"},"content":{"rendered":"<p style=\"text-align: justify;\">NDR fernsehen + hr fernsehen, 22:00 Uhr &#8211; 00:00 Uhr! Moderation: Barbara Sch\u00f6neberger und Hubertus Meyer-Burckhardt!<br \/>\n<!--more--><\/p>\n<p style=\"text-align: justify;\">\n<p style=\"text-align: justify;\">\n<p>&nbsp;<\/p>\n<h2 style=\"text-align: justify;\">Michael Bubl\u00e9, S\u00e4nger<\/h2>\n<div class=\"contentimage w50\" style=\"text-align: justify;\">\n<p>&nbsp;<\/p>\n<\/div>\n<p style=\"text-align: justify;\">Bei einem Auftritt als Hochzeits\u00e4nger wurde er entdeckt, heute f\u00fcllt er Arenen: Der kanadische Jazzs\u00e4nger Michael Bubl\u00e9 hat bereits elf Studioalben ver\u00f6ffentlicht und ist mehrfacher Grammy-Gewinner. 2016 machte der S\u00e4nger eine schwere Zeit durch, als bei seinem damals dreij\u00e4hrigen Sohn Noah Krebs diagnostiziert wurde. Bubl\u00e9 legte seine Karriere daraufhin auf Eis. 2018 kehrte der Musiker auf die B\u00fchne zur\u00fcck. Im M\u00e4rz erscheint das neue Album &#8222;Higher&#8220;. Wie er die emotionale Achterbahnfahrt der letzten Jahre \u00fcberstanden hat, das verr\u00e4t der bald vierfache Familienvater in der NDR Talk Show.<\/p>\n<h2><\/h2>\n<h2><\/h2>\n<h2><\/h2>\n<h2><\/h2>\n<h2 style=\"text-align: justify;\">Anke Engelke, Entertainerin<\/h2>\n<div class=\"contentimage w50\" style=\"text-align: justify;\">\n<p>&nbsp;<\/p>\n<\/div>\n<p style=\"text-align: justify;\">Mit ihrer Moderation der Quizshow &#8222;Wer stiehlt mir die Show?&#8220; legte sie einen Quotenrekord hin: Anke Engelke ist schon seit Jahrzehnten ein Zuschauermagnet im Showgesch\u00e4ft. Die Schauspielerin, Moderatorin und Synchronsprecherin wurde 1965 in Kanada geboren und wuchs dreisprachig in der N\u00e4he von K\u00f6ln auf, wo sie bereits als Elfj\u00e4hrige f\u00fcr den Rundfunk entdeckt wurde. Seitdem kann die 56-J\u00e4hrige, die eigentlich Lehrerin werden wollte, einen Erfolg nach dem n\u00e4chsten im Film- und Fernsehgesch\u00e4ft verbuchen. Zum dritten Mal ist sie jetzt ein Teil von &#8222;LOL: Last One Laughing&#8220;. In der von Bully Herbig moderierten Sendung ist es das Ziel von zehn Comedians, so lange wie m\u00f6glich nicht zu lachen. Bisher konnte Anke Engelke den Gewinn von 50.000 Euro f\u00fcr den guten Zweck noch nicht einheimsen, aber auch sie wei\u00df: &#8222;Aller guten Dinge sind drei!&#8220;<\/p>\n<h2><\/h2>\n<h2><\/h2>\n<h2><\/h2>\n<h2><\/h2>\n<h2 style=\"text-align: justify;\">Sebastian Koch, Schauspieler<\/h2>\n<div class=\"contentimage w50\" style=\"text-align: justify;\">\n<p>&nbsp;<\/p>\n<\/div>\n<p style=\"text-align: justify;\">Durch seine Rollen in &#8222;Das Leben der Anderen&#8220;, &#8222;Stauffenberg&#8220; und &#8222;Homeland&#8220; wurde er zu einem internationalen Star: der Schauspieler Sebastian Koch.\u00a0Eigentlich hatte der 59-J\u00e4hrige ganz andere Pl\u00e4ne f\u00fcr sein Leben: Er wollte Musiker werden. Theaterbesuche weckten in ihm dann allerdings die Neugier auf die Schauspielerei. Heute ist Koch einer der gefragtesten deutschen Charakterdarsteller und einer der ganz wenigen, die einen Oscar im Regal stehen haben.\u00a0Jetzt verk\u00f6rpert der Grimme-Preistr\u00e4ger in der <a title=\"Link: Neue Serie im Ersten: &quot;Euer Ehren&quot;\" href=\"https:\/\/www.daserste.de\/unterhaltung\/serie\/euer-ehren\/index.html\" target=\"_blank\" rel=\"noopener\">ARD-Thrillerserie &#8222;Euer Ehren&#8220;<\/a> einen angesehenen Richter, der aus Liebe zu seinem Sohn und aus Sorge um dessen Leben gegen seine moralischen Grunds\u00e4tze verst\u00f6\u00dft und mit Recht und Gesetz bricht.<\/p>\n<h2><\/h2>\n<h2><\/h2>\n<h2><\/h2>\n<h2><\/h2>\n<h2 style=\"text-align: justify;\">Mavie H\u00f6rbiger, Schauspielerin<\/h2>\n<div class=\"contentimage w50\" style=\"text-align: justify;\">\n<p>&nbsp;<\/p>\n<\/div>\n<p style=\"text-align: justify;\">Mavie H\u00f6rbiger wurde in eine legend\u00e4re Schauspiel-Familie hineingeboren: Ihr Gro\u00dfvater Paul H\u00f6rbiger, dessen Bruder Attila, dessen Frau Paula Wessely, deren Tochter Christiane H\u00f6rbiger, sie alle schauspielern und vererben das Talent weiter. Auch Mavie H\u00f6rbigers Vater versucht sich als Darsteller, wechselt aber nach ausbleibenden Erfolgen die Branche. Er schreibt Songtexte f\u00fcr Udo J\u00fcrgens (&#8222;Siebzehn Jahr, blondes Haar&#8220;) und er\u00f6ffnet angesagte Bars und Diskotheken in Wien und M\u00fcnchen. Bereits als F\u00fcnfj\u00e4hrige sitzt Mavie H\u00f6rbiger oft auf den Barhockern. Sp\u00e4ter besucht sie eine Schauspielschule, die sie aber abbricht. Mit der Karriere klappt es trotzdem: Bekannt wird die heute 42-J\u00e4hrige mit 20 Jahren in einem Film von Detlev Buck. Seit 2011 geh\u00f6rt sie zum Ensemble des Wiener Burgtheaters &#8211; ein Privileg, wie sie sagt. Letztes Jahr hat sie als erste Frau \u00fcberhaupt in der mehr als 100-j\u00e4hrigen Geschichte der Salzburger Festspiele den Teufel im &#8222;Jedermann&#8220; gespielt.<\/p>\n<h2><\/h2>\n<h2><\/h2>\n<h2><\/h2>\n<h2><\/h2>\n<h2 style=\"text-align: justify;\">Ralf D\u00fcmmel, Unternehmer<\/h2>\n<div class=\"contentimage w50\" style=\"text-align: justify;\">\n<p>&nbsp;<\/p>\n<\/div>\n<p style=\"text-align: justify;\">Der Unternehmer Ralf D\u00fcmmel hat die Karriere gemacht, von der viele tr\u00e4umen. Angefangen hat er als einfacher Angestellter, dann leitete er ein Familienunternehmen, das sich zu einem Produktionsimperium mit \u00fcber 4000 Produkten vom Gem\u00fcsesch\u00e4ler \u00fcber die Lichterkette bis zum Bauch-weg-Trainer mauserte. Es wurde zu einem der erfolgreichsten deutschen Handelsh\u00e4user mit 550 Mitarbeitenden. 2021 verkaufte er das Gesch\u00e4ft, doch es blieb &#8222;in der Familie&#8220;, denn sein TV-Kollege Georg Kofler, mit dem er als Investor in der Sendung &#8222;Die H\u00f6hle der L\u00f6wen&#8220; sitzt, stieg bei ihm ein. In der neuen Staffel des Erfolgsformats h\u00e4lt Ralf D\u00fcmmel wieder Ausschau nach innovativen Ideen.<\/p>\n<h2><\/h2>\n<h2><\/h2>\n<h2><\/h2>\n<h2><\/h2>\n<h2 style=\"text-align: justify;\">Natalie Amiri, Journalistin<\/h2>\n<div class=\"contentimage w50\" style=\"text-align: justify;\">\n<p>&nbsp;<\/p>\n<\/div>\n<p style=\"text-align: justify;\">ARD-Korrespondentin Natalie Amiri war in unz\u00e4hligen Krisengebieten, hat lange im Iran gelebt und gerade wieder Afghanistan besucht. Die Tochter einer Deutschen und eines Iraners studierte Diplom-Orientalistik und Islamwissenschaft und moderiert seit 2014 den <a title=\"Link: Link zur Homepage der Sendung.\" href=\"https:\/\/www.daserste.de\/information\/politik-weltgeschehen\/weltspiegel\/index.html\" target=\"_blank\" rel=\"noopener\">&#8222;ARD-Weltspiegel&#8220;<\/a>. Ab 2015 leitete Natalie Amiri das ARD-B\u00fcro in Teheran. Im Mai 2020 wurde sie vom Ausw\u00e4rtigen Amt gewarnt, aus Sicherheitsgr\u00fcnden nicht mehr in den Iran einzureisen und musste daher die Leitung abgeben. Nach der Macht\u00fcbernahme der Taliban hat Natalie Amiri Afghanistan bereist und jetzt ein Buch dar\u00fcber geschrieben: In &#8222;Afghanistan: Unbesiegter Verlierer&#8220; besch\u00e4ftigt sie sich mit den Fragen: Was bedeutet die R\u00fcckkehr der Taliban f\u00fcr die afghanische Bev\u00f6lkerung? Und welcher Zukunft sehen die Frauen des Landes entgegen?<\/p>\n<p>&nbsp;<\/p>\n<p>&nbsp;<\/p>\n<figure id=\"attachment_172717\" aria-describedby=\"caption-attachment-172717\" style=\"width: 800px\" class=\"wp-caption alignnone\"><img decoding=\"async\" loading=\"lazy\" class=\"size-large wp-image-172717\" src=\"https:\/\/smago.de\/ws2\/wp-content\/uploads\/2021\/10\/1_NDR_Talk_Show_2016-800x457.jpg\" alt=\"\" width=\"800\" height=\"457\" srcset=\"https:\/\/smago.de\/ws2\/wp-content\/uploads\/2021\/10\/1_NDR_Talk_Show_2016-800x457.jpg 800w, https:\/\/smago.de\/ws2\/wp-content\/uploads\/2021\/10\/1_NDR_Talk_Show_2016-522x298.jpg 522w, https:\/\/smago.de\/ws2\/wp-content\/uploads\/2021\/10\/1_NDR_Talk_Show_2016-263x150.jpg 263w, https:\/\/smago.de\/ws2\/wp-content\/uploads\/2021\/10\/1_NDR_Talk_Show_2016-768x439.jpg 768w, https:\/\/smago.de\/ws2\/wp-content\/uploads\/2021\/10\/1_NDR_Talk_Show_2016-1536x878.jpg 1536w, https:\/\/smago.de\/ws2\/wp-content\/uploads\/2021\/10\/1_NDR_Talk_Show_2016-2048x1170.jpg 2048w, https:\/\/smago.de\/ws2\/wp-content\/uploads\/2021\/10\/1_NDR_Talk_Show_2016-392x224.jpg 392w, https:\/\/smago.de\/ws2\/wp-content\/uploads\/2021\/10\/1_NDR_Talk_Show_2016-130x74.jpg 130w, https:\/\/smago.de\/ws2\/wp-content\/uploads\/2021\/10\/1_NDR_Talk_Show_2016-779x445.jpg 779w, https:\/\/smago.de\/ws2\/wp-content\/uploads\/2021\/10\/1_NDR_Talk_Show_2016-870x497.jpg 870w, https:\/\/smago.de\/ws2\/wp-content\/uploads\/2021\/10\/1_NDR_Talk_Show_2016-292x167.jpg 292w, https:\/\/smago.de\/ws2\/wp-content\/uploads\/2021\/10\/1_NDR_Talk_Show_2016-435x249.jpg 435w, https:\/\/smago.de\/ws2\/wp-content\/uploads\/2021\/10\/1_NDR_Talk_Show_2016-510x290.jpg 510w\" sizes=\"(max-width: 800px) 100vw, 800px\" \/><figcaption id=\"caption-attachment-172717\" class=\"wp-caption-text\"><\/em> <em>\u00a9 NDR \/ Uwe Ernst<\/em><\/figcaption><\/figure>\n","protected":false},"excerpt":{"rendered":"<p>NDR fernsehen + hr fernsehen, 22:00 Uhr &#8211; 00:00 Uhr! Moderation: Barbara Sch\u00f6neberger und Hubertus Meyer-Burckhardt!<\/p>\n","protected":false},"author":2,"featured_media":172717,"comment_status":"open","ping_status":"closed","sticky":false,"template":"","format":"standard","meta":{"_FSMCFIC_featured_image_caption":"","_FSMCFIC_featured_image_nocaption":"","_FSMCFIC_featured_image_hide":""},"categories":[3,128],"tags":[254],"acf":[],"_links":{"self":[{"href":"https:\/\/smago.de\/ws2\/wp-json\/wp\/v2\/posts\/181626"}],"collection":[{"href":"https:\/\/smago.de\/ws2\/wp-json\/wp\/v2\/posts"}],"about":[{"href":"https:\/\/smago.de\/ws2\/wp-json\/wp\/v2\/types\/post"}],"author":[{"embeddable":true,"href":"https:\/\/smago.de\/ws2\/wp-json\/wp\/v2\/users\/2"}],"replies":[{"embeddable":true,"href":"https:\/\/smago.de\/ws2\/wp-json\/wp\/v2\/comments?post=181626"}],"version-history":[{"count":3,"href":"https:\/\/smago.de\/ws2\/wp-json\/wp\/v2\/posts\/181626\/revisions"}],"predecessor-version":[{"id":181629,"href":"https:\/\/smago.de\/ws2\/wp-json\/wp\/v2\/posts\/181626\/revisions\/181629"}],"wp:featuredmedia":[{"embeddable":true,"href":"https:\/\/smago.de\/ws2\/wp-json\/wp\/v2\/media\/172717"}],"wp:attachment":[{"href":"https:\/\/smago.de\/ws2\/wp-json\/wp\/v2\/media?parent=181626"}],"wp:term":[{"taxonomy":"category","embeddable":true,"href":"https:\/\/smago.de\/ws2\/wp-json\/wp\/v2\/categories?post=181626"},{"taxonomy":"post_tag","embeddable":true,"href":"https:\/\/smago.de\/ws2\/wp-json\/wp\/v2\/tags?post=181626"}],"curies":[{"name":"wp","href":"https:\/\/api.w.org\/{rel}","templated":true}]}}