{"id":181526,"date":"2022-04-05T00:00:46","date_gmt":"2022-04-04T22:00:46","guid":{"rendered":"https:\/\/smago.de\/ws2\/?p=181526"},"modified":"2022-04-05T11:13:44","modified_gmt":"2022-04-05T09:13:44","slug":"matthias-carras-der-verdammte-krebs-ist-zurueck","status":"publish","type":"post","link":"https:\/\/smago.de\/ws2\/pop-schlager\/matthias-carras-der-verdammte-krebs-ist-zurueck\/","title":{"rendered":"MATTHIAS CARRAS <br>Der verdammte Krebs ist zur\u00fcck!"},"content":{"rendered":"<p style=\"text-align: justify;\">Doch Matthias verspricht seinen Fans: &#8222;Ich k\u00e4mpfe weiter!&#8220;!<br \/>\n<!--more--><\/p>\n<p>&nbsp;<\/p>\n<p style=\"text-align: justify;\">Am vergangenen Samstag (02.04.2022) wollte MATTHIAS CARRAS im Rahmen der von Andr\u00e9 Kusch ausgerichteten Veranstaltung &#8222;10 Jahre Best of Popschlager&#8220; in der Turbinenhalle Oberhausen sein gro\u00dfes B\u00fchnen-Comeback feiern. Doch leider wurde nichts daraus.<\/p>\n<p style=\"text-align: justify;\">Und so konnte Moderator Frank Neuenfels nur einen Brief des S\u00e4ngers verlesen, der einem schier das Wasser in die Augen treibt:<\/p>\n<p>&nbsp;<\/p>\n<p>&nbsp;<\/p>\n<p style=\"text-align: justify;\"><strong><em>&#8222;Hallo, ihr lieben Freunde des gepflegten Popschlagers,<\/em><\/strong><\/p>\n<p>&nbsp;<\/p>\n<p style=\"text-align: justify;\"><strong><em>ich habe mir so sehr gew\u00fcnscht, heute Abend mit euch richtig zu feiern. Leider l\u00e4sst es aber mein Gesundheitszustand nicht zu. <\/em><\/strong><\/p>\n<p style=\"text-align: justify;\"><strong><em>Vor einer Woche wurde bei mir erneut die Diagnose &#8218;Krebs&#8216; gestellt. Gestern und vorgestern hatte ich die ersten Chemos. Dadurch ist mein K\u00f6rper sehr geschw\u00e4cht, und ich bin leider nicht fit genug, um auf die B\u00fchne zu gehen. <\/em><\/strong><\/p>\n<p style=\"text-align: justify;\"><strong><em>Ich w\u00fcnsche euch viel Spa\u00df mit den vielen netten Kollegen und einen unvergesslichen Abend. <\/em><\/strong><\/p>\n<p style=\"text-align: justify;\"><strong><em>Hut ab vor Andr\u00e9 Kusch und seinem Team, die mal wieder eine glamour\u00f6se Show auf die Beine gestellt haben. <\/em><\/strong><\/p>\n<p style=\"text-align: justify;\"><strong><em>Eines verspreche ich euch: Ich k\u00e4mpfe weiter, um auch in Zukunft noch tolle Musik f\u00fcr euch zu machen, <\/em><\/strong><\/p>\n<p style=\"text-align: justify;\"><strong><em>Euer Matthias.&#8220;<\/em><\/strong><\/p>\n<p>&nbsp;<\/p>\n<p style=\"text-align: justify;\"><em>smago!<\/em> w\u00fcnscht Matthias Carras einmal mehr gute und rasche Besserung !!!<\/p>\n<p style=\"text-align: justify;\">Lieber &#8222;Matze&#8220;, du wirst es auch diesmal schaffen !!!<\/p>\n<p>&nbsp;<\/p>\n<p>&nbsp;<\/p>\n<div class=\"mceTemp\"><\/div>\n<figure id=\"attachment_170926\" aria-describedby=\"caption-attachment-170926\" style=\"width: 800px\" class=\"wp-caption alignnone\"><img decoding=\"async\" loading=\"lazy\" class=\"size-large wp-image-170926\" src=\"https:\/\/smago.de\/ws2\/wp-content\/uploads\/2021\/09\/Carras1-800x533.jpg\" alt=\"\" width=\"800\" height=\"533\" srcset=\"https:\/\/smago.de\/ws2\/wp-content\/uploads\/2021\/09\/Carras1-800x533.jpg 800w, https:\/\/smago.de\/ws2\/wp-content\/uploads\/2021\/09\/Carras1-522x348.jpg 522w, https:\/\/smago.de\/ws2\/wp-content\/uploads\/2021\/09\/Carras1-225x150.jpg 225w, https:\/\/smago.de\/ws2\/wp-content\/uploads\/2021\/09\/Carras1-768x512.jpg 768w, https:\/\/smago.de\/ws2\/wp-content\/uploads\/2021\/09\/Carras1-1536x1024.jpg 1536w, https:\/\/smago.de\/ws2\/wp-content\/uploads\/2021\/09\/Carras1-2048x1365.jpg 2048w, https:\/\/smago.de\/ws2\/wp-content\/uploads\/2021\/09\/Carras1-392x261.jpg 392w, https:\/\/smago.de\/ws2\/wp-content\/uploads\/2021\/09\/Carras1-130x87.jpg 130w, https:\/\/smago.de\/ws2\/wp-content\/uploads\/2021\/09\/Carras1-668x445.jpg 668w, https:\/\/smago.de\/ws2\/wp-content\/uploads\/2021\/09\/Carras1-783x522.jpg 783w, https:\/\/smago.de\/ws2\/wp-content\/uploads\/2021\/09\/Carras1-285x190.jpg 285w, https:\/\/smago.de\/ws2\/wp-content\/uploads\/2021\/09\/Carras1-435x290.jpg 435w, https:\/\/smago.de\/ws2\/wp-content\/uploads\/2021\/09\/Carras1-150x100.jpg 150w, https:\/\/smago.de\/ws2\/wp-content\/uploads\/2021\/09\/Carras1-370x247.jpg 370w\" sizes=\"(max-width: 800px) 100vw, 800px\" \/><figcaption id=\"caption-attachment-170926\" class=\"wp-caption-text\"><em>Foto-Credit: J\u00f6rg Backhaus<\/em><\/figcaption><\/figure>\n","protected":false},"excerpt":{"rendered":"<p>Doch Matthias verspricht seinen Fans: &#8222;Ich k\u00e4mpfe weiter!&#8220;!<\/p>\n","protected":false},"author":2,"featured_media":170926,"comment_status":"open","ping_status":"closed","sticky":false,"template":"","format":"standard","meta":{"_FSMCFIC_featured_image_caption":"","_FSMCFIC_featured_image_nocaption":"","_FSMCFIC_featured_image_hide":""},"categories":[28],"tags":[378],"acf":[],"_links":{"self":[{"href":"https:\/\/smago.de\/ws2\/wp-json\/wp\/v2\/posts\/181526"}],"collection":[{"href":"https:\/\/smago.de\/ws2\/wp-json\/wp\/v2\/posts"}],"about":[{"href":"https:\/\/smago.de\/ws2\/wp-json\/wp\/v2\/types\/post"}],"author":[{"embeddable":true,"href":"https:\/\/smago.de\/ws2\/wp-json\/wp\/v2\/users\/2"}],"replies":[{"embeddable":true,"href":"https:\/\/smago.de\/ws2\/wp-json\/wp\/v2\/comments?post=181526"}],"version-history":[{"count":5,"href":"https:\/\/smago.de\/ws2\/wp-json\/wp\/v2\/posts\/181526\/revisions"}],"predecessor-version":[{"id":181548,"href":"https:\/\/smago.de\/ws2\/wp-json\/wp\/v2\/posts\/181526\/revisions\/181548"}],"wp:featuredmedia":[{"embeddable":true,"href":"https:\/\/smago.de\/ws2\/wp-json\/wp\/v2\/media\/170926"}],"wp:attachment":[{"href":"https:\/\/smago.de\/ws2\/wp-json\/wp\/v2\/media?parent=181526"}],"wp:term":[{"taxonomy":"category","embeddable":true,"href":"https:\/\/smago.de\/ws2\/wp-json\/wp\/v2\/categories?post=181526"},{"taxonomy":"post_tag","embeddable":true,"href":"https:\/\/smago.de\/ws2\/wp-json\/wp\/v2\/tags?post=181526"}],"curies":[{"name":"wp","href":"https:\/\/api.w.org\/{rel}","templated":true}]}}