{"id":181219,"date":"2022-03-29T15:00:46","date_gmt":"2022-03-29T13:00:46","guid":{"rendered":"https:\/\/smago.de\/ws2\/?p=181219"},"modified":"2022-03-29T15:17:59","modified_gmt":"2022-03-29T13:17:59","slug":"mike-leon-grosch-annotwenty1-sr-management-nimmt-mike-leon-grosch-unter-vertrag","status":"publish","type":"post","link":"https:\/\/smago.de\/ws2\/pop-schlager\/mike-leon-grosch-annotwenty1-sr-management-nimmt-mike-leon-grosch-unter-vertrag\/","title":{"rendered":"MIKE LEON GROSCH <br>annotwenty1 nimmt Mike Leon Grosch unter Vertrag!"},"content":{"rendered":"<p style=\"text-align: justify;\">Die 2021 von SR Management unter Sascha Rinne gegr\u00fcndete Division, geleitet von Marcel Pieofke, \u00fcbernimmt das Management und Exklusiv-Booking des S\u00e4ngers!<br \/>\n<!--more--><\/p>\n<p>&nbsp;<\/p>\n<p>&nbsp;<\/p>\n<p style=\"text-align: justify;\">Die K\u00f6lner Agentur annotwenty1 betreut k\u00fcnftig MIKE LEON GROSCH. Die 2021 von SR Management unter Sascha Rinne gegr\u00fcndete Division, geleitet von Marcel Pieofke, \u00fcbernimmt das Management und Exklusiv-Booking des S\u00e4ngers.<\/p>\n<p style=\"text-align: justify;\">\u201eWir sehen in Mike Leon Grosch einen unvergleichlich talentierten Musiker\u201c, so Marcel Pieofke: \u201eMit seiner Reibeisenstimme, das Gef\u00fchl immer vollkommen auf dem Punkt und seiner unfassbaren Ausstrahlung ist er genau am Puls der Zeit. Wir sind stolz, ihn k\u00fcnftig mit an Bord zu haben\u201c.<\/p>\n<p style=\"text-align: justify;\">Auch der K\u00fcnstler selbst sieht der Zusammenarbeit erwartungsvoll entgegen. \u201eIch freue mich total, mit Sascha und Marcel so engagierte und erfahrene Partner an meiner Seite zu haben.\u201c, erkl\u00e4rt Mike Leon Grosch: \u201eIch bin sicher, uns steht eine erfolgreiche und spannende Zeit bevor. Gerade in der aktuellen Situation sind mir Zusammenhalt und ein ambitioniertes, vertrauensvolles Arbeiten besonders wichtig. Genau das habe ich in unserer neuen Konstellation gefunden und ich kann es kaum erwarten, dieses weitere Kapitel meiner Karriere zu starten\u201c.<\/p>\n<p style=\"text-align: justify;\">Der 2006 als Finalist in der dritten Staffel von \u201eDeutschland sucht den Superstar\u201c bekannt gewordene S\u00e4nger und Radiomoderator etablierte sich in den vergangenen Jahren erfolgreich im Popschlager mit Songs wie \u201eTausend Melodien\u201c, \u201eWenn wir uns wiedersehen\u201c und \u201eNicht mal eine Stunde\u201c.<\/p>\n<p style=\"text-align: justify;\">Diesen Weg wollen die beiden Seiten nun gemeinsam weiter ausbauen und ihre Kompetenzen verbinden. So arbeitet der K\u00fcnstler mit seinem neuen Team bereits auf Hochtouren an neuer Musik. Die n\u00e4chsten Singles werden demnach im von Universal Music vertriebenen Musiklabel VIA Music, ebenfalls unter der Leitung von Marcel Pieofke, ver\u00f6ffentlicht.<\/p>\n<p style=\"text-align: justify;\">Die Agentur SR Management vermarktet bereits K\u00fcnstler wie Giovanni Zarrella oder Pietro Lombardi, im Label VIA Music stehen S\u00e4nger wie Buddy, Daniel Sommer, Saskia Leppin oder Annemarie Eilfeld unter Vertrag. Auftakt der Zusammenarbeit wird ein gro\u00dfes Solokonzert von Mike Leon Grosch am 06. Mai 2022 im Resonanzwerk Oberhausen, das treffenderweise unter dem Titel \u201eNeuanfang\u201c steht.<\/p>\n<p>&nbsp;<\/p>\n<p>&nbsp;<\/p>\n<p><img decoding=\"async\" loading=\"lazy\" class=\"alignnone size-large wp-image-181220\" src=\"https:\/\/smago.de\/ws2\/wp-content\/uploads\/2022\/03\/Pressebild-800x600.jpg\" alt=\"\" width=\"800\" height=\"600\" srcset=\"https:\/\/smago.de\/ws2\/wp-content\/uploads\/2022\/03\/Pressebild-800x600.jpg 800w, https:\/\/smago.de\/ws2\/wp-content\/uploads\/2022\/03\/Pressebild-522x392.jpg 522w, https:\/\/smago.de\/ws2\/wp-content\/uploads\/2022\/03\/Pressebild-200x150.jpg 200w, https:\/\/smago.de\/ws2\/wp-content\/uploads\/2022\/03\/Pressebild-768x576.jpg 768w, https:\/\/smago.de\/ws2\/wp-content\/uploads\/2022\/03\/Pressebild-1536x1152.jpg 1536w, https:\/\/smago.de\/ws2\/wp-content\/uploads\/2022\/03\/Pressebild-2048x1536.jpg 2048w, https:\/\/smago.de\/ws2\/wp-content\/uploads\/2022\/03\/Pressebild-363x272.jpg 363w, https:\/\/smago.de\/ws2\/wp-content\/uploads\/2022\/03\/Pressebild-130x98.jpg 130w, https:\/\/smago.de\/ws2\/wp-content\/uploads\/2022\/03\/Pressebild-593x445.jpg 593w, https:\/\/smago.de\/ws2\/wp-content\/uploads\/2022\/03\/Pressebild-696x522.jpg 696w, https:\/\/smago.de\/ws2\/wp-content\/uploads\/2022\/03\/Pressebild-253x190.jpg 253w, https:\/\/smago.de\/ws2\/wp-content\/uploads\/2022\/03\/Pressebild-387x290.jpg 387w\" sizes=\"(max-width: 800px) 100vw, 800px\" \/><\/p>\n","protected":false},"excerpt":{"rendered":"<p>Die 2021 von SR Management unter Sascha Rinne gegr\u00fcndete Division, geleitet von Marcel Pieofke, \u00fcbernimmt das Management und Exklusiv-Booking des<\/p>\n","protected":false},"author":2,"featured_media":181220,"comment_status":"open","ping_status":"closed","sticky":false,"template":"","format":"standard","meta":{"_FSMCFIC_featured_image_caption":"","_FSMCFIC_featured_image_nocaption":"","_FSMCFIC_featured_image_hide":""},"categories":[28,39],"tags":[401],"acf":[],"_links":{"self":[{"href":"https:\/\/smago.de\/ws2\/wp-json\/wp\/v2\/posts\/181219"}],"collection":[{"href":"https:\/\/smago.de\/ws2\/wp-json\/wp\/v2\/posts"}],"about":[{"href":"https:\/\/smago.de\/ws2\/wp-json\/wp\/v2\/types\/post"}],"author":[{"embeddable":true,"href":"https:\/\/smago.de\/ws2\/wp-json\/wp\/v2\/users\/2"}],"replies":[{"embeddable":true,"href":"https:\/\/smago.de\/ws2\/wp-json\/wp\/v2\/comments?post=181219"}],"version-history":[{"count":3,"href":"https:\/\/smago.de\/ws2\/wp-json\/wp\/v2\/posts\/181219\/revisions"}],"predecessor-version":[{"id":181223,"href":"https:\/\/smago.de\/ws2\/wp-json\/wp\/v2\/posts\/181219\/revisions\/181223"}],"wp:featuredmedia":[{"embeddable":true,"href":"https:\/\/smago.de\/ws2\/wp-json\/wp\/v2\/media\/181220"}],"wp:attachment":[{"href":"https:\/\/smago.de\/ws2\/wp-json\/wp\/v2\/media?parent=181219"}],"wp:term":[{"taxonomy":"category","embeddable":true,"href":"https:\/\/smago.de\/ws2\/wp-json\/wp\/v2\/categories?post=181219"},{"taxonomy":"post_tag","embeddable":true,"href":"https:\/\/smago.de\/ws2\/wp-json\/wp\/v2\/tags?post=181219"}],"curies":[{"name":"wp","href":"https:\/\/api.w.org\/{rel}","templated":true}]}}