{"id":181193,"date":"2022-03-29T23:59:16","date_gmt":"2022-03-29T21:59:16","guid":{"rendered":"https:\/\/smago.de\/ws2\/?p=181193"},"modified":"2022-03-29T08:42:58","modified_gmt":"2022-03-29T06:42:58","slug":"die-sendung-mit-der-maus-tueren-auf-mit-der-maus","status":"publish","type":"post","link":"https:\/\/smago.de\/ws2\/kinderprogramm\/die-sendung-mit-der-maus-tueren-auf-mit-der-maus\/","title":{"rendered":"&#8222;DIE SENDUNG MIT DER MAUS&#8220; <br>&#8222;T\u00fcren auf mit der Maus&#8220;:"},"content":{"rendered":"<p class=\"headline small\">Aufruf f\u00fcr WDR-Aktionstag &#8222;T\u00fcren auf mit der Maus&#8220; am 3. Oktober 2022!<br \/>\n<!--more--><\/p>\n<p>&nbsp;<\/p>\n<p>&nbsp;<\/p>\n<p>&nbsp;<\/p>\n<p class=\"text small\" style=\"text-align: justify;\">In diesem Jahr hei\u00dft es wieder &#8222;T\u00fcren auf&#8220;! Die Maus ruft zum bundesweiten Aktionstag am 3. Oktober auf \u2013 diesmal unter dem Motto &#8222;Spannende Verbindungen&#8220;.<\/p>\n<p class=\"text small\" style=\"text-align: justify;\">Der 50. Geburtstag der Maus im vergangenen Jahr hat gezeigt, wie viele Menschen sich in Deutschland mit der Maus verbunden f\u00fchlen. Verbindungen sind wichtig f\u00fcr unser Zusammenleben und \u00fcberall zu entdecken: digitale und fest verschraubte, chemische, leckere, mit Br\u00fccken und Wegen, in unserem K\u00f6rper, beim Klima, beim Strom und auch wenn man etwas zusammen unternimmt. Das alles zeigt die Aktion &#8222;T\u00fcren auf mit der Maus&#8220; 2022!<\/p>\n<p class=\"text small\" style=\"text-align: justify;\">Das Maus-Team des WDR ruft alle, die f\u00fcr &#8222;spannende Verbindungen&#8220; sorgen, dazu auf, am 3. Oktober T\u00fcren f\u00fcr Kinder zu \u00f6ffnen, die ihnen normalerweise verschlossen sind. Gesucht werden Betriebe, Labore, Werkst\u00e4tten, Fabriken, Museen oder andere Institutionen, die mit Verbindungen arbeiten, sie herstellen oder daran forschen. Die Maus fragt auch in diesem Jahr wieder Kinder nach ihren Ideen: Welche T\u00fcren sollen sich f\u00fcr sie am 3. Oktober \u00f6ffnen? Alle Infos und die Anmeldem\u00f6glichkeit zum Aktionstag sind ab sofort unter\u00a0die-maus.de\u00a0zu finden.<\/p>\n<p class=\"text small\" style=\"text-align: justify;\">Zum elften Mal erm\u00f6glichen die Veranstalter:innen beim bundesweiten &#8222;T\u00fcren auf mit der Maus&#8220;-Tag den Blick hinter die Kulissen ihrer Arbeitswelt. Zum 3. Oktober wird die Maus im Fernsehen, Online und im Radio spannende und originelle Projekte vorstellen, bei denen es viel zu lernen, zu staunen und nat\u00fcrlich auch zu lachen gibt.<\/p>\n<div class=\"clearMe\" style=\"text-align: justify;\"><\/div>\n<div><\/div>\n<div><\/div>\n<div>\n<figure id=\"attachment_181194\" aria-describedby=\"caption-attachment-181194\" style=\"width: 800px\" class=\"wp-caption alignnone\"><img decoding=\"async\" loading=\"lazy\" class=\"size-large wp-image-181194\" src=\"https:\/\/smago.de\/ws2\/wp-content\/uploads\/2022\/03\/10_Maus_Tueren_auf_2021-800x528.jpg\" alt=\"\" width=\"800\" height=\"528\" srcset=\"https:\/\/smago.de\/ws2\/wp-content\/uploads\/2022\/03\/10_Maus_Tueren_auf_2021-800x528.jpg 800w, https:\/\/smago.de\/ws2\/wp-content\/uploads\/2022\/03\/10_Maus_Tueren_auf_2021-522x345.jpg 522w, https:\/\/smago.de\/ws2\/wp-content\/uploads\/2022\/03\/10_Maus_Tueren_auf_2021-227x150.jpg 227w, https:\/\/smago.de\/ws2\/wp-content\/uploads\/2022\/03\/10_Maus_Tueren_auf_2021-768x507.jpg 768w, https:\/\/smago.de\/ws2\/wp-content\/uploads\/2022\/03\/10_Maus_Tueren_auf_2021-1536x1014.jpg 1536w, https:\/\/smago.de\/ws2\/wp-content\/uploads\/2022\/03\/10_Maus_Tueren_auf_2021-2048x1352.jpg 2048w, https:\/\/smago.de\/ws2\/wp-content\/uploads\/2022\/03\/10_Maus_Tueren_auf_2021-392x259.jpg 392w, https:\/\/smago.de\/ws2\/wp-content\/uploads\/2022\/03\/10_Maus_Tueren_auf_2021-130x86.jpg 130w, https:\/\/smago.de\/ws2\/wp-content\/uploads\/2022\/03\/10_Maus_Tueren_auf_2021-674x445.jpg 674w, https:\/\/smago.de\/ws2\/wp-content\/uploads\/2022\/03\/10_Maus_Tueren_auf_2021-791x522.jpg 791w, https:\/\/smago.de\/ws2\/wp-content\/uploads\/2022\/03\/10_Maus_Tueren_auf_2021-288x190.jpg 288w, https:\/\/smago.de\/ws2\/wp-content\/uploads\/2022\/03\/10_Maus_Tueren_auf_2021-435x287.jpg 435w, https:\/\/smago.de\/ws2\/wp-content\/uploads\/2022\/03\/10_Maus_Tueren_auf_2021-150x100.jpg 150w\" sizes=\"(max-width: 800px) 100vw, 800px\" \/><figcaption id=\"caption-attachment-181194\" class=\"wp-caption-text\"><em>Foto-Credit: WDR &#8211; Kika \/ Christin Gertler<\/em><\/figcaption><\/figure>\n<\/div>\n","protected":false},"excerpt":{"rendered":"<p>Aufruf f\u00fcr WDR-Aktionstag &#8222;T\u00fcren auf mit der Maus&#8220; am 3. Oktober 2022!<\/p>\n","protected":false},"author":2,"featured_media":181194,"comment_status":"open","ping_status":"closed","sticky":false,"template":"","format":"standard","meta":{"_FSMCFIC_featured_image_caption":"","_FSMCFIC_featured_image_nocaption":"","_FSMCFIC_featured_image_hide":""},"categories":[20,128],"tags":[598],"acf":[],"_links":{"self":[{"href":"https:\/\/smago.de\/ws2\/wp-json\/wp\/v2\/posts\/181193"}],"collection":[{"href":"https:\/\/smago.de\/ws2\/wp-json\/wp\/v2\/posts"}],"about":[{"href":"https:\/\/smago.de\/ws2\/wp-json\/wp\/v2\/types\/post"}],"author":[{"embeddable":true,"href":"https:\/\/smago.de\/ws2\/wp-json\/wp\/v2\/users\/2"}],"replies":[{"embeddable":true,"href":"https:\/\/smago.de\/ws2\/wp-json\/wp\/v2\/comments?post=181193"}],"version-history":[{"count":2,"href":"https:\/\/smago.de\/ws2\/wp-json\/wp\/v2\/posts\/181193\/revisions"}],"predecessor-version":[{"id":181196,"href":"https:\/\/smago.de\/ws2\/wp-json\/wp\/v2\/posts\/181193\/revisions\/181196"}],"wp:featuredmedia":[{"embeddable":true,"href":"https:\/\/smago.de\/ws2\/wp-json\/wp\/v2\/media\/181194"}],"wp:attachment":[{"href":"https:\/\/smago.de\/ws2\/wp-json\/wp\/v2\/media?parent=181193"}],"wp:term":[{"taxonomy":"category","embeddable":true,"href":"https:\/\/smago.de\/ws2\/wp-json\/wp\/v2\/categories?post=181193"},{"taxonomy":"post_tag","embeddable":true,"href":"https:\/\/smago.de\/ws2\/wp-json\/wp\/v2\/tags?post=181193"}],"curies":[{"name":"wp","href":"https:\/\/api.w.org\/{rel}","templated":true}]}}