{"id":181138,"date":"2022-03-28T00:00:32","date_gmt":"2022-03-27T22:00:32","guid":{"rendered":"https:\/\/smago.de\/ws2\/?p=181138"},"modified":"2022-03-27T23:17:08","modified_gmt":"2022-03-27T21:17:08","slug":"steffen-sturm-mit-im-schatten-der-nacht-praesentiert-er-seine-erste-solo-single","status":"publish","type":"post","link":"https:\/\/smago.de\/ws2\/pop-schlager\/steffen-sturm-mit-im-schatten-der-nacht-praesentiert-er-seine-erste-solo-single\/","title":{"rendered":"STEFFEN STURM <bR>Mit \u201eIm Schatten der Nacht\u201c pr\u00e4sentiert er seine erste Solo-Single!"},"content":{"rendered":"<p>Seinen Solo-Deb\u00fctsong stellt STEFFEN am 1. April erstmals live vor!<br \/>\n<!--more--><\/p>\n<p>&nbsp;<\/p>\n<p style=\"text-align: justify;\">\n<div class=\"yiv4014786145MsoNormal\" style=\"text-align: justify;\">Schon von Kindesbeinen an schlug das Herz von STEFFEN STURM f\u00fcr die Musik. Sein Vater war Schlagzeuger, und so stand f\u00fcr ihn fest, dass auch er dieses Instrument favorisieren w\u00fcrde. STEFFEN studierte das Instrument und machte seinen Traum wahr, indem er eine Musikschule er\u00f6ffnete. Die favorisierte Musikrichtung war eigentlich Rock und Heavy Metal. Auch als Musiker war STEFFEN seinerzeit erfolgreich, so gelang ihm schon im Jahr 2003 ein bemerkenswerter dritter Platz beim renommierten \u201eRock- und Pop-Preis\u201c.<\/div>\n<div class=\"yiv4014786145MsoNormal\" style=\"text-align: justify;\"><\/div>\n<div class=\"yiv4014786145MsoNormal\" style=\"text-align: justify;\">Allerdings hat auch die Mutter von STEFFEN Einfluss auf ihren Sohn genommen. Sie schenkte dem Filius zum sechsten Geburtstag eine MusiCassette von ROLAND KAISER \u2013 und damit spielte auch der deutsche Schlager eine Rolle f\u00fcr den Musiker, dem es wichtig ist, mit seiner Musik die Menschen zu erreichen. Und so begann er, gemeinsam mit der Kollegin CARMEN LEHMANN, Schlager zu produzieren. Im Duo \u201eLEHMANN &amp; STURM\u201c ver\u00f6ffentlichte man eine erfolgreiche Single namens \u201eAchterbahn\u201c \u2013 ein Grundstein f\u00fcr die Schlager-Karriere von STEFFEN STURM, der nun als Solist unterwegs ist.<\/div>\n<div class=\"yiv4014786145MsoNormal\" style=\"text-align: justify;\"><\/div>\n<div class=\"yiv4014786145MsoNormal\" style=\"text-align: justify;\">Nun hat der ambitionierte S\u00e4nger seine erste Solo-Single ver\u00f6ffentlicht. Seine Eigenkomposition \u201eIm Schatten der Nacht\u201c wurde noch vor Ver\u00f6ffentlichung bei SWR4 gespielt und wird gut auf YouTube angeklickt.<\/div>\n<div class=\"yiv4014786145MsoNormal\" style=\"text-align: justify;\"><\/div>\n<div class=\"yiv4014786145MsoNormal\" style=\"text-align: justify;\">Auch und gerade in schwierigen Zeiten haben Menschen das Bed\u00fcrfnis nach Ausgelassenheit, Fr\u00f6hlichkeit. Und so ist der Popschlager Balsam f\u00fcr die Seele, wenn STEFFEN sch\u00f6ne Gef\u00fchle wie die Sehnsucht, die in ihm brennt, beschreibt: \u201eKann nicht erwarten, dich zu sehen\u201c beschreibt er Gef\u00fchle, die wohl alle Verliebten schon mal erlebt haben \u2013 inklusive \u201eLust auf Z\u00e4rtlichkeit und Lust auf dich\u201c.<\/div>\n<div class=\"yiv4014786145MsoNormal\" style=\"text-align: justify;\"><\/div>\n<div class=\"yiv4014786145MsoNormal\" style=\"text-align: justify;\">Der modern produzierte Schlager hat das Potenzial, T\u00e4nzerinnen und T\u00e4nzer in den Clubs und Discotheken auf die Tanzfl\u00e4chen zu locken \u2013 das Gef\u00fchl aufgeregter Verliebtheit und das tanzbare Arrangement d\u00fcrften die Fans ansprechen.<\/div>\n<div class=\"yiv4014786145MsoNormal\" style=\"text-align: justify;\"><\/div>\n<div class=\"yiv4014786145MsoNormal\" style=\"text-align: justify;\">B\u00fchnenpremiere hat der Solo-Debutsong von STEFFEN STURM am 1. April. An dem Tag pr\u00e4sentiert er seinen Schlager live bei der Benefiz-Schlagernacht in Winnenden. Dort steht er mit K\u00fcnstlern wie dem DSDS-Gewinner PRINCE DAMIEN auf der B\u00fchne. Wer live nicht dabei sein kann, hat die Chance, sich die Sendung am 16. April auf RegioTV anzusehen.Am 1<\/div>\n","protected":false},"excerpt":{"rendered":"<p>Seinen Solo-Deb\u00fctsong stellt STEFFEN am 1. April erstmals live vor!<\/p>\n","protected":false},"author":2,"featured_media":181010,"comment_status":"open","ping_status":"closed","sticky":false,"template":"","format":"standard","meta":{"_FSMCFIC_featured_image_caption":"","_FSMCFIC_featured_image_nocaption":"","_FSMCFIC_featured_image_hide":""},"categories":[28],"tags":[2451],"acf":[],"_links":{"self":[{"href":"https:\/\/smago.de\/ws2\/wp-json\/wp\/v2\/posts\/181138"}],"collection":[{"href":"https:\/\/smago.de\/ws2\/wp-json\/wp\/v2\/posts"}],"about":[{"href":"https:\/\/smago.de\/ws2\/wp-json\/wp\/v2\/types\/post"}],"author":[{"embeddable":true,"href":"https:\/\/smago.de\/ws2\/wp-json\/wp\/v2\/users\/2"}],"replies":[{"embeddable":true,"href":"https:\/\/smago.de\/ws2\/wp-json\/wp\/v2\/comments?post=181138"}],"version-history":[{"count":1,"href":"https:\/\/smago.de\/ws2\/wp-json\/wp\/v2\/posts\/181138\/revisions"}],"predecessor-version":[{"id":181139,"href":"https:\/\/smago.de\/ws2\/wp-json\/wp\/v2\/posts\/181138\/revisions\/181139"}],"wp:featuredmedia":[{"embeddable":true,"href":"https:\/\/smago.de\/ws2\/wp-json\/wp\/v2\/media\/181010"}],"wp:attachment":[{"href":"https:\/\/smago.de\/ws2\/wp-json\/wp\/v2\/media?parent=181138"}],"wp:term":[{"taxonomy":"category","embeddable":true,"href":"https:\/\/smago.de\/ws2\/wp-json\/wp\/v2\/categories?post=181138"},{"taxonomy":"post_tag","embeddable":true,"href":"https:\/\/smago.de\/ws2\/wp-json\/wp\/v2\/tags?post=181138"}],"curies":[{"name":"wp","href":"https:\/\/api.w.org\/{rel}","templated":true}]}}