{"id":180964,"date":"2022-03-25T00:00:19","date_gmt":"2022-03-24T23:00:19","guid":{"rendered":"https:\/\/smago.de\/ws2\/?p=180964"},"modified":"2022-03-24T22:07:00","modified_gmt":"2022-03-24T21:07:00","slug":"thomas-anders-u-a-heute-25-03-2022-in-der-ndr-talk-show-zu-gast","status":"publish","type":"post","link":"https:\/\/smago.de\/ws2\/schlager\/thomas-anders-u-a-heute-25-03-2022-in-der-ndr-talk-show-zu-gast\/","title":{"rendered":"THOMAS ANDERS u.a. <br>Heute (25.03.2022) in der &#8222;NDR Talk Show&#8220; zu Gast!"},"content":{"rendered":"<p style=\"text-align: justify;\">NDR fernsehen + hr fernsehen, 22:00 Uhr &#8211; 00:00 Uhr!\u00a0Barbara Sch\u00f6neberger und Hubertus Meyer-Burckhardt begr\u00fc\u00dfen in der NDR Talk Show aus Hamburg folgende G\u00e4ste &#8230;:<br \/>\n<!--more--><\/p>\n<p>&nbsp;<\/p>\n<p>&nbsp;<\/p>\n<div class=\"player video program\">\n<div class=\"textcontent \"><\/div>\n<\/div>\n<h2 style=\"text-align: justify;\">Thomas Anders, S\u00e4nger<\/h2>\n<div class=\"contentimage w50\" style=\"text-align: justify;\"><\/div>\n<p style=\"text-align: justify;\">Mit &#8222;Modern Talking&#8220; hat Thomas Anders Musikgeschichte geschrieben. Das erste Mal in den Achtzigern\u00a0und sp\u00e4ter noch einmal beim Comeback des ungleichen Pop-Duos Anders\/ Bohlen Ende der Neunziger. Seit 2018 hat der in Koblenz lebende S\u00e4nger einen neuen musikalischen Partner: Mit Florian Silbereisen singt er deutschen Schlager &#8211; und das mit gro\u00dfem Erfolg. Ab April geht er zusammen mit ihm und anderen Stars unter dem Titel &#8222;Das Gro\u00dfe Schlagerfest XXL&#8220; auf gro\u00dfe Tournee. Seit vielen Jahren ist Thomas Anders gerade auch in Russland und Osteuropa ein beliebter und gefragter Solo-Star. Eigentlich h\u00e4tte er Anfang M\u00e4rz zahlreiche Konzerte in der Ukraine und in Russland geben sollen. Wie er die derzeitige Lage in der Ukraine beurteilt, welche Pl\u00e4ne er f\u00fcr das Jahr hat und wie er seine Liebe zum Wein neu entdeckt hat, erz\u00e4hlt der 59-J\u00e4hrige in der NDR Talk Show.<\/p>\n<h2><\/h2>\n<h2><\/h2>\n<h2><\/h2>\n<h2><\/h2>\n<h2 style=\"text-align: justify;\">Louisa Dellert, Moderatorin<\/h2>\n<div class=\"contentimage w50\" style=\"text-align: justify;\"><\/div>\n<p style=\"text-align: justify;\">Mit K\u00f6rperkult, Abnehmtipps und Fitness-Shakes fing alles an: 2013 startete Louisa Dellert ihre Karriere und wurde zu einer der bekanntesten Fitness-Influencerinnen Deutschlands. Doch irgendwann spielte ihr K\u00f6rper nicht mehr mit. Beim Joggen kippte sie mehrfach um, dann die Diagnose: ein Loch in der Herzklappe. Louisa Dellert musste ihr Leben umkrempeln. Heute moderiert die 32-J\u00e4hrige die <a title=\"Zum Artikel: NDR Talk Show deep und deutlich geht weiter\" href=\"https:\/\/www.ndr.de\/fernsehen\/Deep-und-deutlich-Neue-NDR-Talk-Show-fuer-junge-Generation,deepunddeutlich298.html\">Talk Show &#8222;deep und deutlich&#8220;<\/a> (NDR und <a title=\"Link: Link zum deep und deutlich-Kanal auf Funk.\" href=\"https:\/\/www.funk.net\/channel\/deep-und-deutlich-12229\" target=\"_blank\" rel=\"noopener\">funk<\/a>) und setzt sich als Unternehmerin f\u00fcr mehr Nachhaltigkeit ein. Ihren Follower*innen zeigt sie jetzt, wie sie ihr Leben umweltbewusster gestalten k\u00f6nnen und dass man nicht perfekt sein muss, um gl\u00fccklich zu sein.<\/p>\n<div class=\"contentbox list voll\" style=\"text-align: justify;\">\n<div class=\"teaser\">\n<div class=\"teaserimage\"><\/div>\n<\/div>\n<\/div>\n<h2><\/h2>\n<h2><\/h2>\n<h2><\/h2>\n<h2><\/h2>\n<h2 style=\"text-align: justify;\">Sybil Gr\u00e4fin Sch\u00f6nfeldt, Journalistin, \u00dcbersetzerin und Autorin<\/h2>\n<div class=\"contentimage w50\" style=\"text-align: justify;\"><\/div>\n<p style=\"text-align: justify;\">Sybil Gr\u00e4fin Sch\u00f6nfeldt ist Journalistin, \u00dcbersetzerin und Autorin. Es gab Zeiten, da waren ihre Benimm- und Erziehungsratgeber in jedem b\u00fcrgerlichen deutschen Haushalt zu finden. Sie hat mehr als 20 B\u00fccher geschrieben und \u00fcber 120 \u00fcbersetzt, unter anderem Werke von Pearl S. Buck, Charles Dickens und Lewis Carroll. Sie hat Artikel verfasst von der &#8222;Constanze&#8220; \u00fcber &#8222;Die Zeit&#8220; bis hin zur &#8222;S\u00fcddeutschen Zeitung&#8220;. Die seit \u00fcber 60 Jahren in Hamburg lebende geb\u00fcrtige Bochumerin ist im Februar 95 Jahre alt geworden. Aus diesem Anlass erscheint eine Geburtstagsausgabe ihrer letzten drei Kochb\u00fccher. Darin geht es nicht nur ums Kochen, sondern auch um pers\u00f6nliche Lebenserinnerungen und Kulturgeschichte. Welche Gerichte sie mit ihren Lebensetappen verbindet und warum gutes Essen in schlechten Zeiten auch Trost spenden kann, verr\u00e4t die Gr\u00e4fin in der NDR Talk Show.<\/p>\n<h2><\/h2>\n<h2><\/h2>\n<h2><\/h2>\n<h2><\/h2>\n<h2 style=\"text-align: justify;\">Julius Werner, Erzieher, und sein Freund Manuel Zube<\/h2>\n<div class=\"contentimage w50\" style=\"text-align: justify;\"><\/div>\n<p style=\"text-align: justify;\">Einmal mit dem Rucksack durch Australien reisen &#8211; das war der Traum von Manuel Zube aus Kiel. Das Besondere: Manuel hat das Down-Syndrom. Sein Freund und Betreuer Julius Werner setzte Manuels Pl\u00e4ne in die Tat um: Gemeinsam reisten die jungen M\u00e4nner vor Corona zwei Monate lang durch den f\u00fcnften Kontinent, gingen feiern, besuchten Festivals und trafen viele Menschen, die selbst eine Behinderung haben und Ungew\u00f6hnliches leisten. Welche Herausforderungen beide dennoch meistern mussten und was sie dabei gelernt haben, das verraten Manuel und Julius in der NDR Talk Show.<\/p>\n<h2><\/h2>\n<h2><\/h2>\n<h2><\/h2>\n<h2><\/h2>\n<h2 style=\"text-align: justify;\">Eva Mattes, Schauspielerin<\/h2>\n<div class=\"contentimage w50\" style=\"text-align: justify;\"><\/div>\n<p style=\"text-align: justify;\">&#8222;Ich bin geboren, um zu spielen&#8220;, sagt sie \u00fcber sich: Schauspielerin und S\u00e4ngerin Eva Mattes. Mit zehn ist sie die deutsche Stimme von Pippi Langstrumpf, mit zw\u00f6lf steht sie das erste Mal in M\u00fcnchen auf der B\u00fchne. Als Teenager in den 70er-Jahren gilt sie als schauspielerisches Naturereignis, sorgt in provokanten Rollen f\u00fcr Skandale. Viele Jahre war sie dem Publikum auch als &#8222;Tatort&#8220;-Kommissarin Klara Blum bekannt, spielte in zahlreichen Kinofilmen und steht immer wieder auch auf der Theaterb\u00fchne, zuletzt im Hamburger Schauspielhaus. Ganz gleich, was sie macht: Die 67-J\u00e4hrige b\u00fcrgt immer f\u00fcr h\u00f6chstes Niveau. Am 6. Mai singt und spielt sie\u00a0im St. Pauli Theater in dem St\u00fcck &#8222;Wenn ich mir was w\u00fcnschen d\u00fcrfte&#8220;, einer Hommage an Marlene Dietrich.<\/p>\n<h2><\/h2>\n<h2><\/h2>\n<h2><\/h2>\n<h2><\/h2>\n<h2><\/h2>\n<h2 style=\"text-align: justify;\">Dr. Eckart von Hirschhausen, Arzt und Wissenschaftsjournalist<\/h2>\n<div class=\"contentimage w50\" style=\"text-align: justify;\"><\/div>\n<p style=\"text-align: justify;\">&#8222;Mutter Erde ist krank. Und durch den Klimawandel steigt das Fieber&#8220;, warnt der Arzt Dr. Eckart von Hirschhausen. Die planetare Gesundheit liegt ihm am Herzen: In dem erfolgreichen <a title=\"Link: Link zur Sendungsseite von &quot;Wissen vor acht - Erde&quot; in der ARD Mediathek.\" href=\"https:\/\/www.ardmediathek.de\/sendung\/wissen-vor-acht-erde\/Y3JpZDovL2Rhc2Vyc3RlLmRlL3dpc3NlbiB2b3IgYWNodCAtIGVyZGU\" target=\"_blank\" rel=\"noopener\">ARD-Format &#8222;Wissen vor acht &#8211; Erde&#8220;<\/a> vermittelt der Wissenschaftsjournalist nicht nur, wie eng unsere menschliche Gesundheit mit der Gesundheit des Erdsystems verflochten ist, er erkl\u00e4rt auch die gro\u00dfen Zusammenh\u00e4nge wie Wetter- und Klimaph\u00e4nomene und die ganz kleinen Wunder, die sich jeden Tag im Mikrokosmos ereignen. Am 25. M\u00e4rz wird weltweit zum globalen Klimastreik aufgerufen. Warum dieser Streik so wichtig f\u00fcr uns alle ist, das erkl\u00e4rt von Hirschhausen in der NDR Talk Show.<\/p>\n<h2><\/h2>\n<h2><\/h2>\n<h2><\/h2>\n<h2><\/h2>\n<h2 style=\"text-align: justify;\">Prof. Dr. Jutta Schneider, Verhaltensbiologin und Spinnenforscherin<\/h2>\n<div class=\"contentimage w50\" style=\"text-align: justify;\"><\/div>\n<p style=\"text-align: justify;\">Der Mensch an sich hat ein gespanntes Verh\u00e4ltnis zur Spinne. Der Eine setzt sie vorsichtig ins Freie, ein Anderer reagiert hysterisch, der Dritte schl\u00e4gt sie gleich tot. Jutta Schneider besch\u00e4ftigt sich seit 20 Jahren beruflich mit den meist achtbeinigen Tieren: Sie ist Verhaltensbiologin, seit 2004 Professorin am Institut f\u00fcr Zoologie der Universit\u00e4t Hamburg und Expertin f\u00fcr Spinnen. Verhaltensbiologisch betrachtet sind die Spinnen mit ihren 40.000 Arten ein Universum bizarrer Verhaltensweisen und ein Paradies f\u00fcr Forscher. Schneiders erster achtbeiniger Forschungsorganismus war Stegodyphus aus der Familie der R\u00f6hrenspinnen. Nach der Promotion fuhr sie 1993 mit ihrem Motorrad bis nach Israel, um dort eine Stegodyphus-Population in freier Natur zu beobachten. In Australien untersuchte sie sexuellen Kannibalismus bei Spinnen. Echte Spinnen sind alles andere als dumpf und starr. Sondern &#8211; und diese Einsicht ist Jutta Schneiders Forschung zu verdanken &#8211; Tiere mit individuellem Charakter.<\/p>\n<p>&nbsp;<\/p>\n<p>&nbsp;<\/p>\n<p>&nbsp;<\/p>\n<figure id=\"attachment_178592\" aria-describedby=\"caption-attachment-178592\" style=\"width: 800px\" class=\"wp-caption alignnone\"><img decoding=\"async\" loading=\"lazy\" class=\"size-large wp-image-178592\" src=\"https:\/\/smago.de\/ws2\/wp-content\/uploads\/2022\/02\/2_NDR_Talk_Show_2016-800x534.jpg\" alt=\"\" width=\"800\" height=\"534\" srcset=\"https:\/\/smago.de\/ws2\/wp-content\/uploads\/2022\/02\/2_NDR_Talk_Show_2016-800x534.jpg 800w, https:\/\/smago.de\/ws2\/wp-content\/uploads\/2022\/02\/2_NDR_Talk_Show_2016-522x348.jpg 522w, https:\/\/smago.de\/ws2\/wp-content\/uploads\/2022\/02\/2_NDR_Talk_Show_2016-225x150.jpg 225w, https:\/\/smago.de\/ws2\/wp-content\/uploads\/2022\/02\/2_NDR_Talk_Show_2016-768x512.jpg 768w, https:\/\/smago.de\/ws2\/wp-content\/uploads\/2022\/02\/2_NDR_Talk_Show_2016-1536x1024.jpg 1536w, https:\/\/smago.de\/ws2\/wp-content\/uploads\/2022\/02\/2_NDR_Talk_Show_2016-2048x1366.jpg 2048w, https:\/\/smago.de\/ws2\/wp-content\/uploads\/2022\/02\/2_NDR_Talk_Show_2016-392x261.jpg 392w, https:\/\/smago.de\/ws2\/wp-content\/uploads\/2022\/02\/2_NDR_Talk_Show_2016-130x87.jpg 130w, https:\/\/smago.de\/ws2\/wp-content\/uploads\/2022\/02\/2_NDR_Talk_Show_2016-667x445.jpg 667w, https:\/\/smago.de\/ws2\/wp-content\/uploads\/2022\/02\/2_NDR_Talk_Show_2016-783x522.jpg 783w, https:\/\/smago.de\/ws2\/wp-content\/uploads\/2022\/02\/2_NDR_Talk_Show_2016-285x190.jpg 285w, https:\/\/smago.de\/ws2\/wp-content\/uploads\/2022\/02\/2_NDR_Talk_Show_2016-435x290.jpg 435w, https:\/\/smago.de\/ws2\/wp-content\/uploads\/2022\/02\/2_NDR_Talk_Show_2016-150x100.jpg 150w, https:\/\/smago.de\/ws2\/wp-content\/uploads\/2022\/02\/2_NDR_Talk_Show_2016-370x247.jpg 370w\" sizes=\"(max-width: 800px) 100vw, 800px\" \/><figcaption id=\"caption-attachment-178592\" class=\"wp-caption-text\"><em>Barbara Sch\u00f6neberger und Hubertus Meyer-Burckhardt<\/em><\/p>\n<p><em>\u00a9 NDR \/ Uwe Ernst<\/em><\/figcaption><\/figure>\n<div class=\"player video program\">\n<div class=\"textcontent \"><\/div>\n<\/div>\n","protected":false},"excerpt":{"rendered":"<p>NDR fernsehen + hr fernsehen, 22:00 Uhr &#8211; 00:00 Uhr!\u00a0Barbara Sch\u00f6neberger und Hubertus Meyer-Burckhardt begr\u00fc\u00dfen in der NDR Talk Show<\/p>\n","protected":false},"author":2,"featured_media":178592,"comment_status":"open","ping_status":"closed","sticky":false,"template":"","format":"standard","meta":{"_FSMCFIC_featured_image_caption":"","_FSMCFIC_featured_image_nocaption":"","_FSMCFIC_featured_image_hide":""},"categories":[29,128],"tags":[254],"acf":[],"_links":{"self":[{"href":"https:\/\/smago.de\/ws2\/wp-json\/wp\/v2\/posts\/180964"}],"collection":[{"href":"https:\/\/smago.de\/ws2\/wp-json\/wp\/v2\/posts"}],"about":[{"href":"https:\/\/smago.de\/ws2\/wp-json\/wp\/v2\/types\/post"}],"author":[{"embeddable":true,"href":"https:\/\/smago.de\/ws2\/wp-json\/wp\/v2\/users\/2"}],"replies":[{"embeddable":true,"href":"https:\/\/smago.de\/ws2\/wp-json\/wp\/v2\/comments?post=180964"}],"version-history":[{"count":3,"href":"https:\/\/smago.de\/ws2\/wp-json\/wp\/v2\/posts\/180964\/revisions"}],"predecessor-version":[{"id":180967,"href":"https:\/\/smago.de\/ws2\/wp-json\/wp\/v2\/posts\/180964\/revisions\/180967"}],"wp:featuredmedia":[{"embeddable":true,"href":"https:\/\/smago.de\/ws2\/wp-json\/wp\/v2\/media\/178592"}],"wp:attachment":[{"href":"https:\/\/smago.de\/ws2\/wp-json\/wp\/v2\/media?parent=180964"}],"wp:term":[{"taxonomy":"category","embeddable":true,"href":"https:\/\/smago.de\/ws2\/wp-json\/wp\/v2\/categories?post=180964"},{"taxonomy":"post_tag","embeddable":true,"href":"https:\/\/smago.de\/ws2\/wp-json\/wp\/v2\/tags?post=180964"}],"curies":[{"name":"wp","href":"https:\/\/api.w.org\/{rel}","templated":true}]}}