{"id":180888,"date":"2022-03-24T00:00:05","date_gmt":"2022-03-23T23:00:05","guid":{"rendered":"https:\/\/smago.de\/ws2\/?p=180888"},"modified":"2022-03-23T22:47:57","modified_gmt":"2022-03-23T21:47:57","slug":"faeaschtbaenkler-nach-helene-besingen-sie-nun-alois","status":"publish","type":"post","link":"https:\/\/smago.de\/ws2\/party-schlager\/faeaschtbaenkler-nach-helene-besingen-sie-nun-alois\/","title":{"rendered":"F\u00c4ASCHTB\u00c4NKLER <br>Nach &#8222;Helene&#8220; besingen sie nun &#8222;Alois&#8220;!"},"content":{"rendered":"<p><em>smago!<\/em> meint: absolut grandios !!!<br \/>\n<!--more--><\/p>\n<p>&nbsp;<\/p>\n<p>&nbsp;<\/p>\n<div>\n<div>\n<div style=\"text-align: justify;\">Dieses Jahr werden die Uhren schon am 25.03.2022 umgestellt \u2013 auf deftigen Blowpop. Die F\u00c4ASCHTB\u00c4NKLER steuern mit dem brandneuen Titel \u201eAlois\u201c auf gleich zwei neue Alben zu!<\/p>\n<p>Die beiden Alben \u201eFlamingo\u201c und \u201eHoch die H\u00e4nde Wochenende\u201c erscheinen am 20. Mai.<\/p>\n<p>Ihr Name steht l\u00e4ngst f\u00fcr Volks-Pop-Musik 4.0, f\u00fcr rasante, haarstr\u00e4ubende Genre-Mash-ups \u2013 und vor allem f\u00fcr randvolle, explodierende Tanzfl\u00e4chen: Die F\u00e4aschtb\u00e4nkler waren auch in den vergangen zwei Jahren extrem flei\u00dfig und steuern somit auf gleich zwei neue Alben zu, auf denen sie ihren unverwechselbaren \u201eBlowpop\u201c in all seiner genial-ausladenden Scheuklappenfreiheit zelebrieren. Als erste Single kommt der brandneue Titel \u201eAlois\u201c, der \u00fcber einem sich stetig wandelnden, explosiven Arrangement auch das letzte Familienmitglied in seinen abgr\u00fcndigen Moshpit-Sog ziehen d\u00fcrfte\u2026.<\/p>\n<p>Wer jetzt schon Lust auf mehr hat: die beiden Alben \u201eFlamingo\u201c und \u201eHoch die H\u00e4nde Wochenende\u201c erscheinen zeitgleich am 20. Mai! W\u00e4hrend das nach den langbeinigen, pinken Stolzierern benannte Album ihr neuestes Pop-Statement ist, spielt beim Wochenend-Longplayer die Volksmusik die Hauptrolle. Zur Info: \u201eFlamingo\u201c wird auch als Standalone-Release erh\u00e4ltlich sein, \u201eHoch die H\u00e4nde Wochenende\u201c jedoch nur exklusiv als Bonus in der Doppelalbum-Edition.<\/p>\n<p>Aber zur\u00fcck zu \u201eAlois\u201c: Hatten die F\u00e4aschtb\u00e4nkler sich zum Jahreswechsel mit extrem viel Schwung vor einer gewissen \u201eHelene\u201c verneigt, widmen sie sich dieses Mal also einem Herren, dessen Musikgeschmack \u00e4hnlich eklektisch ist wie der kaum greifbare F\u00e4aschtb\u00e4nkler-Sound: Internationaler Volkst\u00fcmlicher Dancefloor-Wahnsinn trifft auf massive Drops und eine Familiengeschichte, die erst wild tanzend zusammenfindet\u2026<\/p>\n<p>Die f\u00fcnf sympathischen und musikgenialen Schweizer musizieren gekonnt einen gro\u00dfen Bogen um jede Schublade und jeden Anflug von Purismus: \u201eAlois liebt Volksmusik\u2026 weil es nichts Sch\u00f6neres gibt\u201c, hei\u00dft es zwar in den ersten Takten noch tanzbar-rustikal, doch nach dem mehrstimmigen Intro z\u00fcnden die Jungs das n\u00e4chste Feuerwerk, wenn Alois sich zum Anbruch der Nacht in einen echten Dancefloor-Don verwandelt: Mit Anbruch der Dunkelheit n\u00e4mlich tauscht der gute Alois \u201eHumpa-Humpa gegen fette Beats\u201c !<\/p>\n<p>\u201eEr rockt den Humpa-Technosound\u201c, geht\u2019s weiter \u2013 kein Wunder, dass Alois\u2019 Tochter Lisa zun\u00e4chst extrem verwirrt ist. Aber auch die Familie findet schlie\u00dflich wieder zusammen, und zwar auf der Tanzfl\u00e4che: in der zweiten Strophe liebt der Protagonist dann schon ganz offen die Clubmusik, die Tochter tanzt mit und so \u201ewackeln die W\u00e4nde im ganzen Haus\u201c! Nachdem die f\u00fcnf Schweizer Grenzensprenger alle Build-up- und Drop-K\u00fcnste aus den Bereichen Dance\/Electro und Heavy Rock mit sattem Bl\u00e4sernachdruck kombinieren, d\u00fcrfen selbst die Luftgitarren gez\u00fcckt werden, denn es hei\u00dft kurz vor Schluss noch einmal Rage Against the Alpenrand\u2026<\/p>\n<p>Auf ihren Pressefotos fliegen diese f\u00fcnf Herren aus der Schweiz entweder gerade durch die Luft oder bilden ein menschliches Kn\u00e4uel: Die F\u00e4aschtb\u00e4nkler sind eingeschworene, mit s\u00e4mtlichen Wassern gewaschene Poperneuerer mit volkst\u00fcmlichen Wurzeln, Hitmaker mit ungew\u00f6hnlichem Instrumentenarsenal, Volldampf-Entertainer mit extrem viel Bodenhaftung und echte Tanzwut-Vision\u00e4re. Seit Jahren nicht nur live f\u00fcr ihren unverwechselbaren \u201eBlowpop\u201c gefeiert, in dem Blas- und House-Musik, Pop und Rock und Elektronisches zu einem ultraexplosiven Amalgam verschmelzen, gehen sie vor allem ihren eigenen Weg: Hits wie \u201eEskalation\u201c, \u201eWelt voller Wunder\u201c, \u201ePartyplanet\u201c oder auch \u201eCan You English Please\u201c bescherten ihnen neben Viewzahlen in demn\u00e4chst dreistelliger Millionenh\u00f6he zuletzt auch erste Goldauszeichnungen.<\/p>\n<p>Vom Dreil\u00e4ndereck aus schneller auf jeder B\u00fchne als es manch einem Ruhesuchenden lieb ist, konnten Andreas Frei, Roman W\u00fcthrich, Marco Graber, Michael Hutter und Roman Pizio mit ihren letzten f\u00fcnf Alben in Deutschland, \u00d6sterreich und der Schweiz die Albumcharts erobern.<\/p>\n<p>Nach \u00fcber 80 Millionen Streams bei Spotify, wo sie 850k monatliche H\u00f6rer haben, ersten TikTok-Hypes (\u201eHumpa Humpa\u201c) und Trailersongs im TV (\u201eBauer sucht Frau\u201c AT), z\u00fcnden die f\u00fcnf Schweizer nun also die n\u00e4chste Stufe \u2013 und zwar doppelt: \u201eAlois\u201c tanzt schon mal los \u2013 die beiden Alben \u201eFlamingo\u201c und \u201eHoch die H\u00e4nde Wochenende\u201c kommen dann Ende Mai!<\/p><\/div>\n<div><\/div>\n<div><\/div>\n<div>\n<p><strong>Die F\u00e4aschtb\u00e4nkler \u2013 Website &amp; Socials<\/strong><\/div>\n<div><\/div>\n<div>\nPage: <a href=\"https:\/\/deref-gmx.net\/mail\/client\/nIYtNL7blh8\/dereferrer\/?redirectUrl=http%3A%2F%2Ffaeaschtbaenkler.ch%2Fhome.html\" target=\"_blank\" rel=\"noopener\">http:\/\/faeaschtbaenkler.ch\/home.html<\/a><br \/>\nInsta: <a href=\"https:\/\/deref-gmx.net\/mail\/client\/TL9EB5J_EIE\/dereferrer\/?redirectUrl=https%3A%2F%2Fwww.instagram.com%2Ffaeaschtbaenkler%2F%3Fhl%3Dde\" target=\"_blank\" rel=\"noopener\">https:\/\/www.instagram.com\/faeaschtbaenkler\/?hl=de<\/a><br \/>\nTik: <a href=\"https:\/\/deref-gmx.net\/mail\/client\/9NhTxAvt2og\/dereferrer\/?redirectUrl=https%3A%2F%2Fwww.tiktok.com%2F%40faeaschtbaenkler%3Flang%3Dde-DE\" target=\"_blank\" rel=\"noopener\">https:\/\/www.tiktok.com\/@faeaschtbaenkler?lang=de-DE<\/a><br \/>\nYT: <a href=\"https:\/\/deref-gmx.net\/mail\/client\/T6oLqap0bio\/dereferrer\/?redirectUrl=https%3A%2F%2Fwww.youtube.com%2Fchannel%2FUCL5hubpwMTSNIXK2h6r-pog\" target=\"_blank\" rel=\"noopener\">https:\/\/www.youtube.com\/channel\/UCL5hubpwMTSNIXK2h6r-pog<\/a><br \/>\n#f\u00e4aschtb\u00e4nkler: <a href=\"https:\/\/deref-gmx.net\/mail\/client\/OIIBqw6NFdE\/dereferrer\/?redirectUrl=https%3A%2F%2Fwww.tiktok.com%2Ftag%2Ff%C3%A4aschtb%C3%A4nkler%3Flang%3Dde-DE\" target=\"_blank\" rel=\"noopener\">https:\/\/www.tiktok.com\/tag\/f\u00e4aschtb\u00e4nkler?lang=de-DE<\/a><strong><br \/>\n<\/strong><\/div>\n<\/div>\n<\/div>\n<div><\/div>\n<div><\/div>\n<div><\/div>\n<div><\/div>\n<div><\/div>\n<div>\n<div>\n<div><\/div>\n<div>\n<div style=\"text-align: center;\"><strong>&#8222;Alois&#8220; &#8211; 3:27<br \/>\n<\/strong>(Roman W\u00fcthrich, Roman Pizio, Andreas Frei, Marco Graber, Michael Hutter, Christoph Kutzer;<\/div>\n<div style=\"text-align: center;\">Published By: Rosenklang)<br \/>\nAn Electrola recording; (P) 2022 Rosenklang, under exclusive license to Universal Music GmbH<\/div>\n<\/div>\n<\/div>\n<\/div>\n","protected":false},"excerpt":{"rendered":"<p>smago! meint: absolut grandios !!!<\/p>\n","protected":false},"author":2,"featured_media":180889,"comment_status":"open","ping_status":"closed","sticky":false,"template":"","format":"standard","meta":{"_FSMCFIC_featured_image_caption":"","_FSMCFIC_featured_image_nocaption":"","_FSMCFIC_featured_image_hide":""},"categories":[26],"tags":[228],"acf":[],"_links":{"self":[{"href":"https:\/\/smago.de\/ws2\/wp-json\/wp\/v2\/posts\/180888"}],"collection":[{"href":"https:\/\/smago.de\/ws2\/wp-json\/wp\/v2\/posts"}],"about":[{"href":"https:\/\/smago.de\/ws2\/wp-json\/wp\/v2\/types\/post"}],"author":[{"embeddable":true,"href":"https:\/\/smago.de\/ws2\/wp-json\/wp\/v2\/users\/2"}],"replies":[{"embeddable":true,"href":"https:\/\/smago.de\/ws2\/wp-json\/wp\/v2\/comments?post=180888"}],"version-history":[{"count":1,"href":"https:\/\/smago.de\/ws2\/wp-json\/wp\/v2\/posts\/180888\/revisions"}],"predecessor-version":[{"id":180890,"href":"https:\/\/smago.de\/ws2\/wp-json\/wp\/v2\/posts\/180888\/revisions\/180890"}],"wp:featuredmedia":[{"embeddable":true,"href":"https:\/\/smago.de\/ws2\/wp-json\/wp\/v2\/media\/180889"}],"wp:attachment":[{"href":"https:\/\/smago.de\/ws2\/wp-json\/wp\/v2\/media?parent=180888"}],"wp:term":[{"taxonomy":"category","embeddable":true,"href":"https:\/\/smago.de\/ws2\/wp-json\/wp\/v2\/categories?post=180888"},{"taxonomy":"post_tag","embeddable":true,"href":"https:\/\/smago.de\/ws2\/wp-json\/wp\/v2\/tags?post=180888"}],"curies":[{"name":"wp","href":"https:\/\/api.w.org\/{rel}","templated":true}]}}