{"id":180717,"date":"2022-03-19T12:27:52","date_gmt":"2022-03-19T11:27:52","guid":{"rendered":"https:\/\/smago.de\/ws2\/?p=180717"},"modified":"2022-03-19T13:01:53","modified_gmt":"2022-03-19T12:01:53","slug":"michelle-mike-singer-u-a-spitzen-tanz-400-millionen-zuschauerinnen-fuer-lets-dance","status":"publish","type":"post","link":"https:\/\/smago.de\/ws2\/pop\/michelle-mike-singer-u-a-spitzen-tanz-400-millionen-zuschauerinnen-fuer-lets-dance\/","title":{"rendered":"MICHELLE, MIKE SINGER u.a. <br>Spitzen-Tanz: 4,00 Millionen Zuschauer:innen f\u00fcr &#8222;Let&#8217;s Dance&#8220;!"},"content":{"rendered":"<p>Aus f\u00fcr Riccardo Basile und Lilly zu Sayn Wittgenstein!<br \/>\n<!--more--><\/p>\n<p>&nbsp;<\/p>\n<p>&nbsp;<\/p>\n<p>&nbsp;<\/p>\n<ul>\n<li><strong>4,00 Mio. Zuschauer f\u00fcr &#8222;Let&#8217;s Dance&#8220;<\/strong><\/li>\n<li><strong>Tagessieg bei 14-49<\/strong><\/li>\n<li><strong>Premiere bei &#8222;Let\u2019s Dance&#8220;: Gleich zwei Paare m\u00fcssen die Show verlassen<\/strong><\/li>\n<\/ul>\n<p>&nbsp;<\/p>\n<p>&nbsp;<\/p>\n<p style=\"text-align: justify;\">12 ambitionierte Tanzpaare, Standing Ovations und ein spannendes &#8222;Girls vs. Boys&#8220; Duell: Auch die vierte Live-Show von &#8222;Let&#8217;s Dance&#8220; konnte am Freitagabend \u00fcberzeugen \u2013 und der Konkurrenz einmal mehr davontanzen. Durchschnittlich 4,00 Millionen Zuschauer:innen (MA: 17,3 Prozent) sahen ab 20:30 Uhr das freit\u00e4gliche Tanzspektakel, moderiert von Daniel Hartwich und Victoria Swarovski. Mit hervorragenden 20,2 Prozent bei den 14- bis 49-J\u00e4hrigen (1,19 Millionen Zuschauer:innen) war die beliebte Tanzshow einmal mehr die meistgesehene Sendung des Tages in dieser Zielgruppe. Bei den Zuschauer:innen 14-59 Jahre war &#8222;Let&#8217;s Dance&#8220; mit starken 17,9 Prozent Marktanteil (1,97 Mio.) die Nummer 1 auf dem Sendeplatz ab 20:30 Uhr.<\/p>\n<p style=\"text-align: justify;\">Im Anschluss lief auch &#8222;Exclusiv Spezial&#8220; wieder erfolgreich: Frauke Ludowig pr\u00e4sentierte live vom Tanzparkett Details zu &#8222;Let&#8217;s Dance&#8220; und durchschnittlich 1,93 Millionen Zuschauer:innen waren an den Bildschirmen dabei (MA: 20,5 %). Starke 19,0 Prozent der 14- bis 59-J\u00e4hrigen (0,98 Mio.) schalteten ein, bei den 14- bis 49-J\u00e4hrigen lag der Marktanteil bei starken 19,6 Prozent (0,57 Mio.).<\/p>\n<p style=\"text-align: justify;\">Danach konnte auch die siebte Show der Neuauflage des RTL-Klassikers &#8222;7 Tage, 7 K\u00f6pfe&#8220; punkten. Durchschnittlich 0,82 Millionen Zuschauer:innen (MA 12,5 %) waren ab 00:35 Uhr dabei, als Moderator Guido Cantz mit den K\u00f6pfen Jochen Busse, Mirja Boes, Martin Klempnow, Katjana Gerz, Tobias Mann und B\u00fclent Ceylan unterhaltsam auf die letzte Woche zur\u00fcckblickte. Der Marktanteil bei den 14- bis 59-J\u00e4hrigen lag bei guten 12,0 Prozent (0,44 Mio.), bei den 14- bis 49-J\u00e4hrigen bei 10,9 Prozent (0,22 Mio.). Damit konnte sich die Panel-Show im Vergleich zur Vorwoche in beiden Zielgruppen steigern.<\/p>\n<p style=\"text-align: justify;\">Mit einem Tagesmarktanteil von 14,2 Prozent bei den 14- bis 49-j\u00e4hrigen Zuschauer:innen lag RTL am Freitag deutlich vor allen anderen Sendern (ProSieben: 7,9 %, ZDF: 7,7 %, Sat.1: 7,2 %, VOX: 6,0 %, ARD: 5,6 %).<\/p>\n<p style=\"text-align: justify;\">Auch bei den 14- bis 59-j\u00e4hrigen Zuschauer:innen war RTL mit einem Tagesmarktanteil von 12,5 Prozent am Freitag die Nummer 1. Zum Vergleich: ZDF: 9,1 %; ARD: 7,4 %; Sat.1: 7,3 %, VOX: 5,9 %; ProSieben: 5,6 %.<\/p>\n<p style=\"text-align: justify;\">Premiere bei &#8222;Let&#8217;s Dance&#8220;: Da aufgrund positiver Covid-Testung in der Vorwoche kein Tanzpaar die Show verlassen hatte, mussten sich diesmal mit Lilly zu Sayn Wittgenstein mit Profit\u00e4nzer Andrzej Cibis und Riccardo Basile mit Profit\u00e4nzerin Isabel Edvardsson gleich zwei Paare von &#8222;Let&#8217;s Dance&#8220; verabschieden.<\/p>\n<p style=\"text-align: justify;\">Im offiziellen &#8222;Let&#8217;s Dance Podcast&#8220; bei AUDIO NOW spricht Martin Tietjen jeweils samstags \u00fcber die Live-Show und bilanziert gemeinsam mit einem Promi oder einem Profit\u00e4nzer die Leistung der Tanzpaare: Wer hat \u00fcberzeugt? Wessen Choreo war zu schwierig? Und wer wird Dancing Star 2022?<\/p>\n<p style=\"text-align: justify;\">&#8222;Let&#8217;s Dance&#8220; wird von Seapoint Productions GmbH &amp; Co. KG im Auftrag von RTL produziert. Die 15. Staffel wird, ebenso wie das anschlie\u00dfende Magazin &#8222;Exclusiv Spezial \u2013 Let&#8217;s Dance&#8220;, in UHD HDR produziert. Weitere Infos dazu finden Sie <a href=\"https:\/\/deref-gmx.net\/mail\/client\/_d2fzxlF2eo\/dereferrer\/?redirectUrl=https%3A%2F%2Fwww.rtl.de%2Fcms%2Fspecials%2Frtl-hd.html\" target=\"_blank\" rel=\"noopener\">HIER<\/a>.<\/p>\n<p>&nbsp;<\/p>\n<p>&nbsp;<\/p>\n<p style=\"text-align: justify;\">Die Sendungsseite bei RTL News finden Sie <a href=\"https:\/\/deref-gmx.net\/mail\/client\/Kh4oesyuCvU\/dereferrer\/?redirectUrl=https%3A%2F%2Fwww.rtl.de%2Fcms%2Fsendungen%2Flets-dance.html\" target=\"_blank\" rel=\"noopener\">hier<\/a>.<\/p>\n<p>&nbsp;<\/p>\n<p>&nbsp;<\/p>\n<p style=\"text-align: justify;\"><strong>Twitter:<\/strong> @RTL_LetsDance<\/p>\n<p style=\"text-align: justify;\"><strong>Instagram:<\/strong> letsdance<\/p>\n<p>&nbsp;<\/p>\n<p>&nbsp;<\/p>\n<p>&nbsp;<\/p>\n<p>&nbsp;<\/p>\n<p>&nbsp;<\/p>\n<p>&nbsp;<\/p>\n<p><strong>Die Auftritte und Jurywertungen im \u00dcberblick:<\/strong><\/p>\n<p>&nbsp;<\/p>\n<p>&nbsp;<\/p>\n<p>In der Jury vergaben Joachim Llambi, Motsi Mabuse und Jorge Gonz\u00e1lez die Punkte.<\/p>\n<p>&nbsp;<\/p>\n<p>&nbsp;<\/p>\n<p>&nbsp;<\/p>\n<p style=\"text-align: justify;\"><strong>Moderatorin, Podcasterin und Gesch\u00e4ftsfrau Amira Pocher (29) und Massimo Sinat\u00f3 (41):<\/strong>\u00a0Jive, &#8222;The Boy Does Nothing&#8220;, Alesha Dixon. 22 Jurypunkte Einzeltanz + 7 Punkte aus dem Boys vs Girls Battle = 29 Jurypunkte gesamt.<\/p>\n<p style=\"text-align: justify;\"><strong><br \/>\nPrinzessin und Unternehmerin Lilly zu Sayn Wittgenstein (49) und Andrzej Cibis (34):\u00a0<\/strong>Quickstep, &#8222;Two Princes&#8220;, Spin Doctors. 16 Jurypunkte Einzeltanz + 7 Punkte aus dem Boys vs Girls Battle = 23 Jurypunkte gesamt.<\/p>\n<p style=\"text-align: justify;\"><strong><br \/>\nMusiker Mike Singer (22) und Christina Luft (32):<\/strong>\u00a0Wiener Walzer, &#8220; Ich lebe f\u00fcr dich&#8220;, Teesy. 15 Jurypunkte Einzeltanz + 8 Punkte aus dem Boys vs Girls Battle = 23 Jurypunte gesamt.<\/p>\n<p style=\"text-align: justify;\"><strong><br \/>\nFernseh- und Sportmoderator Riccardo Basile (30) und Isabel Edvardsson (39):<\/strong>\u00a0Salsa, &#8222;Toro Mata&#8220;, Celia Cruz, Johnny Pacheco. 13 Jurypunkte Einzeltanz + 8 Punkte aus dem Boys vs Girls Battle = 21 Jurypunkte gesamt.<\/p>\n<p style=\"text-align: justify;\"><strong><br \/>\nSchauspielerin &amp; Moderatorin Sarah Mangione (31) und Vadim Garbuzov (34):<\/strong>\u00a0Contemporary, &#8222;Control&#8220;, Zoe Wees. 30 Jurypunkte Einzeltanz + 7 Punkte aus dem Boys vs Girls Battle = 37 Jurypunkte gesamt.<\/p>\n<p style=\"text-align: justify;\"><strong><br \/>\nS\u00e4ngerin Michelle (50) und Christian Polanc (43):<\/strong>\u00a0Jive, &#8222;Ohne Krimi geht die Mimi nie ins Bett&#8220;, Bill Ramsey. 19 Jurypunkte Einzeltanz + 7 Punkte aus dem Boys vs Girls Battle = 26 Jurypunkte gesamt.<\/p>\n<p style=\"text-align: justify;\"><strong><br \/>\nSchauspieler Timur \u00dclker (32) und Malika Dzumaev (30):<\/strong>\u00a0Tango, &#8222;Asi Se Baila el Tango&#8220;, Adriana Varela. 24 Jurypunkte Einzeltanz + 8 Punkte aus dem Boys vs Girls Battle = 32 Jurypunkte gesamt.<\/p>\n<p style=\"text-align: justify;\"><strong><br \/>\nLeichtathlet Mathias Mester (35) und Renata Lusin (34):<\/strong>\u00a0Salsa, &#8222;Jump In The Line&#8220;, Harry Belafonte. 29 Jurypunkte Einzeltanz + 8 Punkte aus dem Boys vs Girls Battle = 37 Jurypunkte gesamt.<\/p>\n<p style=\"text-align: justify;\"><strong><br \/>\nAutor &amp; Comedian Bastian Bielendorfer (37) und Ekaterina Leonova (34):\u00a0<\/strong>Charleston, &#8222;Pinky &amp; The Brain Theme&#8220;, Richard Stone. 9 Jurypunkte Einzeltanz + 8 Punkte aus dem Boys vs Girls Battle = 17 Jurypunkte gesamt.<\/p>\n<p style=\"text-align: justify;\"><strong><br \/>\nNachwuchspolitikerin und Autorin Caroline Bosbach (32) und Valentin Lusin (34):<\/strong>\u00a0Tango, &#8222;Be My Baby&#8220;, Vanessa Paradis. 16 Jurypunkte Einzeltanz + 7 Punkte aus dem Boys vs Girls Battle = 23 Jurpunkte gesamt.<\/p>\n<p style=\"text-align: justify;\"><strong><br \/>\nModeratorin, Journalistin &amp; Podcasterin Janin Ullmann (40) und Zsolt S\u00e1ndor Cseke (34):\u00a0<\/strong>Samba, &#8222;Moi Je Joue&#8220;, Brigitte Bardot. 26 Jurypunkte Einzeltanz + 7 Punkte aus dem Boys vs Girls Battle = 33 Jurypunkte gesamt.<\/p>\n<p style=\"text-align: justify;\"><strong><br \/>\nZirkusartist &amp; Ninja Warrior Ren\u00e9 Casselly (25) und Regina Luca (33):\u00a0<\/strong>Rumba, &#8222;Photograph&#8220;, Ed Sheeran. 26 Jurypunkte Einzeltanz + 8 Punkte aus dem Boys vs Girls Battle = 34 Jurypunkte gesamt.*<\/p>\n<p style=\"text-align: justify;\"><em>Quelle f\u00fcr die TV-Quoten: AGF \/ GfK \/ DAP videoSCOPE \/ RTL DATA \/ vorl. gew. \/ Stand: 19.03.2022\u00a0<\/em><\/p>\n<div class=\"mceTemp\"><\/div>\n<p>&nbsp;<\/p>\n<p>&nbsp;<\/p>\n<p style=\"text-align: justify;\">*Im umgewandelten Punkteranking wurde zus\u00e4tzlich der in der Vorwoche ertanzte Bonuspunkt hinzugez\u00e4hlt<\/p>\n<p>&nbsp;<\/p>\n<p>&nbsp;<\/p>\n<p>&nbsp;<\/p>\n<p>&nbsp;<\/p>\n<figure id=\"attachment_180732\" aria-describedby=\"caption-attachment-180732\" style=\"width: 800px\" class=\"wp-caption alignnone\"><img decoding=\"async\" loading=\"lazy\" class=\"size-large wp-image-180732\" src=\"https:\/\/smago.de\/ws2\/wp-content\/uploads\/2022\/03\/1828591-800x533.jpg\" alt=\"\" width=\"800\" height=\"533\" srcset=\"https:\/\/smago.de\/ws2\/wp-content\/uploads\/2022\/03\/1828591-800x533.jpg 800w, https:\/\/smago.de\/ws2\/wp-content\/uploads\/2022\/03\/1828591-522x348.jpg 522w, https:\/\/smago.de\/ws2\/wp-content\/uploads\/2022\/03\/1828591-225x150.jpg 225w, https:\/\/smago.de\/ws2\/wp-content\/uploads\/2022\/03\/1828591-768x512.jpg 768w, https:\/\/smago.de\/ws2\/wp-content\/uploads\/2022\/03\/1828591-1536x1024.jpg 1536w, https:\/\/smago.de\/ws2\/wp-content\/uploads\/2022\/03\/1828591-2048x1365.jpg 2048w, https:\/\/smago.de\/ws2\/wp-content\/uploads\/2022\/03\/1828591-392x261.jpg 392w, https:\/\/smago.de\/ws2\/wp-content\/uploads\/2022\/03\/1828591-130x87.jpg 130w, https:\/\/smago.de\/ws2\/wp-content\/uploads\/2022\/03\/1828591-668x445.jpg 668w, https:\/\/smago.de\/ws2\/wp-content\/uploads\/2022\/03\/1828591-783x522.jpg 783w, https:\/\/smago.de\/ws2\/wp-content\/uploads\/2022\/03\/1828591-285x190.jpg 285w, https:\/\/smago.de\/ws2\/wp-content\/uploads\/2022\/03\/1828591-435x290.jpg 435w, https:\/\/smago.de\/ws2\/wp-content\/uploads\/2022\/03\/1828591-150x100.jpg 150w, https:\/\/smago.de\/ws2\/wp-content\/uploads\/2022\/03\/1828591-370x247.jpg 370w\" sizes=\"(max-width: 800px) 100vw, 800px\" \/><figcaption id=\"caption-attachment-180732\" class=\"wp-caption-text\"><em>Michelle und Christian Polanc tanzen Jive.<\/em><\/p>\n<p><em>Foto-Credit: RTL \/ Stefan Gregorowius<\/em><\/p>\n<p><em>Bitte beachten Sie auch <strong><a href=\"http:\/\/www.tvnow.de\">RTL+<\/a><\/strong>!<\/em><\/figcaption><\/figure>\n<p>&nbsp;<\/p>\n<p>&nbsp;<\/p>\n<p>&nbsp;<\/p>\n<figure id=\"attachment_180733\" aria-describedby=\"caption-attachment-180733\" style=\"width: 800px\" class=\"wp-caption alignnone\"><img decoding=\"async\" loading=\"lazy\" class=\"size-large wp-image-180733\" src=\"https:\/\/smago.de\/ws2\/wp-content\/uploads\/2022\/03\/1828577-800x534.jpg\" alt=\"\" width=\"800\" height=\"534\" srcset=\"https:\/\/smago.de\/ws2\/wp-content\/uploads\/2022\/03\/1828577-800x534.jpg 800w, https:\/\/smago.de\/ws2\/wp-content\/uploads\/2022\/03\/1828577-522x348.jpg 522w, https:\/\/smago.de\/ws2\/wp-content\/uploads\/2022\/03\/1828577-225x150.jpg 225w, https:\/\/smago.de\/ws2\/wp-content\/uploads\/2022\/03\/1828577-768x512.jpg 768w, https:\/\/smago.de\/ws2\/wp-content\/uploads\/2022\/03\/1828577-1536x1025.jpg 1536w, https:\/\/smago.de\/ws2\/wp-content\/uploads\/2022\/03\/1828577-2048x1366.jpg 2048w, https:\/\/smago.de\/ws2\/wp-content\/uploads\/2022\/03\/1828577-392x261.jpg 392w, https:\/\/smago.de\/ws2\/wp-content\/uploads\/2022\/03\/1828577-130x87.jpg 130w, https:\/\/smago.de\/ws2\/wp-content\/uploads\/2022\/03\/1828577-667x445.jpg 667w, https:\/\/smago.de\/ws2\/wp-content\/uploads\/2022\/03\/1828577-783x522.jpg 783w, https:\/\/smago.de\/ws2\/wp-content\/uploads\/2022\/03\/1828577-285x190.jpg 285w, https:\/\/smago.de\/ws2\/wp-content\/uploads\/2022\/03\/1828577-435x290.jpg 435w, https:\/\/smago.de\/ws2\/wp-content\/uploads\/2022\/03\/1828577-150x100.jpg 150w, https:\/\/smago.de\/ws2\/wp-content\/uploads\/2022\/03\/1828577-370x247.jpg 370w\" sizes=\"(max-width: 800px) 100vw, 800px\" \/><figcaption id=\"caption-attachment-180733\" class=\"wp-caption-text\"><em>Mike Singer und Christina Luft tanzen Wiener Walzer.<\/em><\/p>\n<p><em>Foto-Credit: RTL \/ Stefan Gregorowius<\/em><\/p>\n<p><em>Bitte beachten Sie auch <strong><a href=\"http:\/\/www.tvnow.de\">RTL+<\/a><\/strong>!<\/em><\/figcaption><\/figure>\n<p>&nbsp;<\/p>\n<p>&nbsp;<\/p>\n<p>&nbsp;<\/p>\n<p>&nbsp;<\/p>\n<figure id=\"attachment_180720\" aria-describedby=\"caption-attachment-180720\" style=\"width: 800px\" class=\"wp-caption alignnone\"><img decoding=\"async\" loading=\"lazy\" class=\"size-large wp-image-180720\" src=\"https:\/\/smago.de\/ws2\/wp-content\/uploads\/2022\/03\/1828630-800x450.jpg\" alt=\"\" width=\"800\" height=\"450\" srcset=\"https:\/\/smago.de\/ws2\/wp-content\/uploads\/2022\/03\/1828630-800x450.jpg 800w, https:\/\/smago.de\/ws2\/wp-content\/uploads\/2022\/03\/1828630-522x294.jpg 522w, https:\/\/smago.de\/ws2\/wp-content\/uploads\/2022\/03\/1828630-267x150.jpg 267w, https:\/\/smago.de\/ws2\/wp-content\/uploads\/2022\/03\/1828630-768x432.jpg 768w, https:\/\/smago.de\/ws2\/wp-content\/uploads\/2022\/03\/1828630-1536x864.jpg 1536w, https:\/\/smago.de\/ws2\/wp-content\/uploads\/2022\/03\/1828630-2048x1152.jpg 2048w, https:\/\/smago.de\/ws2\/wp-content\/uploads\/2022\/03\/1828630-392x220.jpg 392w, https:\/\/smago.de\/ws2\/wp-content\/uploads\/2022\/03\/1828630-130x73.jpg 130w, https:\/\/smago.de\/ws2\/wp-content\/uploads\/2022\/03\/1828630-791x445.jpg 791w, https:\/\/smago.de\/ws2\/wp-content\/uploads\/2022\/03\/1828630-870x489.jpg 870w, https:\/\/smago.de\/ws2\/wp-content\/uploads\/2022\/03\/1828630-292x164.jpg 292w, https:\/\/smago.de\/ws2\/wp-content\/uploads\/2022\/03\/1828630-435x245.jpg 435w, https:\/\/smago.de\/ws2\/wp-content\/uploads\/2022\/03\/1828630-895x503.jpg 895w\" sizes=\"(max-width: 800px) 100vw, 800px\" \/><figcaption id=\"caption-attachment-180720\" class=\"wp-caption-text\"><em>Die Jury: Jorge Gonz\u00e1lez (l.), Motsi Mabuse und Joachim Llambi<\/em><\/p>\n<p><em>Foto-Credit: RTL \/ Stefan Gregorowius<\/em><\/p>\n<p><em>Bitte beachten Sie auch <strong><a href=\"http:\/\/www.tvnow.de\">RTL+<\/a><\/strong>!<\/em><\/figcaption><\/figure>\n","protected":false},"excerpt":{"rendered":"<p>Aus f\u00fcr Riccardo Basile und Lilly zu Sayn Wittgenstein!<\/p>\n","protected":false},"author":2,"featured_media":180720,"comment_status":"open","ping_status":"closed","sticky":false,"template":"","format":"standard","meta":{"_FSMCFIC_featured_image_caption":"","_FSMCFIC_featured_image_nocaption":"","_FSMCFIC_featured_image_hide":""},"categories":[27,29,128],"tags":[43],"acf":[],"_links":{"self":[{"href":"https:\/\/smago.de\/ws2\/wp-json\/wp\/v2\/posts\/180717"}],"collection":[{"href":"https:\/\/smago.de\/ws2\/wp-json\/wp\/v2\/posts"}],"about":[{"href":"https:\/\/smago.de\/ws2\/wp-json\/wp\/v2\/types\/post"}],"author":[{"embeddable":true,"href":"https:\/\/smago.de\/ws2\/wp-json\/wp\/v2\/users\/2"}],"replies":[{"embeddable":true,"href":"https:\/\/smago.de\/ws2\/wp-json\/wp\/v2\/comments?post=180717"}],"version-history":[{"count":7,"href":"https:\/\/smago.de\/ws2\/wp-json\/wp\/v2\/posts\/180717\/revisions"}],"predecessor-version":[{"id":180735,"href":"https:\/\/smago.de\/ws2\/wp-json\/wp\/v2\/posts\/180717\/revisions\/180735"}],"wp:featuredmedia":[{"embeddable":true,"href":"https:\/\/smago.de\/ws2\/wp-json\/wp\/v2\/media\/180720"}],"wp:attachment":[{"href":"https:\/\/smago.de\/ws2\/wp-json\/wp\/v2\/media?parent=180717"}],"wp:term":[{"taxonomy":"category","embeddable":true,"href":"https:\/\/smago.de\/ws2\/wp-json\/wp\/v2\/categories?post=180717"},{"taxonomy":"post_tag","embeddable":true,"href":"https:\/\/smago.de\/ws2\/wp-json\/wp\/v2\/tags?post=180717"}],"curies":[{"name":"wp","href":"https:\/\/api.w.org\/{rel}","templated":true}]}}