{"id":180621,"date":"2022-03-17T23:59:37","date_gmt":"2022-03-17T22:59:37","guid":{"rendered":"https:\/\/smago.de\/ws2\/?p=180621"},"modified":"2022-03-17T16:33:26","modified_gmt":"2022-03-17T15:33:26","slug":"michael-mittermeier-bernd-stelter-u-a-fr-04-03-2022-in-der-talk-show-riverboat-leipzig-zu-gast","status":"publish","type":"post","link":"https:\/\/smago.de\/ws2\/comedy\/michael-mittermeier-bernd-stelter-u-a-fr-04-03-2022-in-der-talk-show-riverboat-leipzig-zu-gast\/","title":{"rendered":"MICHAEL MITTERMEIER, BERND STELTER u.a. <br>Fr. (04.03.2022) in der Talk-Show &#8222;Riverboat Leipzig&#8220; zu Gast!"},"content":{"rendered":"<p>MDR FERNSEHEN + rbb FERNSEHEN, 22:00 Uhr &#8211; 00:10 Uhr! Moderation: Kim Fisher und J\u00f6rg Kachelmann!<br \/>\n<!--more--><\/p>\n<p>&nbsp;<\/p>\n<p>&nbsp;<\/p>\n<p><strong>Die G\u00e4ste:<\/strong><\/p>\n<p>&nbsp;<\/p>\n<p>&nbsp;<\/p>\n<ul>\n<li>Sven Hannawald, Skisprung-Legende<\/li>\n<li>Jan Josef Liefers, Schauspieler<\/li>\n<li>Edgar Selge, Schauspieler<\/li>\n<li>Michael Mittermeier, Star-Comedian<\/li>\n<li>Aljona Savchenko, Paarlauf-Olympiasiegerin 2018<\/li>\n<li>Maria Gro\u00df, Spitzenk\u00f6chin aus Th\u00fcringen<\/li>\n<li>Bernd Stelter, Entertainer<\/li>\n<li>B\u00e4rbel Sch\u00e4fer, Moderatorin und Buchautorin<\/li>\n<\/ul>\n<p>&nbsp;<\/p>\n<p>&nbsp;<\/p>\n<p>&nbsp;<\/p>\n<p style=\"text-align: justify;\">\n<p style=\"text-align: justify;\"><strong>Sven Hannawald, Skisprung-Legende<\/strong><\/p>\n<p>&nbsp;<\/p>\n<p style=\"text-align: justify;\">\u201eAndere wollten Weltmeister werden oder Olympia gewinnen. Ich wollte den perfekten Sprung machen.\u201c, sagte Sven Hannawald. Am 06. Januar 2002 gelang ihm, was vorher noch niemandem gelungen war: Er gewann alle vier Wettbewerbe bei der Vierschanzentournee. \u201eF\u00fcr mich war die Tournee der Startpunkt meiner Karriere. Schon als kleiner Junge fand ich sie cool\u201c. Nach seinen H\u00f6henfl\u00fcgen folgte der Absturz \u2013 Burnout. 2005 beendete Sven Hannawald krankheitsbedingt seine Karriere. Heute steht der 47-J\u00e4hrige mit beiden Beinen im Leben. Darin findet Skispringen immer noch einen Platz. Der dreifache Vater ist seit 2020 Kommentator und Experte der ARD und steht auch in der aktuellen Saison neben der Schanze.<\/p>\n<p>&nbsp;<\/p>\n<p>&nbsp;<\/p>\n<p>&nbsp;<\/p>\n<p>&nbsp;<\/p>\n<p style=\"text-align: justify;\"><strong>Jan Josef Liefers, Schauspieler<\/strong><\/p>\n<p>&nbsp;<\/p>\n<p style=\"text-align: justify;\">Dass er Krimis eigentlich nicht besonders mag, kann man ihm kaum glauben. Denn Jan Josef Liefers ist einer der beliebtesten TV-Ermittler Deutschlands. Im \u201eTatort\u201c M\u00fcnster geht er seit 2002 als schn\u00f6seliger Gerichtsmediziner Boerne zusammen mit seinem Kollegen Axel Prahl alias Kommissar Thiel auf Verbrecherjagd.<\/p>\n<p style=\"text-align: justify;\">Nun hat der erfolgreiche Schauspieler als Regisseur eine wahre Begebenheit, \u201eeinen Thriller\u201c, wie er es nennt, verfilmt: 1990 findet das Ehepaar Honecker f\u00fcr etwa zehn Wochen bei Pastor Uwe Holmer und seiner Frau in Lobetal Asyl. \u201eDie Geschichte von den Honeckers und den Holmers verfolgt mich, seit ich das erste Mal von ihr h\u00f6rte\u201c, so Liefers.<\/p>\n<p style=\"text-align: justify;\">Seinen Durchbruch als Schauspieler schaffte der geb\u00fcrtige Dresdener 1997 mit gleich zwei Kassenschlagern \u2013 mit Til Schweigers Roadmovie-Kom\u00f6die \u201eKnockin&#8216; on Heaven&#8217;s Door\u201c und Helmut Dietls Gesellschaftssatire \u201eRossini oder die m\u00f6rderische Frage, wer mit wem schlief\u201c. Bei Dietls Film begegneten sich Jan Josef Liefers und Edgar Selge zum ersten Mal vor der Kamera. F\u00fcnfundzwanzig Jahre sp\u00e4ter drehen sie nun wieder zusammen. Denn Edgar Selge sagte zu, als Liefers ihm die Rolle anbot und verk\u00f6rpert in dessen dritter Regie-Arbeit nun Erich Honecker. \u201eHonecker und der Pastor\u201c wird am 21. M\u00e4rz 2022, 20.15 Uhr im ZDF ausgestrahlt. Jan Josef Liefers wohnt mit seiner Frau, Schauspielerin Anna Loos, und den zwei gemeinsamen T\u00f6chtern in Berlin.<\/p>\n<p>&nbsp;<\/p>\n<p>&nbsp;<\/p>\n<p>&nbsp;<\/p>\n<p>&nbsp;<\/p>\n<p style=\"text-align: justify;\"><strong>Edgar Selge, Schauspieler<\/strong><\/p>\n<p>&nbsp;<\/p>\n<p style=\"text-align: justify;\">Sein Vater, ein Gef\u00e4ngnisdirektor im westf\u00e4lischen Herford, war ein leidenschaftlicher Klavierspieler, trug den gleichen Vornamen wie sein Sohn und Musik wurde im Hause Selge gro\u00df geschrieben. Edgar Selge begann daher erst ein Klavierstudium, studierte anschlie\u00dfend Philosophie und Germanistik, bis er schlie\u00dflich den Sprung in die Schauspielerei wagte. Nach seiner Schauspiel-Ausbildung an der Otto-Falckenberg-Schule in M\u00fcnchen f\u00fchrte ihn sein erstes Engagement 1975 ans Berliner Schillertheater, anschlie\u00dfend arbeitete er fast 20 Jahre an den M\u00fcnchner Kammerspielen und gastierte am Wiener Burgtheater, am M\u00fcnchner Resi, am Z\u00fcricher Schauspielhaus und bei den Salzburger Festspielen. Einem gr\u00f6\u00dferen Publikum ist Edgar Selge durch Kino- und TV- Produktionen wie \u201eRossini\u201c von Helmut Dietl oder als einarmiger Kommissar Tauber im \u201ePolizeiruf 110\u201c bekannt. Vor einem Jahr rief ihn Jan Josef Liefers pers\u00f6nlich an, um ihn f\u00fcr seine dritte Regie-Arbeit \u201eHonecker und der Pastor\u201c zu gewinnen \u2013 und Selge sagte zu. Zu sehen ist der Film am 21.03.2022 um 20.15 Uhr im ZDF. Mit 73 Jahren hat der preisgekr\u00f6nte Charakterdarsteller nun sein fulminantes, literarisches Deb\u00fct ver\u00f6ffentlicht. In der autobiografischen Erz\u00e4hlung \u201eHast du uns endlich gefunden\u201c beschreibt er auf anr\u00fchrende Weise seine Kindheit in den 60iger Jahren. Edgar Selge ist mit der Schauspielerin Franziska Walser verheiratet. Das Paar hat zwei Kinder und lebt in Berlin und M\u00fcnchen.<\/p>\n<p>&nbsp;<\/p>\n<p>&nbsp;<\/p>\n<p>&nbsp;<\/p>\n<p>&nbsp;<\/p>\n<p style=\"text-align: justify;\"><strong>Michael Mittermeier, Star-Comedian<\/strong><\/p>\n<p>&nbsp;<\/p>\n<p style=\"text-align: justify;\">Der K\u00f6nig der TV-Junkies ist zur\u00fcck \u2013 mit Buch und B\u00fchnenprogramm! 25 Jahre nach seinem Durchbruch mit \u201eZAPPED\u201c will es Michael Mittermeier noch mal wissen. Corona hat ihn angefixt und nun hei\u00dft es: Nur noch eine Folge! Fernsehen von A bis ZAPPED!\u201c. Der Comedian nimmt in seinem neuen Buch von \u201eLassie\u201c bis zu \u201eGames of Thrones\u201c und \u201eDie H\u00f6hle der L\u00f6wen\u201c bis \u201eThe Crown\u201c unser Fernsehprogramm kritisch unter die Lupe. Er zerlegt wie kein anderer die Fernsehlandschaft, egal ob Werbespot, Serie, Kriminalsendung oder tierische Hauptdarsteller. Er blickt auf 50 Jahre Fernsehgeschichte zur\u00fcck und will wieder ein mediales Lagerfeuer z\u00fcnden. Ab April on Tour und schon jetzt im MDR RIVERBOAT.<\/p>\n<p>&nbsp;<\/p>\n<p>&nbsp;<\/p>\n<p>&nbsp;<\/p>\n<p>&nbsp;<\/p>\n<p style=\"text-align: justify;\"><strong>Aljona Savchenko, Paarlauf-Olympiasiegerin 2018<\/strong><\/p>\n<p>&nbsp;<\/p>\n<p>&nbsp;<\/p>\n<p>&nbsp;<\/p>\n<p>&nbsp;<\/p>\n<p>&nbsp;<\/p>\n<p>&nbsp;<\/p>\n<p>&nbsp;<\/p>\n<p style=\"text-align: justify;\">Als die ehemalige Ukrainerin Aljona Savchenko 2003 nach Deutschland kam, hatte sie einen gro\u00dfen Traum, sie wollte eines Tages die beste Eiskunstl\u00e4uferin der Welt sein und eine goldene Medaille bei Olympia gewinnen. Damals kannte sie in Deutschland kaum einer, doch an der Seite des Greifswalders Robin Szolkowy k\u00e4mpfte sich Aljona schnell an die Weltspitze. Ihr Trainer war lange Zeit der Chemnitzer Ingo Steuer, der selbst im Paarlauf viele Medaillen in den 80er und 90er-Jahren gewann. Doch das Team zerbrach 2014, als es bei Olympia in Sotschi nur zu Platz 3 reichte. Aufgeben war f\u00fcr die junge Sportlerin keine Option. Aljona k\u00e4mpfte weiter, mit neuem Partner und neuen Trainern, bis sie mit dem Franzosen Bruno Massot 2018 endlich das ersehnte Gold bei der Olympiade in Pyeongchang schaffte. Die aktuelle Dokumentation &#8222;Die K\u00fcr ihres Lebens\u201c begleitet das deutsch-franz\u00f6sische Eislauf-Paar bei ihrem Kampf um die goldene Medaille 2018 im s\u00fcdkoreanischen Pyeongchang. Der Film erkl\u00e4rt, warum es f\u00fcr die zierliche Sportlerin lange Zeit nur absolute H\u00e4rte gegen sich selbst und eiserne Disziplin gab. Zu sehen ist sie schon jetzt in der ARD Mediathek und am 20. M\u00e4rz im MDR Fernsehen.<\/p>\n<p>&nbsp;<\/p>\n<p>&nbsp;<\/p>\n<p>&nbsp;<\/p>\n<p>&nbsp;<\/p>\n<p style=\"text-align: justify;\"><strong>Maria Gro\u00df, Spitzenk\u00f6chin aus Th\u00fcringen<\/strong><\/p>\n<p>&nbsp;<\/p>\n<p style=\"text-align: justify;\">Die Idee, sich selbst mit Obst, Gem\u00fcse und Kr\u00e4utern zu versorgen, ist so alt wie die Menschheitsgeschichte. Doch immer weniger trauen sich, etwa einen Garten zu bewirtschaften. Dabei ist es gar nicht so schwer, meint die TV- und Sternek\u00f6chin Maria Gro\u00df. Sie betreibt mit ihrem Partner Matthias Steube seit 2015 das Restaurant Bachstelze im Erfurter Stadtteil Bischleben. Die Coronazeit brachte sie auf die Idee, den regionalen Anspruch bei ihren Gerichten auch mit Produkten aus dem eigenen Garten zu erf\u00fcllen. Die Erfahrungen eines ganzen Gartenjahres teilt sie nun mit uns in ihrem Buch &#8222;MEIN GARTEN, MEINE REZEPTE. Anbauen, ernten, kochen, genie\u00dfen&#8220;. Dabei war nicht alles von einem Erfolg gekr\u00f6nt. Warum Bohnen f\u00fcr sie zu einem Grauen wurden, und welches Schicksal Rammler Ali erleiden musste, das erz\u00e4hlt sie uns auf dem Riverboat. Dazu gibt es nat\u00fcrlich einfache und geniale Kochtipps, f\u00fcr die heimische K\u00fcche.<\/p>\n<p>&nbsp;<\/p>\n<p>&nbsp;<\/p>\n<p>&nbsp;<\/p>\n<p>&nbsp;<\/p>\n<p style=\"text-align: justify;\"><strong>Bernd Stelter, Entertainer<\/strong><\/p>\n<p>&nbsp;<\/p>\n<p style=\"text-align: justify;\">Seit 30 Jahren z\u00e4hlt Bernd Stelter zu den bekanntesten und beliebtesten deutschen Entertainern. Er ist aus dem Karneval nicht wegzudenken und ist jetzt zu seinen TV-Anf\u00e4ngen bei \u201e7 Tage 7 K\u00f6pfe\u201c zur\u00fcckgekehrt. Der 60j\u00e4hrige ist au\u00dferdem auch Buch-Autor von mittlerweile sieben B\u00fcchern. In seinem neuesten Werk \u201eWer \u00e4lter wird, braucht Spa\u00df im Leben\u201c versucht er alles f\u00fcr ein sch\u00f6nes drittes Drittel seines Lebens. Dazu geh\u00f6ren: Fit bleiben durch Gehen und Golf, Gehirntraining durch Sprachen lernen und gl\u00fcckliche Momente schaffen und ganz wichtig: viel Lachen. Denn eins will er auf gar keinen Fall: als verbitterter Ruhest\u00e4ndler in der Sofaecke sitzen und nichts tun.<\/p>\n<p>&nbsp;<\/p>\n<p>&nbsp;<\/p>\n<p>&nbsp;<\/p>\n<p>&nbsp;<\/p>\n<p style=\"text-align: justify;\"><strong>B\u00e4rbel Sch\u00e4fer, Moderatorin und Buchautorin<\/strong><\/p>\n<p>&nbsp;<\/p>\n<p style=\"text-align: justify;\">Vor 20 Jahren noch war sie jeden Nachmittag zu Gast in Deutschlands Wohnzimmern: von 1998 bis 2002 moderierte B\u00e4rbel Sch\u00e4fer ihre t\u00e4gliche Talkshow 1.500 mal! Ihre Lust auf Menschen und deren Geschichten ist auch heute noch ungebremst. Die 58-J\u00e4hrige l\u00e4sst beim HR3-Sonntagstalk ihrer Neugier freien Lauf.<\/p>\n<p style=\"text-align: justify;\">Bereits acht Sachb\u00fccher hat die geb\u00fcrtige Bremerin geschrieben: Leben nach Krebs, die Liebe, der Umgang mit Tod oder das \u00dcberleben des Holocaust \u2013 die Themen, denen sich B\u00e4rbel Sch\u00e4fer widmet sind nicht seicht. Sie ist eine Frau mit Haltung: \u201eDas Leben ist kein Spaziergang, sondern es ist f\u00fcr alle in unterschiedlichen Phasen eher eine Achterbahnfahrt. Das Schreiben hat mir<\/p>\n<p style=\"text-align: justify;\">geholfen, alles rauszulassen\u201c, sagte sie einem Interview. Ihre Begegnung und auch biografische Auseinandersetzung mit dem Tabu Thema Einsamkeit beschreibt B\u00e4rbel Sch\u00e4fer sehr pers\u00f6nlich in ihrem neuesten Werk \u201eAvas Geheimnis. Meine Begegnung mit der Einsamkeit\u201c.<\/p>\n<p>&nbsp;<\/p>\n<p>&nbsp;<\/p>\n<p>&nbsp;<\/p>\n<figure id=\"attachment_159495\" aria-describedby=\"caption-attachment-159495\" style=\"width: 800px\" class=\"wp-caption alignnone\"><img decoding=\"async\" loading=\"lazy\" class=\"size-large wp-image-159495\" src=\"https:\/\/smago.de\/ws2\/wp-content\/uploads\/2021\/01\/1_Riverboat_Fisher_Kachelmann_2019-800x528.jpg\" alt=\"\" width=\"800\" height=\"528\" srcset=\"https:\/\/smago.de\/ws2\/wp-content\/uploads\/2021\/01\/1_Riverboat_Fisher_Kachelmann_2019-800x528.jpg 800w, https:\/\/smago.de\/ws2\/wp-content\/uploads\/2021\/01\/1_Riverboat_Fisher_Kachelmann_2019-522x345.jpg 522w, https:\/\/smago.de\/ws2\/wp-content\/uploads\/2021\/01\/1_Riverboat_Fisher_Kachelmann_2019-227x150.jpg 227w, https:\/\/smago.de\/ws2\/wp-content\/uploads\/2021\/01\/1_Riverboat_Fisher_Kachelmann_2019-768x507.jpg 768w, https:\/\/smago.de\/ws2\/wp-content\/uploads\/2021\/01\/1_Riverboat_Fisher_Kachelmann_2019-1536x1014.jpg 1536w, https:\/\/smago.de\/ws2\/wp-content\/uploads\/2021\/01\/1_Riverboat_Fisher_Kachelmann_2019-2048x1352.jpg 2048w, https:\/\/smago.de\/ws2\/wp-content\/uploads\/2021\/01\/1_Riverboat_Fisher_Kachelmann_2019-392x259.jpg 392w, https:\/\/smago.de\/ws2\/wp-content\/uploads\/2021\/01\/1_Riverboat_Fisher_Kachelmann_2019-130x86.jpg 130w, https:\/\/smago.de\/ws2\/wp-content\/uploads\/2021\/01\/1_Riverboat_Fisher_Kachelmann_2019-674x445.jpg 674w, https:\/\/smago.de\/ws2\/wp-content\/uploads\/2021\/01\/1_Riverboat_Fisher_Kachelmann_2019-791x522.jpg 791w, https:\/\/smago.de\/ws2\/wp-content\/uploads\/2021\/01\/1_Riverboat_Fisher_Kachelmann_2019-288x190.jpg 288w, https:\/\/smago.de\/ws2\/wp-content\/uploads\/2021\/01\/1_Riverboat_Fisher_Kachelmann_2019-435x287.jpg 435w, https:\/\/smago.de\/ws2\/wp-content\/uploads\/2021\/01\/1_Riverboat_Fisher_Kachelmann_2019-150x100.jpg 150w\" sizes=\"(max-width: 800px) 100vw, 800px\" \/><figcaption id=\"caption-attachment-159495\" class=\"wp-caption-text\"><em>Foto-Credit: MDR \/ Kirsten Nijhof<\/em><\/figcaption><\/figure>\n","protected":false},"excerpt":{"rendered":"<p>MDR FERNSEHEN + rbb FERNSEHEN, 22:00 Uhr &#8211; 00:10 Uhr! Moderation: Kim Fisher und J\u00f6rg Kachelmann!<\/p>\n","protected":false},"author":2,"featured_media":159495,"comment_status":"open","ping_status":"closed","sticky":false,"template":"","format":"standard","meta":{"_FSMCFIC_featured_image_caption":"","_FSMCFIC_featured_image_nocaption":"","_FSMCFIC_featured_image_hide":""},"categories":[3,23],"tags":[131],"acf":[],"_links":{"self":[{"href":"https:\/\/smago.de\/ws2\/wp-json\/wp\/v2\/posts\/180621"}],"collection":[{"href":"https:\/\/smago.de\/ws2\/wp-json\/wp\/v2\/posts"}],"about":[{"href":"https:\/\/smago.de\/ws2\/wp-json\/wp\/v2\/types\/post"}],"author":[{"embeddable":true,"href":"https:\/\/smago.de\/ws2\/wp-json\/wp\/v2\/users\/2"}],"replies":[{"embeddable":true,"href":"https:\/\/smago.de\/ws2\/wp-json\/wp\/v2\/comments?post=180621"}],"version-history":[{"count":1,"href":"https:\/\/smago.de\/ws2\/wp-json\/wp\/v2\/posts\/180621\/revisions"}],"predecessor-version":[{"id":180622,"href":"https:\/\/smago.de\/ws2\/wp-json\/wp\/v2\/posts\/180621\/revisions\/180622"}],"wp:featuredmedia":[{"embeddable":true,"href":"https:\/\/smago.de\/ws2\/wp-json\/wp\/v2\/media\/159495"}],"wp:attachment":[{"href":"https:\/\/smago.de\/ws2\/wp-json\/wp\/v2\/media?parent=180621"}],"wp:term":[{"taxonomy":"category","embeddable":true,"href":"https:\/\/smago.de\/ws2\/wp-json\/wp\/v2\/categories?post=180621"},{"taxonomy":"post_tag","embeddable":true,"href":"https:\/\/smago.de\/ws2\/wp-json\/wp\/v2\/tags?post=180621"}],"curies":[{"name":"wp","href":"https:\/\/api.w.org\/{rel}","templated":true}]}}