{"id":180603,"date":"2022-03-17T23:59:36","date_gmt":"2022-03-17T22:59:36","guid":{"rendered":"https:\/\/smago.de\/ws2\/?p=180603"},"modified":"2022-03-17T16:07:49","modified_gmt":"2022-03-17T15:07:49","slug":"ralf-schmitz-u-a-am-freitag-18-03-2022-in-der-talk-show-koelner-treff-zu-gast","status":"publish","type":"post","link":"https:\/\/smago.de\/ws2\/comedy\/ralf-schmitz-u-a-am-freitag-18-03-2022-in-der-talk-show-koelner-treff-zu-gast\/","title":{"rendered":"RALF SCHMITZ u.a.<br>Am Freitag (18.03.2022) in der Talk-Show &#8222;K\u00f6lner Treff&#8220; zu Gast!"},"content":{"rendered":"<p>WDR Fernsehen, 22:00 Uhr &#8211; 23:30 Uhr (Wh. in der Nacht auf 19.03., 00:15 Uhr &#8211; 01:45 Uhr; 2. Wh.: 20.03., 10:00 Uhr &#8211; 11:30 Uhr)! Moderation: Susan Link und Micky Beisenherz!<br \/>\n<!--more--><\/p>\n<p>&nbsp;<\/p>\n<p>&nbsp;<\/p>\n<p><strong>Zu Gast sind:<\/strong><\/p>\n<p style=\"text-align: justify;\">\n<p style=\"text-align: justify;\">\n<p style=\"text-align: justify;\"><strong>Margarita Broich<\/strong><\/p>\n<p>&nbsp;<\/p>\n<p style=\"text-align: justify;\">Als Frankfurter Tatortkommissarin Anna Janneke ist sie Millionen Zuschauer:innen ans Herz gewachsen. Dabei \u00fcberzeugt die beliebte Schauspielerin nicht nur auf der B\u00fchne und vor der Kamera. Auch als Fotografin hat sie sich einen Namen gemacht und beweist einen besonderen Blick auf Menschen. In ihrem aktuellen Kinofilm spielt sie denn auch eine Filmemacherin, die sich auf Spurensuche in ihre Kindheit und Jugend im patriarchalisch gepr\u00e4gten Nachkriegs-Deutschland macht. Margarita Broich selbst ist im Westerwald der 1960er\/70er Jahre aufgewachsen.<\/p>\n<p>&nbsp;<\/p>\n<p>&nbsp;<\/p>\n<p>&nbsp;<\/p>\n<p>&nbsp;<\/p>\n<p style=\"text-align: justify;\"><strong>Ralf Schmitz<\/strong><\/p>\n<p>&nbsp;<\/p>\n<p style=\"text-align: justify;\">Er ist Comedian, Entertainer, S\u00e4nger, T\u00e4nzer, Bestseller-Autor, ein Improvisationstalent und ein beinah unersch\u00f6pfliches Energieb\u00fcndel! Und er meldet sich nun endlich auf der B\u00fchne zur\u00fcck. In Zeiten, in denen eine verl\u00e4ssliche Ferienplanung beinahe unm\u00f6glich scheint, verg\u00f6nnt uns der Komiker die ersehnte &#8222;Auszeit&#8220; und erz\u00e4hlt im K\u00f6lner Treff von skurrilen Urlaubserlebnissen, ungew\u00f6hnlichen Herausforderungen und eigenen Urlaubserinnerungen! Dabei erfahren wir unter anderem, was passieren kann, wenn man sich zu n\u00e4chtlicher Stunde und nur sp\u00e4rlich bekleidet aus dem eigenen Hotelzimmer ausschlie\u00dft.<\/p>\n<p>&nbsp;<\/p>\n<p>&nbsp;<\/p>\n<p>&nbsp;<\/p>\n<p>&nbsp;<\/p>\n<p style=\"text-align: justify;\"><strong>Marleen Lohse<\/strong><\/p>\n<p>&nbsp;<\/p>\n<p style=\"text-align: justify;\">Die Schauspielerin mit der roten Lockenm\u00e4hne ist ein echtes Nordlicht und stammt aus einem Dorf in der N\u00e4he von Hamburg. Mit 12 wurde sie f\u00fcr das Fernsehen entdeckt und \u00fcbernahm die Hauptrolle in einer beliebten Kinderserie. Nach dem Abitur stellte sie ihre k\u00fcnstlerische T\u00e4tigkeit auf eine solide Basis und schloss noch ein Schauspielstudium ab. Regelm\u00e4\u00dfig ist sie seither in unterschiedlichen Fernseh- und Kinoproduktionen zu sehen. Au\u00dferdem entwickelt sie Drehb\u00fccher, singt und spielt Gitarre. Ihre Freizeit verbringt die Wahlberlinerin am liebsten als Hobby-G\u00e4rtnerin in einer kleinen Datsche an der Havel.<\/p>\n<p>&nbsp;<\/p>\n<p>&nbsp;<\/p>\n<p>&nbsp;<\/p>\n<p>&nbsp;<\/p>\n<p style=\"text-align: justify;\"><strong>Hubertus Meyer-Burckhardt<\/strong><\/p>\n<p>&nbsp;<\/p>\n<p style=\"text-align: justify;\">Er ist Moderator, Filmproduzent, Journalist, Autor und seit neuestem Podcaster. Stillstand ist Hubertus Meyer-Burckhardt fremd. Seit 2008 ist er gemeinsam mit Barbara Sch\u00f6neberger Gastgeber der NDR Talkshow. Jetzt gesteht er, dass er sich lieber mit Frauen als mit M\u00e4nnern unterhalte. Gepr\u00e4gt durch seinen oft alkoholisierten und gewaltt\u00e4tigen Vater, h\u00e4lt er Frauen f\u00fcr das vielschichtigere Geschlecht: &#8222;Frauen werden im Alter eher anarchisch, M\u00e4nner eher bedeutungsschwanger.&#8220; \u00dcber die Frauen seines Lebens, was er von ihnen gelernt und wer ihn am meisten beeindruckt hat, erz\u00e4hlt uns der Hubertus Meyer-Burckhardt im K\u00f6lner Treff.<\/p>\n<p>&nbsp;<\/p>\n<p>&nbsp;<\/p>\n<p>&nbsp;<\/p>\n<p>&nbsp;<\/p>\n<p style=\"text-align: justify;\"><strong>Samira El Ouassil<\/strong><\/p>\n<p>&nbsp;<\/p>\n<p style=\"text-align: justify;\">Die Journalistin ist das beste Beispiel daf\u00fcr, dass es beruflich nicht immer &#8222;entweder, oder&#8220; hei\u00dfen muss &#8211; sondern eher &#8222;sowohl als auch!&#8220; So ist die 37-J\u00e4hrige eben nicht nur pr\u00e4mierte Journalistin, Autorin und Publizistin, sondern auch Schauspielerin, Podcasterin und Musikerin. Wie vielseitig ihre Talente sind, beweist dar\u00fcber hinaus die Tatsache, dass sie sowohl Bundestagsreden schrieb als auch Comedytexte. Ach, ja&#8230; Kanzlerkandidatin war sie auch schon fast&#8230; Bleibt eigentlich nur die Frage offen: Gibt es etwas, das diese Frau nicht kann?!<\/p>\n<p>&nbsp;<\/p>\n<p>&nbsp;<\/p>\n<p>&nbsp;<\/p>\n<p>&nbsp;<\/p>\n<p style=\"text-align: justify;\"><strong>Dietmar Wischmeyer<\/strong><\/p>\n<p>&nbsp;<\/p>\n<p style=\"text-align: justify;\">Der Satiriker z\u00e4hlt zu den erfolgreichsten Protagonisten der deutschen Humorlandschaft. Dietmar Wischmeyer tourt mit wechselnden Programmen durch Deutschland, tritt regelm\u00e4\u00dfig in der &#8222;heute-show&#8220; auf und ist in etlichen Radiostationen zu h\u00f6ren. In seiner Karriere, die 1988 beim Radio begann, erhielt er zahlreiche Preise, darunter den Deutschen Comedypreis und bereits zweimal den Deutschen Fernsehpreis. Aktuell besch\u00e4ftigt er sich als Autor mit Erinnerungen an die letzten 16 Jahre unter Kanzlerin Merkel, dem von ihm sogenannten &#8222;Merkeloz\u00e4n&#8220; &#8211; f\u00fcr den 65-j\u00e4hrigen eine &#8222;total krasse Zeit.<\/p>\n<p style=\"text-align: justify;\">\n<p style=\"text-align: justify;\">\n<figure id=\"attachment_149386\" aria-describedby=\"caption-attachment-149386\" style=\"width: 800px\" class=\"wp-caption alignnone\"><img decoding=\"async\" loading=\"lazy\" class=\"size-large wp-image-149386\" src=\"https:\/\/smago.de\/ws2\/wp-content\/uploads\/2020\/07\/1_Koelner_Sommer_Treff_2018-800x528.jpg\" alt=\"\" width=\"800\" height=\"528\" srcset=\"https:\/\/smago.de\/ws2\/wp-content\/uploads\/2020\/07\/1_Koelner_Sommer_Treff_2018-800x528.jpg 800w, https:\/\/smago.de\/ws2\/wp-content\/uploads\/2020\/07\/1_Koelner_Sommer_Treff_2018-522x345.jpg 522w, https:\/\/smago.de\/ws2\/wp-content\/uploads\/2020\/07\/1_Koelner_Sommer_Treff_2018-227x150.jpg 227w, https:\/\/smago.de\/ws2\/wp-content\/uploads\/2020\/07\/1_Koelner_Sommer_Treff_2018-768x507.jpg 768w, https:\/\/smago.de\/ws2\/wp-content\/uploads\/2020\/07\/1_Koelner_Sommer_Treff_2018-1536x1014.jpg 1536w, https:\/\/smago.de\/ws2\/wp-content\/uploads\/2020\/07\/1_Koelner_Sommer_Treff_2018-2048x1352.jpg 2048w, https:\/\/smago.de\/ws2\/wp-content\/uploads\/2020\/07\/1_Koelner_Sommer_Treff_2018-392x259.jpg 392w, https:\/\/smago.de\/ws2\/wp-content\/uploads\/2020\/07\/1_Koelner_Sommer_Treff_2018-130x86.jpg 130w, https:\/\/smago.de\/ws2\/wp-content\/uploads\/2020\/07\/1_Koelner_Sommer_Treff_2018-674x445.jpg 674w, https:\/\/smago.de\/ws2\/wp-content\/uploads\/2020\/07\/1_Koelner_Sommer_Treff_2018-791x522.jpg 791w, https:\/\/smago.de\/ws2\/wp-content\/uploads\/2020\/07\/1_Koelner_Sommer_Treff_2018-288x190.jpg 288w, https:\/\/smago.de\/ws2\/wp-content\/uploads\/2020\/07\/1_Koelner_Sommer_Treff_2018-435x287.jpg 435w, https:\/\/smago.de\/ws2\/wp-content\/uploads\/2020\/07\/1_Koelner_Sommer_Treff_2018-150x100.jpg 150w\" sizes=\"(max-width: 800px) 100vw, 800px\" \/><figcaption id=\"caption-attachment-149386\" class=\"wp-caption-text\"><em>Foto-Credit: WDR \/ Melanie Grande<\/em><\/figcaption><\/figure>\n","protected":false},"excerpt":{"rendered":"<p>WDR Fernsehen, 22:00 Uhr &#8211; 23:30 Uhr (Wh. in der Nacht auf 19.03., 00:15 Uhr &#8211; 01:45 Uhr; 2. Wh.:<\/p>\n","protected":false},"author":2,"featured_media":149386,"comment_status":"open","ping_status":"closed","sticky":false,"template":"","format":"standard","meta":{"_FSMCFIC_featured_image_caption":"","_FSMCFIC_featured_image_nocaption":"","_FSMCFIC_featured_image_hide":""},"categories":[3,128],"tags":[129],"acf":[],"_links":{"self":[{"href":"https:\/\/smago.de\/ws2\/wp-json\/wp\/v2\/posts\/180603"}],"collection":[{"href":"https:\/\/smago.de\/ws2\/wp-json\/wp\/v2\/posts"}],"about":[{"href":"https:\/\/smago.de\/ws2\/wp-json\/wp\/v2\/types\/post"}],"author":[{"embeddable":true,"href":"https:\/\/smago.de\/ws2\/wp-json\/wp\/v2\/users\/2"}],"replies":[{"embeddable":true,"href":"https:\/\/smago.de\/ws2\/wp-json\/wp\/v2\/comments?post=180603"}],"version-history":[{"count":2,"href":"https:\/\/smago.de\/ws2\/wp-json\/wp\/v2\/posts\/180603\/revisions"}],"predecessor-version":[{"id":180605,"href":"https:\/\/smago.de\/ws2\/wp-json\/wp\/v2\/posts\/180603\/revisions\/180605"}],"wp:featuredmedia":[{"embeddable":true,"href":"https:\/\/smago.de\/ws2\/wp-json\/wp\/v2\/media\/149386"}],"wp:attachment":[{"href":"https:\/\/smago.de\/ws2\/wp-json\/wp\/v2\/media?parent=180603"}],"wp:term":[{"taxonomy":"category","embeddable":true,"href":"https:\/\/smago.de\/ws2\/wp-json\/wp\/v2\/categories?post=180603"},{"taxonomy":"post_tag","embeddable":true,"href":"https:\/\/smago.de\/ws2\/wp-json\/wp\/v2\/tags?post=180603"}],"curies":[{"name":"wp","href":"https:\/\/api.w.org\/{rel}","templated":true}]}}