{"id":180556,"date":"2022-03-17T10:00:57","date_gmt":"2022-03-17T09:00:57","guid":{"rendered":"https:\/\/smago.de\/ws2\/?p=180556"},"modified":"2022-03-17T10:09:30","modified_gmt":"2022-03-17T09:09:30","slug":"daniela-alfinito-eric-philippi-marianne-rosenberg-maria-voskania-anna-carina-woitschack-giovanni-zarrella-3-cd-box-set-schlager-fuer-alle-fruehjahr-sommer-2022-ab-18-03-im-handel","status":"publish","type":"post","link":"https:\/\/smago.de\/ws2\/pop-schlager\/daniela-alfinito-eric-philippi-marianne-rosenberg-maria-voskania-anna-carina-woitschack-giovanni-zarrella-3-cd-box-set-schlager-fuer-alle-fruehjahr-sommer-2022-ab-18-03-im-handel\/","title":{"rendered":"DANIELA ALFINITO, ERIC PHILIPPI, MARIANNE ROSENBERG, MARIA VOSKANIA, ANNA-CARINA WOITSCHACK, GIOVANNI ZARRELLA <br>3-CD Box-Set &#8222;Schlager F\u00fcr Alle: Fr\u00fchjahr \/ Sommer 2022&#8220; ab 18.03. im Handel!"},"content":{"rendered":"<p>Prall gef\u00fcllt mit den aktuellen Schlagerhits!<br \/>\n<!--more--><\/p>\n<p>&nbsp;<\/p>\n<p>&nbsp;<\/p>\n<p style=\"text-align: justify;\">Mit einem gewaltigen Songambiente startet die musikalische Fr\u00fchjahr \/Sommersaison 2022. Auf <strong>\u201eSchlager f\u00fcr Alle \u2013 Fr\u00fchjahr \/ Sommer 2022\u201c<\/strong> sind ganze <strong>60! Hits<\/strong> auf drei CDs geb\u00fcndelt mit den Stars der Szene und sie ist damit die umfangreichste Sammlung in ihrer Zusammenstellung. Eine Kollektion, die kurzweiliges H\u00f6rvergn\u00fcgen verspricht und auf der jeder einzelne Song ein wahrlich sonniges Gem\u00e4lde portr\u00e4tiert.<\/p>\n<p style=\"text-align: justify;\">Showgr\u00f6\u00dfe <strong>Giovanni Zarrella<\/strong> oder Shootingstar <strong>Eric Philippi<\/strong> repr\u00e4sentieren diese Kompilation. Gleichsam mit Chartst\u00fcrmerin <strong>Daniela Alfinito<\/strong>, Schlagerurgestein <strong>G.G. Anderson<\/strong> und selbstverst\u00e4ndlich auch das erfolgreichste Schlagerduo Europas <strong>Die Amigos<\/strong> runden die enorme Soundvielfalt auf <strong>\u201eSchlager f\u00fcr Alle \u2013 Fr\u00fchjahr \/ Sommer 2022\u201c<\/strong> gemeinsam mit Schlagerchallenge- \u00dcberraschung <strong>Romy Kirsch<\/strong> oder gleicherweise <strong>Art Garfunkel jr. &amp; Art Garfunkel<\/strong> mit dem Welthit \u201eSound of Silence\u201c in ihrer ausgezeichneten deutschsprachigen Version ab.<\/p>\n<p style=\"text-align: justify;\">Die 3-CD Compilation &#8222;<strong>Schlager f\u00fcr Alle \u2013 Fr\u00fchjahr \/ Sommer 2022\u201c <\/strong>erscheint am 18. M\u00e4rz 2022 bei TELAMO.<\/p>\n<p>&nbsp;<\/p>\n<p><img decoding=\"async\" loading=\"lazy\" class=\"alignnone size-large wp-image-180558\" src=\"https:\/\/smago.de\/ws2\/wp-content\/uploads\/2022\/03\/schlagerfuer_2-800x786.jpg\" alt=\"\" width=\"800\" height=\"786\" srcset=\"https:\/\/smago.de\/ws2\/wp-content\/uploads\/2022\/03\/schlagerfuer_2-800x786.jpg 800w, https:\/\/smago.de\/ws2\/wp-content\/uploads\/2022\/03\/schlagerfuer_2-522x513.jpg 522w, https:\/\/smago.de\/ws2\/wp-content\/uploads\/2022\/03\/schlagerfuer_2-153x150.jpg 153w, https:\/\/smago.de\/ws2\/wp-content\/uploads\/2022\/03\/schlagerfuer_2-768x754.jpg 768w, https:\/\/smago.de\/ws2\/wp-content\/uploads\/2022\/03\/schlagerfuer_2-277x272.jpg 277w, https:\/\/smago.de\/ws2\/wp-content\/uploads\/2022\/03\/schlagerfuer_2-611x600.jpg 611w, https:\/\/smago.de\/ws2\/wp-content\/uploads\/2022\/03\/schlagerfuer_2-130x128.jpg 130w, https:\/\/smago.de\/ws2\/wp-content\/uploads\/2022\/03\/schlagerfuer_2-453x445.jpg 453w, https:\/\/smago.de\/ws2\/wp-content\/uploads\/2022\/03\/schlagerfuer_2-532x522.jpg 532w, https:\/\/smago.de\/ws2\/wp-content\/uploads\/2022\/03\/schlagerfuer_2-193x190.jpg 193w, https:\/\/smago.de\/ws2\/wp-content\/uploads\/2022\/03\/schlagerfuer_2-295x290.jpg 295w, https:\/\/smago.de\/ws2\/wp-content\/uploads\/2022\/03\/schlagerfuer_2.jpg 1500w\" sizes=\"(max-width: 800px) 100vw, 800px\" \/><\/p>\n","protected":false},"excerpt":{"rendered":"<p>Prall gef\u00fcllt mit den aktuellen Schlagerhits!<\/p>\n","protected":false},"author":2,"featured_media":180557,"comment_status":"open","ping_status":"closed","sticky":false,"template":"","format":"standard","meta":{"_FSMCFIC_featured_image_caption":"","_FSMCFIC_featured_image_nocaption":"","_FSMCFIC_featured_image_hide":""},"categories":[28,29],"tags":[547],"acf":[],"_links":{"self":[{"href":"https:\/\/smago.de\/ws2\/wp-json\/wp\/v2\/posts\/180556"}],"collection":[{"href":"https:\/\/smago.de\/ws2\/wp-json\/wp\/v2\/posts"}],"about":[{"href":"https:\/\/smago.de\/ws2\/wp-json\/wp\/v2\/types\/post"}],"author":[{"embeddable":true,"href":"https:\/\/smago.de\/ws2\/wp-json\/wp\/v2\/users\/2"}],"replies":[{"embeddable":true,"href":"https:\/\/smago.de\/ws2\/wp-json\/wp\/v2\/comments?post=180556"}],"version-history":[{"count":3,"href":"https:\/\/smago.de\/ws2\/wp-json\/wp\/v2\/posts\/180556\/revisions"}],"predecessor-version":[{"id":180561,"href":"https:\/\/smago.de\/ws2\/wp-json\/wp\/v2\/posts\/180556\/revisions\/180561"}],"wp:featuredmedia":[{"embeddable":true,"href":"https:\/\/smago.de\/ws2\/wp-json\/wp\/v2\/media\/180557"}],"wp:attachment":[{"href":"https:\/\/smago.de\/ws2\/wp-json\/wp\/v2\/media?parent=180556"}],"wp:term":[{"taxonomy":"category","embeddable":true,"href":"https:\/\/smago.de\/ws2\/wp-json\/wp\/v2\/categories?post=180556"},{"taxonomy":"post_tag","embeddable":true,"href":"https:\/\/smago.de\/ws2\/wp-json\/wp\/v2\/tags?post=180556"}],"curies":[{"name":"wp","href":"https:\/\/api.w.org\/{rel}","templated":true}]}}