{"id":180474,"date":"2022-03-15T14:45:11","date_gmt":"2022-03-15T13:45:11","guid":{"rendered":"https:\/\/smago.de\/ws2\/?p=180474"},"modified":"2022-03-15T14:45:22","modified_gmt":"2022-03-15T13:45:22","slug":"smago-informiert-dr-norbert-himmler-tritt-amt-als-zdf-intendant-an","status":"publish","type":"post","link":"https:\/\/smago.de\/ws2\/smago-informiert\/smago-informiert-dr-norbert-himmler-tritt-amt-als-zdf-intendant-an\/","title":{"rendered":"smago! INFORMIERT <br>Dr. Norbert Himmler tritt Amt als ZDF-Intendant an!"},"content":{"rendered":"<p>Himmler: &#8222;Ich stehe f\u00fcr ein ZDF, das die Menschen verbindet.&#8220;!<br \/>\n<!--more--><\/p>\n<p>&nbsp;<\/p>\n<p>&nbsp;<\/p>\n<p>&nbsp;<\/p>\n<p style=\"text-align: justify;\">Dr. Norbert Himmler hat heute sein Amt als Intendant des ZDF angetreten. Er folgt auf Dr. Thomas Bellut, der nach zwei Amtszeiten in den Ruhestand gegangen ist. Bei seiner Wahl durch den Fernsehrat im Juli 2021 hatte Himmler angek\u00fcndigt, dass eine St\u00e4rkung der Akzeptanz des \u00f6ffentlich-rechtlichen Rundfunks in der Gesellschaft eine wichtige Zukunftsaufgabe sein werde.<\/p>\n<p style=\"text-align: justify;\">Zum Amtsantritt erkl\u00e4rt der neue ZDF-Intendant Himmler in Mainz: &#8222;Ich trete mein Amt in einer schwierigen Zeit an. Gerade jetzt zeigt sich, was wichtig ist: unabh\u00e4ngiger Journalismus, freier Zugang zu Informationen, eine vorurteilsfreie, offene Meinungsbildung. Darauf gr\u00fcndet unser Auftrag.&#8220; Mit Blick auf die Zukunft erkl\u00e4rte Himmler, es gehe darum, den Zusammenhalt zu st\u00e4rken. Daf\u00fcr brauche das ZDF eine tiefe und nachhaltige Verwurzelung in der Gesellschaft. Himmler: &#8222;Ich stehe f\u00fcr ein ZDF, das die Menschen verbindet.&#8220;<\/p>\n<p style=\"text-align: justify;\">Dr. Norbert Himmler, am 24. Januar 1971 in Mainz geboren, war am 2. Juli 2021 vom ZDF-Fernsehrat f\u00fcr f\u00fcnf Jahre zum Intendanten gew\u00e4hlt worden. Er studierte Germanistik und Politikwissenschaft in Mainz und promovierte in M\u00fcnchen. Ab 1997 arbeitete er im ZDF zun\u00e4chst f\u00fcr die Aktualit\u00e4t, volontierte von 1998 bis 1999, ehe er 2002 in die Programmdirektion wechselte. Dort leitete er unter anderem die Planungsredaktion und die Hauptredaktion Spielfilm\/ZDFneo. Von 2012 bis 2022 war Himmler Programmdirektor.<\/p>\n<p style=\"text-align: justify;\">Die bisherigen Intendanten des ZDF waren Prof. Dr. Karl Holzamer (1962 bis 1977), Karl G\u00fcnther von Hase (1977 bis 1982), Prof. Dr. h.c. Dieter Stolte (1982 bis 2002), Prof. Markus Sch\u00e4chter (2002 bis 2012) und Dr. Thomas Bellut (2012 bis 2022).<\/p>\n<p>&nbsp;<\/p>\n<p>&nbsp;<\/p>\n<figure id=\"attachment_180475\" aria-describedby=\"caption-attachment-180475\" style=\"width: 720px\" class=\"wp-caption alignnone\"><img decoding=\"async\" loading=\"lazy\" class=\"size-full wp-image-180475\" src=\"https:\/\/smago.de\/ws2\/wp-content\/uploads\/2022\/03\/csm_Norbert_Himmler_Nutzung_bis_30_11_2024_ZDF_Tim_Thiel_1541-7-12.jpg_be00f577df.jpg\" alt=\"\" width=\"720\" height=\"405\" srcset=\"https:\/\/smago.de\/ws2\/wp-content\/uploads\/2022\/03\/csm_Norbert_Himmler_Nutzung_bis_30_11_2024_ZDF_Tim_Thiel_1541-7-12.jpg_be00f577df.jpg 720w, https:\/\/smago.de\/ws2\/wp-content\/uploads\/2022\/03\/csm_Norbert_Himmler_Nutzung_bis_30_11_2024_ZDF_Tim_Thiel_1541-7-12.jpg_be00f577df-522x294.jpg 522w, https:\/\/smago.de\/ws2\/wp-content\/uploads\/2022\/03\/csm_Norbert_Himmler_Nutzung_bis_30_11_2024_ZDF_Tim_Thiel_1541-7-12.jpg_be00f577df-267x150.jpg 267w, https:\/\/smago.de\/ws2\/wp-content\/uploads\/2022\/03\/csm_Norbert_Himmler_Nutzung_bis_30_11_2024_ZDF_Tim_Thiel_1541-7-12.jpg_be00f577df-392x221.jpg 392w, https:\/\/smago.de\/ws2\/wp-content\/uploads\/2022\/03\/csm_Norbert_Himmler_Nutzung_bis_30_11_2024_ZDF_Tim_Thiel_1541-7-12.jpg_be00f577df-130x73.jpg 130w, https:\/\/smago.de\/ws2\/wp-content\/uploads\/2022\/03\/csm_Norbert_Himmler_Nutzung_bis_30_11_2024_ZDF_Tim_Thiel_1541-7-12.jpg_be00f577df-292x164.jpg 292w, https:\/\/smago.de\/ws2\/wp-content\/uploads\/2022\/03\/csm_Norbert_Himmler_Nutzung_bis_30_11_2024_ZDF_Tim_Thiel_1541-7-12.jpg_be00f577df-435x245.jpg 435w\" sizes=\"(max-width: 720px) 100vw, 720px\" \/><figcaption id=\"caption-attachment-180475\" class=\"wp-caption-text\"><em>Foto-Credit: ZDF \/ Tim Thiel<\/em><\/figcaption><\/figure>\n","protected":false},"excerpt":{"rendered":"<p>Himmler: &#8222;Ich stehe f\u00fcr ein ZDF, das die Menschen verbindet.&#8220;!<\/p>\n","protected":false},"author":2,"featured_media":180475,"comment_status":"open","ping_status":"closed","sticky":false,"template":"","format":"standard","meta":{"_FSMCFIC_featured_image_caption":"","_FSMCFIC_featured_image_nocaption":"","_FSMCFIC_featured_image_hide":""},"categories":[33,128],"tags":[135],"acf":[],"_links":{"self":[{"href":"https:\/\/smago.de\/ws2\/wp-json\/wp\/v2\/posts\/180474"}],"collection":[{"href":"https:\/\/smago.de\/ws2\/wp-json\/wp\/v2\/posts"}],"about":[{"href":"https:\/\/smago.de\/ws2\/wp-json\/wp\/v2\/types\/post"}],"author":[{"embeddable":true,"href":"https:\/\/smago.de\/ws2\/wp-json\/wp\/v2\/users\/2"}],"replies":[{"embeddable":true,"href":"https:\/\/smago.de\/ws2\/wp-json\/wp\/v2\/comments?post=180474"}],"version-history":[{"count":2,"href":"https:\/\/smago.de\/ws2\/wp-json\/wp\/v2\/posts\/180474\/revisions"}],"predecessor-version":[{"id":180477,"href":"https:\/\/smago.de\/ws2\/wp-json\/wp\/v2\/posts\/180474\/revisions\/180477"}],"wp:featuredmedia":[{"embeddable":true,"href":"https:\/\/smago.de\/ws2\/wp-json\/wp\/v2\/media\/180475"}],"wp:attachment":[{"href":"https:\/\/smago.de\/ws2\/wp-json\/wp\/v2\/media?parent=180474"}],"wp:term":[{"taxonomy":"category","embeddable":true,"href":"https:\/\/smago.de\/ws2\/wp-json\/wp\/v2\/categories?post=180474"},{"taxonomy":"post_tag","embeddable":true,"href":"https:\/\/smago.de\/ws2\/wp-json\/wp\/v2\/tags?post=180474"}],"curies":[{"name":"wp","href":"https:\/\/api.w.org\/{rel}","templated":true}]}}