{"id":180362,"date":"2022-03-11T23:59:12","date_gmt":"2022-03-11T22:59:12","guid":{"rendered":"https:\/\/smago.de\/ws2\/?p=180362"},"modified":"2022-03-12T00:05:15","modified_gmt":"2022-03-11T23:05:15","slug":"yvonne-catterfeld-sa-so-12-13-03-2022-das-erste-ard-playlist-of-my-life-1","status":"publish","type":"post","link":"https:\/\/smago.de\/ws2\/pop\/yvonne-catterfeld-sa-so-12-13-03-2022-das-erste-ard-playlist-of-my-life-1\/","title":{"rendered":"YVONNE CATTERFELD <br>Sa.\/So., 12.\/13.03.2022, Das Erste \/ ARD: &#8222;Playlist of my Life (1)&#8220;!"},"content":{"rendered":"<p>&#8222;Songs &amp; Stories mit Yvonne Catterfeld&#8220; \/\/ 23:55 Uhr &#8211; 23:25 Uhr! Gastgeber: Jeanette Biedermann und Gregor Meyle!<br \/>\n<!--more--><\/p>\n<p>&nbsp;<\/p>\n<p>&nbsp;<\/p>\n<p>&nbsp;<\/p>\n<p>Es ist das emotionalste und pers\u00f6nlichste Musikformat des neuen Jahres. Jeanette Biedermann und Gregor Meyle singen und reden mit jeweils einem Gast \u00fcber H\u00f6hen und Tiefen \u2013 und vor allem \u00fcber Lieder und musikalische Momente, die dessen Leben gepr\u00e4gt haben. Zur Premiere begr\u00fc\u00dfen sie Yvonne Catterfeld.<\/p>\n<div class=\"clearMe\" style=\"text-align: justify;\"><\/div>\n<div><\/div>\n<div><\/div>\n<div><\/div>\n<div><\/div>\n<div><\/div>\n<p>&nbsp;<\/p>\n<p><strong>IM UNMITTELBAREN ANSCHLUSS<\/strong> (00:25 Uhr &#8211; 00:50 Uhr)<\/p>\n<p>&nbsp;<\/p>\n<p>&nbsp;<\/p>\n<p>&#8222;Playlist of my Life (2)&#8220;<\/p>\n<p><em>&#8222;Songs &amp; Stories mit Daniel Donskoy&#8220;<\/em><\/p>\n<p>&nbsp;<\/p>\n<p>&nbsp;<\/p>\n<p>&nbsp;<\/p>\n<p><strong><span style=\"color: #ff0000;\">HINWEIS: <\/span><\/strong>Die Sendungen sind nach der Ausstrahlung 30 Tage lang in der ARD Mediathek verf\u00fcgbar.<\/p>\n<p>&nbsp;<\/p>\n<p>&nbsp;<\/p>\n<figure id=\"attachment_180364\" aria-describedby=\"caption-attachment-180364\" style=\"width: 800px\" class=\"wp-caption alignnone\"><img decoding=\"async\" loading=\"lazy\" class=\"size-large wp-image-180364\" src=\"https:\/\/smago.de\/ws2\/wp-content\/uploads\/2022\/03\/1_F2_Playlist_of_my_life-800x528.jpg\" alt=\"\" width=\"800\" height=\"528\" srcset=\"https:\/\/smago.de\/ws2\/wp-content\/uploads\/2022\/03\/1_F2_Playlist_of_my_life-800x528.jpg 800w, https:\/\/smago.de\/ws2\/wp-content\/uploads\/2022\/03\/1_F2_Playlist_of_my_life-522x345.jpg 522w, https:\/\/smago.de\/ws2\/wp-content\/uploads\/2022\/03\/1_F2_Playlist_of_my_life-227x150.jpg 227w, https:\/\/smago.de\/ws2\/wp-content\/uploads\/2022\/03\/1_F2_Playlist_of_my_life-768x507.jpg 768w, https:\/\/smago.de\/ws2\/wp-content\/uploads\/2022\/03\/1_F2_Playlist_of_my_life-1536x1014.jpg 1536w, https:\/\/smago.de\/ws2\/wp-content\/uploads\/2022\/03\/1_F2_Playlist_of_my_life-2048x1352.jpg 2048w, https:\/\/smago.de\/ws2\/wp-content\/uploads\/2022\/03\/1_F2_Playlist_of_my_life-392x259.jpg 392w, https:\/\/smago.de\/ws2\/wp-content\/uploads\/2022\/03\/1_F2_Playlist_of_my_life-130x86.jpg 130w, https:\/\/smago.de\/ws2\/wp-content\/uploads\/2022\/03\/1_F2_Playlist_of_my_life-674x445.jpg 674w, https:\/\/smago.de\/ws2\/wp-content\/uploads\/2022\/03\/1_F2_Playlist_of_my_life-791x522.jpg 791w, https:\/\/smago.de\/ws2\/wp-content\/uploads\/2022\/03\/1_F2_Playlist_of_my_life-288x190.jpg 288w, https:\/\/smago.de\/ws2\/wp-content\/uploads\/2022\/03\/1_F2_Playlist_of_my_life-435x287.jpg 435w, https:\/\/smago.de\/ws2\/wp-content\/uploads\/2022\/03\/1_F2_Playlist_of_my_life-150x100.jpg 150w\" sizes=\"(max-width: 800px) 100vw, 800px\" \/><figcaption id=\"caption-attachment-180364\" class=\"wp-caption-text\"><em>Jeanette Biedermann und Gregor Meyle mit Daniel Donskoy (Mitte)<\/em><\/p>\n<p><em>\u00a9 MDR \/ Sven Lehmann<\/em><\/figcaption><\/figure>\n<p>&nbsp;<\/p>\n<p>&nbsp;<\/p>\n<p>&nbsp;<\/p>\n<figure id=\"attachment_180363\" aria-describedby=\"caption-attachment-180363\" style=\"width: 800px\" class=\"wp-caption alignnone\"><img decoding=\"async\" loading=\"lazy\" class=\"size-large wp-image-180363\" src=\"https:\/\/smago.de\/ws2\/wp-content\/uploads\/2022\/03\/1_Playlist_of_my_life-1-800x448.jpg\" alt=\"\" width=\"800\" height=\"448\" srcset=\"https:\/\/smago.de\/ws2\/wp-content\/uploads\/2022\/03\/1_Playlist_of_my_life-1-800x448.jpg 800w, https:\/\/smago.de\/ws2\/wp-content\/uploads\/2022\/03\/1_Playlist_of_my_life-1-522x292.jpg 522w, https:\/\/smago.de\/ws2\/wp-content\/uploads\/2022\/03\/1_Playlist_of_my_life-1-268x150.jpg 268w, https:\/\/smago.de\/ws2\/wp-content\/uploads\/2022\/03\/1_Playlist_of_my_life-1-768x430.jpg 768w, https:\/\/smago.de\/ws2\/wp-content\/uploads\/2022\/03\/1_Playlist_of_my_life-1-1536x860.jpg 1536w, https:\/\/smago.de\/ws2\/wp-content\/uploads\/2022\/03\/1_Playlist_of_my_life-1-2048x1147.jpg 2048w, https:\/\/smago.de\/ws2\/wp-content\/uploads\/2022\/03\/1_Playlist_of_my_life-1-392x220.jpg 392w, https:\/\/smago.de\/ws2\/wp-content\/uploads\/2022\/03\/1_Playlist_of_my_life-1-130x73.jpg 130w, https:\/\/smago.de\/ws2\/wp-content\/uploads\/2022\/03\/1_Playlist_of_my_life-1-794x445.jpg 794w, https:\/\/smago.de\/ws2\/wp-content\/uploads\/2022\/03\/1_Playlist_of_my_life-1-870x487.jpg 870w, https:\/\/smago.de\/ws2\/wp-content\/uploads\/2022\/03\/1_Playlist_of_my_life-1-292x164.jpg 292w, https:\/\/smago.de\/ws2\/wp-content\/uploads\/2022\/03\/1_Playlist_of_my_life-1-435x244.jpg 435w\" sizes=\"(max-width: 800px) 100vw, 800px\" \/><figcaption id=\"caption-attachment-180363\" class=\"wp-caption-text\"><em>Jeanette Biedermann und Gregor Meyle<\/em><\/p>\n<p><em>\u00a9 MDR \/ Sven Lehmann<\/em><\/figcaption><\/figure>\n","protected":false},"excerpt":{"rendered":"<p>&#8222;Songs &amp; Stories mit Yvonne Catterfeld&#8220; \/\/ 23:55 Uhr &#8211; 23:25 Uhr! Gastgeber: Jeanette Biedermann und Gregor Meyle!<\/p>\n","protected":false},"author":2,"featured_media":180363,"comment_status":"open","ping_status":"closed","sticky":false,"template":"","format":"standard","meta":{"_FSMCFIC_featured_image_caption":"","_FSMCFIC_featured_image_nocaption":"","_FSMCFIC_featured_image_hide":""},"categories":[27,39],"tags":[71,912,1576],"acf":[],"_links":{"self":[{"href":"https:\/\/smago.de\/ws2\/wp-json\/wp\/v2\/posts\/180362"}],"collection":[{"href":"https:\/\/smago.de\/ws2\/wp-json\/wp\/v2\/posts"}],"about":[{"href":"https:\/\/smago.de\/ws2\/wp-json\/wp\/v2\/types\/post"}],"author":[{"embeddable":true,"href":"https:\/\/smago.de\/ws2\/wp-json\/wp\/v2\/users\/2"}],"replies":[{"embeddable":true,"href":"https:\/\/smago.de\/ws2\/wp-json\/wp\/v2\/comments?post=180362"}],"version-history":[{"count":2,"href":"https:\/\/smago.de\/ws2\/wp-json\/wp\/v2\/posts\/180362\/revisions"}],"predecessor-version":[{"id":180366,"href":"https:\/\/smago.de\/ws2\/wp-json\/wp\/v2\/posts\/180362\/revisions\/180366"}],"wp:featuredmedia":[{"embeddable":true,"href":"https:\/\/smago.de\/ws2\/wp-json\/wp\/v2\/media\/180363"}],"wp:attachment":[{"href":"https:\/\/smago.de\/ws2\/wp-json\/wp\/v2\/media?parent=180362"}],"wp:term":[{"taxonomy":"category","embeddable":true,"href":"https:\/\/smago.de\/ws2\/wp-json\/wp\/v2\/categories?post=180362"},{"taxonomy":"post_tag","embeddable":true,"href":"https:\/\/smago.de\/ws2\/wp-json\/wp\/v2\/tags?post=180362"}],"curies":[{"name":"wp","href":"https:\/\/api.w.org\/{rel}","templated":true}]}}