{"id":180256,"date":"2022-03-10T23:59:21","date_gmt":"2022-03-10T22:59:21","guid":{"rendered":"https:\/\/smago.de\/ws2\/?p=180256"},"modified":"2022-03-09T06:44:27","modified_gmt":"2022-03-09T05:44:27","slug":"michael-mittermeier-u-a-fr-11-03-2022-in-der-ndr-talk-show-zu-gast","status":"publish","type":"post","link":"https:\/\/smago.de\/ws2\/comedy\/michael-mittermeier-u-a-fr-11-03-2022-in-der-ndr-talk-show-zu-gast\/","title":{"rendered":"MICHAEL MITTERMEIER u.a. <br>Fr. (11.03.2022) in der &#8222;NDR Talk Show&#8220; zu Gast!"},"content":{"rendered":"<p style=\"text-align: justify;\">NDR fernsehen + hr fernsehen, 22:00 Uhr &#8211; 00:00 Uhr! Moderation: Barbara Sch\u00f6neberger und Hubertus Meyer-Burckhardt!<br \/>\n<!--more--><\/p>\n<p>&nbsp;<\/p>\n<p>&nbsp;<\/p>\n<p>&nbsp;<\/p>\n<p>&nbsp;<\/p>\n<p style=\"text-align: justify;\">Barbara Sch\u00f6neberger und Hubertus Meyer-Burckhardt begr\u00fc\u00dfen in der NDR Talk Show aus Hamburg folgende G\u00e4ste:<\/p>\n<h2><\/h2>\n<h2><\/h2>\n<h2><\/h2>\n<h2 style=\"text-align: justify;\">Michael Mittermeier, Comedian und Autor<\/h2>\n<div class=\"contentimage w50\" style=\"text-align: justify;\"><\/div>\n<p style=\"text-align: justify;\">Michael Mittermeier steht seit \u00fcber 30 Jahren f\u00fcr intelligenten Humor und Wortwitz. Er hat mit seinen B\u00fchnenprogrammen Millionen von Zuschauer*innen in Deutschland, \u00d6sterreich und der Schweiz begeistert. Und ihm ist es als einem der ganz wenigen Komiker gelungen, deutschen Humor ins Ausland zu exportieren. In England, Kanada, den USA und sogar in S\u00fcdafrika wurde er schon vom Publikum mit seinen englischsprachigen Stand-ups gefeiert. In seinem Buch &#8222;Nur noch eine Folge&#8220; blickt er nun auf 50 Jahre Fernsehgeschichte zur\u00fcck und kehrt damit zu seinen Anf\u00e4ngen zur\u00fcck. Denn bereits in seinem ersten B\u00fchnenprogramm &#8222;Zapped&#8220; hat er vor 25 Jahren das Fernsehprogramm beobachtet, analysiert und daraus Comedy gemacht. Was sich seitdem am Fernsehen ver\u00e4ndert hat, wie sein heutiges Fernsehverhalten aussieht und auf welche Sendungen von damals er heute am\u00fcsiert zur\u00fcckblickt, verr\u00e4t der 55-J\u00e4hrige in der NDR Talk Show.<\/p>\n<h2><\/h2>\n<h2><\/h2>\n<h2><\/h2>\n<h2><\/h2>\n<h2 style=\"text-align: justify;\">Eleonore Weisgerber, Schauspielerin<\/h2>\n<div class=\"contentimage w50\" style=\"text-align: justify;\"><\/div>\n<p style=\"text-align: justify;\">Sie ist eine der gro\u00dfen facettenreichen Frauendarstellerinnen im deutschen Film. Eleonore Weisgerber wuchs zeitweise in der Dominikanischen Republik auf. Nach dem Abitur in Deutschland besucht sie das &#8222;Max Reinhardt Seminar&#8220; in Berlin und verwirklicht ihren Kindheitstraum, Schauspielerin zu werden. Dem breiten Publikum wurde sie Ende der 1980er-Jahre mit ihrer Rolle als Dr. Gisela Saalbach in &#8222;Praxis B\u00fclowbogen&#8220; bekannt und durch zahlreiche Krimirollen in &#8222;Derrick&#8220;, &#8222;Soko Leipzig&#8220; oder &#8222;Ein Fall f\u00fcr Zwei&#8220;. Eleonore Weisgerber hat eine gro\u00dfe Liebe zu Frankreich, lebte auch ein paar Jahre in Paris, spielte sogar in dem Film &#8222;Dr. M.&#8220; von Kinolegende Claude Chabrol mit und gab in Deutschland Chanson-Abende. Nun spielt sie in dem <a title=\"Link: Link zur Sendungsseite auf daserste.de\" href=\"https:\/\/www.daserste.de\/unterhaltung\/film\/filmmittwoch-im-ersten\/sendung\/auf-dem-grund-100.html\" target=\"_blank\" rel=\"noopener\">NDR Familiendrama &#8222;Auf dem Grund&#8220;<\/a> eine Mutter von zwei erwachsenen T\u00f6chtern, die versucht, ein dunkles Geheimnis zu verdr\u00e4ngen. Wie sie selbst zu Familiengeheimnissen steht, erz\u00e4hlt Eleonore Weisgerber in der NDR Talk Show.<\/p>\n<h2 style=\"text-align: justify;\">Diana Kinnert, Politikerin und Publizistin<\/h2>\n<div class=\"contentimage w50\" style=\"text-align: justify;\"><\/div>\n<p style=\"text-align: justify;\">Mit 17 Jahren trat Diana Kinnert in die CDU ein. Heute ist die 31-J\u00e4hrige Politikerin, selbstst\u00e4ndige Unternehmerin sowie Beraterin und Publizistin. Sie beriet die britische Regierung bei der Einrichtung eines Ministeriums f\u00fcr den Kampf gegen die Einsamkeit, ist Mitglied in der Bundeskommission zum Thema &#8222;Gesellschaftlicher Zusammenhalt&#8220; und ber\u00e4t diverse zivilgesellschaftliche Einrichtungen und mehrere Landesregierungen zum Thema Vereinzelung. Allein in Deutschland sagen 14 Millionen Menschen, dass sie sich einsam f\u00fchlen. Und sp\u00e4testens seit Corona ist soziale Isolation globaler Status quo. Warum eine neue Einsamkeit immer st\u00e4rker um sich greift und was wir dagegen tun k\u00f6nnen, das erz\u00e4hlt Diana Kinnert in der NDR Talk Show.<\/p>\n<h2><\/h2>\n<h2><\/h2>\n<h2><\/h2>\n<h2><\/h2>\n<h2 style=\"text-align: justify;\">Tupoka Ogette, Autorin und Anti-Rassismus-Trainerin<\/h2>\n<div class=\"contentimage w50\" style=\"text-align: justify;\"><\/div>\n<p style=\"text-align: justify;\">Am 21. M\u00e4rz ist der internationale Tag gegen Rassimus und sie ist DIE deutsche Vermittlerin f\u00fcr Rassismuskritik: Tupoka Ogette. Sie wurde 1980 in Leipzig als Tochter eines tansanischen Studenten der Landwirtschaft und einer deutschen Mathematikstudentin geboren. Sie hat einen Magister in Afrikanistik, Deutsch als Fremdsprache und in International Business. Seit 2012 ist Tupoka Ogette bundesweit als Beraterin und Trainerin im Bereich Rassismuskritik t\u00e4tig. Sie sagt: &#8222;Wir alle sind rassistisch sozialisiert. Rassismus findet sich in jedem Bereich unseres Lebens, unserer Gesellschaft. Allerdings haben wir nicht gelernt ihn zu erkennen, geschweige denn dar\u00fcber zu sprechen.&#8220; Und: &#8222;Sprechen lernen \u00fcber Rassismus ist wie ein Muskel, den wir als Gesellschaft trainieren m\u00fcssen.&#8220; In ihrem neuen Buch und in der NDR Talk Show gibt sie Anregungen, wie wir rassismuskritisch leben lernen.<\/p>\n<h2><\/h2>\n<h2><\/h2>\n<h2><\/h2>\n<h2><\/h2>\n<h2 style=\"text-align: justify;\">Trystan P\u00fctter, Schauspieler<\/h2>\n<div class=\"contentimage w50\" style=\"text-align: justify;\"><\/div>\n<p style=\"text-align: justify;\">Die eher ungew\u00f6hnliche Schreibweise seines Vornamens verdankt der Schauspieler Trystan P\u00fctter seiner walisischen Mutter. Er wird 1980 in Frankfurt geboren und w\u00e4chst dort mit seiner Familie auf. Mit 19 Jahren war er kurzzeitig obdachlos und lebte in seinem Auto. Nach dem Abitur beginnt er ein Studium der Darstellenden Kunst am Wiener &#8222;Max Reinhardt Seminar&#8220;. Anschlie\u00dfend startet er als Theaterschauspieler durch, spielt u. a. im Ensemble der Berliner Volksb\u00fchne. Einem gro\u00dfen Publikum bekannt wurde Trystan P\u00fctter durch die Serien &#8222;Unsere M\u00fctter, unsere V\u00e4ter&#8220;, &#8222;Ku&#8217;damm 56 und 59&#8220; sowie &#8222;Babylon Berlin&#8220;. Jetzt spielt er in dem Kinofilm &#8222;JGA &#8211; Jasmin. Gina. Anna&#8220;, in dem ein Junggesellinnenabschied auf Ibiza aus dem Ruder l\u00e4uft.<\/p>\n<h2><\/h2>\n<h2><\/h2>\n<h2><\/h2>\n<h2><\/h2>\n<h2 style=\"text-align: justify;\">Steffen Schmidt, Sch\u00e4fer<\/h2>\n<div class=\"contentimage w50\" style=\"text-align: justify;\"><\/div>\n<p style=\"text-align: justify;\">Seine Heidschnucken tragen blau-gelb: Der Schneverdinger\u00a0Sch\u00e4fer\u00a0Steffen Schmidt\u00a0wollte wie so viele andere Menschen auch ein Zeichen f\u00fcr Frieden in der Ukraine setzen &#8211; und griff zur Spraydose. &#8222;Wir wollten zum Ausdruck bringen, dass wir diesen Krieg ganz furchtbar finden&#8220;, sagt Steffen Schmidt. Zusammen mit seiner Frau Wiebke Schmidt-Kochan hat er ihre Wolle mit (abwaschbaren)\u00a0gelb-blauen Flaggen und Peace-Symbolen bespr\u00fcht und sammelt Geld f\u00fcr einen guten Zweck. Steffen Schmidt ist als Sch\u00e4fer Herr \u00fcber rund 500 Heidschnucken und Ziegen. Jeden Tag zieht er mit seiner Herde \u00fcber die Freifl\u00e4chen in der L\u00fcneburger Heide, f\u00fcr Schmidt ist die Herde wie Familie, er kennt jede einzelne Schnucke. Warum seine Spray-Aktion so hohe Wellen schlug und wie sein Arbeitsalltag aussieht, wenn er mit seinen Tieren nicht gerade gegen Kriege demonstriert, dass verr\u00e4t der Familienvater in der NDR Talk Show.<\/p>\n<p>&nbsp;<\/p>\n<p>&nbsp;<\/p>\n<figure id=\"attachment_169054\" aria-describedby=\"caption-attachment-169054\" style=\"width: 800px\" class=\"wp-caption alignnone\"><img decoding=\"async\" loading=\"lazy\" class=\"size-large wp-image-169054\" src=\"https:\/\/smago.de\/ws2\/wp-content\/uploads\/2021\/08\/4_NDR_Talk_Show_2016-800x534.jpg\" alt=\"\" width=\"800\" height=\"534\" srcset=\"https:\/\/smago.de\/ws2\/wp-content\/uploads\/2021\/08\/4_NDR_Talk_Show_2016-800x534.jpg 800w, https:\/\/smago.de\/ws2\/wp-content\/uploads\/2021\/08\/4_NDR_Talk_Show_2016-522x348.jpg 522w, https:\/\/smago.de\/ws2\/wp-content\/uploads\/2021\/08\/4_NDR_Talk_Show_2016-225x150.jpg 225w, https:\/\/smago.de\/ws2\/wp-content\/uploads\/2021\/08\/4_NDR_Talk_Show_2016-768x512.jpg 768w, https:\/\/smago.de\/ws2\/wp-content\/uploads\/2021\/08\/4_NDR_Talk_Show_2016-1536x1024.jpg 1536w, https:\/\/smago.de\/ws2\/wp-content\/uploads\/2021\/08\/4_NDR_Talk_Show_2016-2048x1366.jpg 2048w, https:\/\/smago.de\/ws2\/wp-content\/uploads\/2021\/08\/4_NDR_Talk_Show_2016-392x261.jpg 392w, https:\/\/smago.de\/ws2\/wp-content\/uploads\/2021\/08\/4_NDR_Talk_Show_2016-130x87.jpg 130w, https:\/\/smago.de\/ws2\/wp-content\/uploads\/2021\/08\/4_NDR_Talk_Show_2016-667x445.jpg 667w, https:\/\/smago.de\/ws2\/wp-content\/uploads\/2021\/08\/4_NDR_Talk_Show_2016-783x522.jpg 783w, https:\/\/smago.de\/ws2\/wp-content\/uploads\/2021\/08\/4_NDR_Talk_Show_2016-285x190.jpg 285w, https:\/\/smago.de\/ws2\/wp-content\/uploads\/2021\/08\/4_NDR_Talk_Show_2016-435x290.jpg 435w, https:\/\/smago.de\/ws2\/wp-content\/uploads\/2021\/08\/4_NDR_Talk_Show_2016-150x100.jpg 150w, https:\/\/smago.de\/ws2\/wp-content\/uploads\/2021\/08\/4_NDR_Talk_Show_2016-370x247.jpg 370w\" sizes=\"(max-width: 800px) 100vw, 800px\" \/><figcaption id=\"caption-attachment-169054\" class=\"wp-caption-text\"><em>\u00a9 NDR \/ Uwe Ernst<\/em><\/figcaption><\/figure>\n","protected":false},"excerpt":{"rendered":"<p>NDR fernsehen + hr fernsehen, 22:00 Uhr &#8211; 00:00 Uhr! Moderation: Barbara Sch\u00f6neberger und Hubertus Meyer-Burckhardt!<\/p>\n","protected":false},"author":2,"featured_media":169054,"comment_status":"open","ping_status":"closed","sticky":false,"template":"","format":"standard","meta":{"_FSMCFIC_featured_image_caption":"","_FSMCFIC_featured_image_nocaption":"","_FSMCFIC_featured_image_hide":""},"categories":[3,128],"tags":[254],"acf":[],"_links":{"self":[{"href":"https:\/\/smago.de\/ws2\/wp-json\/wp\/v2\/posts\/180256"}],"collection":[{"href":"https:\/\/smago.de\/ws2\/wp-json\/wp\/v2\/posts"}],"about":[{"href":"https:\/\/smago.de\/ws2\/wp-json\/wp\/v2\/types\/post"}],"author":[{"embeddable":true,"href":"https:\/\/smago.de\/ws2\/wp-json\/wp\/v2\/users\/2"}],"replies":[{"embeddable":true,"href":"https:\/\/smago.de\/ws2\/wp-json\/wp\/v2\/comments?post=180256"}],"version-history":[{"count":3,"href":"https:\/\/smago.de\/ws2\/wp-json\/wp\/v2\/posts\/180256\/revisions"}],"predecessor-version":[{"id":180259,"href":"https:\/\/smago.de\/ws2\/wp-json\/wp\/v2\/posts\/180256\/revisions\/180259"}],"wp:featuredmedia":[{"embeddable":true,"href":"https:\/\/smago.de\/ws2\/wp-json\/wp\/v2\/media\/169054"}],"wp:attachment":[{"href":"https:\/\/smago.de\/ws2\/wp-json\/wp\/v2\/media?parent=180256"}],"wp:term":[{"taxonomy":"category","embeddable":true,"href":"https:\/\/smago.de\/ws2\/wp-json\/wp\/v2\/categories?post=180256"},{"taxonomy":"post_tag","embeddable":true,"href":"https:\/\/smago.de\/ws2\/wp-json\/wp\/v2\/tags?post=180256"}],"curies":[{"name":"wp","href":"https:\/\/api.w.org\/{rel}","templated":true}]}}