{"id":180127,"date":"2022-03-07T00:00:51","date_gmt":"2022-03-06T23:00:51","guid":{"rendered":"https:\/\/smago.de\/ws2\/?p=180127"},"modified":"2022-03-06T00:54:01","modified_gmt":"2022-03-05T23:54:01","slug":"david-garrett-wunderkinder-werden-gefeiert-aber-keiner-spricht-ueber-den-drill","status":"publish","type":"post","link":"https:\/\/smago.de\/ws2\/instrumental\/david-garrett-wunderkinder-werden-gefeiert-aber-keiner-spricht-ueber-den-drill\/","title":{"rendered":"DAVID GARRETT <br>&#8222;Wunderkinder werden gefeiert, aber keiner spricht \u00fcber den Drill!&#8220;"},"content":{"rendered":"<p>&#8222;Mein Vater hat mir mit dem Geigenbogen auf den Kopf gehauen&#8220;, so David Garrett in der MDR-Talkshow &#8222;Riverboat&#8220;!<br \/>\n<!--more--><\/p>\n<p>&nbsp;<\/p>\n<p>&nbsp;<\/p>\n<p>&nbsp;<\/p>\n<div class=\"\" style=\"text-align: justify;\">\n<p><b class=\"\">Kim Fisher: Deine Geige hast Du immer bei dir. Und Gregor Meyle kann eine sch\u00f6ne Geschichte dazu erz\u00e4hlen\u2026<\/b><\/p>\n<\/div>\n<div class=\"\" style=\"text-align: justify;\"><strong>Gregor Meyle:<\/strong> Es war ja bekannt, dass er diese tolle Geige hat. Und ich habe mich immer gefragt, wo. Wir waren zusammen bei einer Sendung und da kam er mit einem ollen Rucksack von einer Tankstelle an, den man mit so einem Punktesammel-System bekommen kann. Da war die Geige drin, hat er mir dann verraten. Sehr schlau, denn da drin hat die nat\u00fcrlich keiner vermutet.<\/div>\n<div class=\"\" style=\"text-align: justify;\"><\/div>\n<div class=\"\" style=\"text-align: justify;\"><strong>David Garrett:<\/strong> Ja, ich habe eigentlich immer versucht, so ein bisschen abzulenken von dem, was ich da eigentlich mit mir trage. Hat bis jetzt ganz gut geklappt, auch ein gro\u00dfes Gl\u00fcck eigentlich.<\/div>\n<div class=\"\" style=\"text-align: justify;\"><b class=\"\"><br \/>\n<\/b><b class=\"\">Kim Fisher: Dein Vater war ein strenger Lehrer \u2026<\/b><\/div>\n<div class=\"\" style=\"text-align: justify;\">\n<p>Nein, ich muss sagen, ich hatte einfach immer Bock auf die Musik. Geiger nicht zwingend, aber Musiker. Musik ist Leben, Harmonie, Diplomatie, Grenzenlosigkeit, Zusammengeh\u00f6rigkeit &#8211; das ist f\u00fcr mich Musik. Und das lebe ich.\u00a0Es kann doch nicht Geileres geben, als Musiker zu sein. Musiker\u00a0sind vom Karma gek\u00fcsst.<\/p>\n<\/div>\n<div class=\"\" style=\"text-align: justify;\">Der Weg dorthin aber ist richtig beschissen. Ich hatte auch viele russische Lehrer, die waren nicht zimperlich. Bitte jetzt nicht wieder politisch werden, aber es war nun mal so. In meinem jungen Alter gab es sehr viel gute Konkurrenz. Und dementsprechend habe ich mich an den ganz Gro\u00dfen orientiert. In dem Moment, als mein Papa sich meinen K\u00fcnstlernamen ausgedacht hat, als ich acht Jahre alt war, da wu\u00dfte er, dass ich es schaffen kann. Ja, mein Vater hat mir mit dem Geigenbogen auf den Kopf gehauen. Weil ich ein sturer Hund bin. Ich hei\u00dfe es nicht gut, wie da mit den Kindern umgegangen wird. Aber: Es ist Teil des Gesch\u00e4fts und jeder schaut weg im Publikum. Seit Jahrhunderten gibt es Wunderkinder. Es wird aber verschwiegen, was hinter der B\u00fchne passiert. Es ist tabu. Es w\u00e4re alles Talent. Bullshit. Das ist es nicht. Veranlagung: ja. Talent: ja. \u00dcben: ja. Flei\u00df: ja. Aber Drill: muss auch. Ja. Und das will keiner sehen. Und wir wissen es alle und alle gucken weg. F\u00fcr mich eigentlich ein Thema, dass schon l\u00e4ngst abgehakt sein sollte. Und immer wieder gibt es einen Aufschrei in der Nation, wie so etwas passieren kann.<\/div>\n<div class=\"\" style=\"text-align: justify;\"><b class=\"\"><br \/>\nKim Fisher: Du hast auch in Deinem Buch geschrieben, dass Du manchmal nachts noch ge\u00fcbt hast, um Deinem Vater zu gen\u00fcgen.<\/b><\/div>\n<div class=\"\" style=\"text-align: justify;\">\n<p>Ich wollte der Verantwortung, die ich sp\u00fcrte, ein St\u00fcck weit gerecht werden. Dem Einsatz, den die Eltern einem geben. Und nat\u00fcrlich war auch ein Riesendruck und eine Riesenverantwortung da. Und auch, weil ich nat\u00fcrlich gemerkt habe, dass die Stimmung gekippt ist, wenn ich nicht geliefert habe. Der Familienfrieden war dann nicht gut. Das fand ich immer schlimm, wenn wir beim Abendessen sa\u00dfen und schlechte Stimmung war. Daf\u00fcr habe ich mich immer gesch\u00e4mt.<\/p>\n<\/div>\n<div class=\"\" style=\"text-align: justify;\">Die Alternative war, immer so gut abzuliefern, dass so eine Situation gar nicht erst entsteht. Ich nehme meinen Papa aber dennoch in Schutz. Er hat viel f\u00fcr mich m\u00f6glich gemacht.<\/p>\n<\/div>\n<div class=\"\" style=\"text-align: justify;\"><b class=\"\">J\u00f6rg Kachelmann: Sind solche H\u00f6chstleistungen wie Ihre oder die der 15-J\u00e4hrigen russischen Eiskunstl\u00e4uferin nur durch Kindesmisshandlung m\u00f6glich?<\/b><\/div>\n<div class=\"\" style=\"text-align: justify;\">\n<p>Das Wort ist sehr hart, das m\u00f6chte ich revidieren. Aber es ist Drill, die talentiertesten Kinder erfolgreich zu machen. G\u00e4be es einen Mozart, Beethoven oder die gro\u00dfe Kultur ohne Drill? Nein, g\u00e4be es nicht. Jetzt k\u00f6nnen wir uns nat\u00fcrlich ethisch fragen: Ist das in Ordnung? Meine Antwort ist: Ich wei\u00df es noch nicht. Deine Antwort, J\u00f6rg?<\/p>\n<\/div>\n<div class=\"\" style=\"text-align: justify;\">\n<p><strong>J\u00f6rg Kachelmann:<\/strong> Die ist Nein. Ein klares Nein.<\/p>\n<\/div>\n<div class=\"\" style=\"text-align: justify;\"><b class=\"\">J\u00f6rg Kachelmann: Was war Ihr Schritt in die Freiheit?\u00a0<\/b><\/div>\n<div class=\"\" style=\"text-align: justify;\">Mein Flug nach New York am 10. September 2001. Am 11. September bin ich dann in dem schuleigenen Geb\u00e4ude aufgewacht und es war ein furchtbarer Tag. Und dann diesen Start zu haben \u2026 ich war ja auch gar nicht lebensf\u00e4hig: Ich hatte Privatunterricht, ein Management und noch keine Bar von innen gesehen. Und dann New York: Tschkakalaka-B\u00e4ngB\u00e4ng. Was f\u00fcr eine Chance. Und dann dachte ich: Das ziehe ich durch. Gegen alle Widrigkeiten. Das ist dann auch meine Sturheit und die Sturheit gegen\u00fcber meinem Vater, er sagte: Das ist ein falscher Schritt. Die Aussage: Das schaffst du nicht, hat mich unglaublich motiviert. Ich bekam Honig und Salz und es war mein Honig und Salz. Und genau darauf hatte ich Bock.<\/div>\n<div class=\"\" style=\"text-align: justify;\"><b class=\"\"><br \/>\n<\/b><b class=\"\">J\u00f6rg Kachelmann: Wie denken Sie heute \u00fcber Ihren Vater?<\/b><\/div>\n<div class=\"\" style=\"text-align: justify;\">\n<p>Blut ist dicker als Wasser. Und Familie ist Familie. Mein Vater hat unglaublich viel f\u00fcr mich gearbeitet und f\u00fcr mich geleistet. Ein \u00fcbendes Kind klingt grauenvoll. Und er hat sich das Tag f\u00fcr Tag angeh\u00f6rt. Es war nicht alles gro\u00dfartig, aber alles richtig.<\/p>\n<\/div>\n<div><\/div>\n<div><\/div>\n<div><\/div>\n<div>\n<figure id=\"attachment_122384\" aria-describedby=\"caption-attachment-122384\" style=\"width: 5862px\" class=\"wp-caption alignnone\"><img decoding=\"async\" loading=\"lazy\" class=\"size-full wp-image-122384\" src=\"https:\/\/smago.de\/ws2\/wp-content\/uploads\/2018\/11\/David-Garrett-2018-CMS-Source.jpg\" alt=\"\" width=\"5862\" height=\"4104\" srcset=\"https:\/\/smago.de\/ws2\/wp-content\/uploads\/2018\/11\/David-Garrett-2018-CMS-Source.jpg 5862w, https:\/\/smago.de\/ws2\/wp-content\/uploads\/2018\/11\/David-Garrett-2018-CMS-Source-300x210.jpg 300w, https:\/\/smago.de\/ws2\/wp-content\/uploads\/2018\/11\/David-Garrett-2018-CMS-Source-768x538.jpg 768w, https:\/\/smago.de\/ws2\/wp-content\/uploads\/2018\/11\/David-Garrett-2018-CMS-Source-1024x717.jpg 1024w, https:\/\/smago.de\/ws2\/wp-content\/uploads\/2018\/11\/David-Garrett-2018-CMS-Source-746x522.jpg 746w, https:\/\/smago.de\/ws2\/wp-content\/uploads\/2018\/11\/David-Garrett-2018-CMS-Source-271x190.jpg 271w, https:\/\/smago.de\/ws2\/wp-content\/uploads\/2018\/11\/David-Garrett-2018-CMS-Source-636x445.jpg 636w\" sizes=\"(max-width: 5862px) 100vw, 5862px\" \/><figcaption id=\"caption-attachment-122384\" class=\"wp-caption-text\"><em>Foto-Credit: Marcus Wolf<\/em><\/figcaption><\/figure>\n<\/div>\n","protected":false},"excerpt":{"rendered":"<p>&#8222;Mein Vater hat mir mit dem Geigenbogen auf den Kopf gehauen&#8220;, so David Garrett in der MDR-Talkshow &#8222;Riverboat&#8220;!<\/p>\n","protected":false},"author":2,"featured_media":122384,"comment_status":"open","ping_status":"closed","sticky":false,"template":"","format":"standard","meta":{"_FSMCFIC_featured_image_caption":"","_FSMCFIC_featured_image_nocaption":"","_FSMCFIC_featured_image_hide":""},"categories":[38],"tags":[692],"acf":[],"_links":{"self":[{"href":"https:\/\/smago.de\/ws2\/wp-json\/wp\/v2\/posts\/180127"}],"collection":[{"href":"https:\/\/smago.de\/ws2\/wp-json\/wp\/v2\/posts"}],"about":[{"href":"https:\/\/smago.de\/ws2\/wp-json\/wp\/v2\/types\/post"}],"author":[{"embeddable":true,"href":"https:\/\/smago.de\/ws2\/wp-json\/wp\/v2\/users\/2"}],"replies":[{"embeddable":true,"href":"https:\/\/smago.de\/ws2\/wp-json\/wp\/v2\/comments?post=180127"}],"version-history":[{"count":2,"href":"https:\/\/smago.de\/ws2\/wp-json\/wp\/v2\/posts\/180127\/revisions"}],"predecessor-version":[{"id":180129,"href":"https:\/\/smago.de\/ws2\/wp-json\/wp\/v2\/posts\/180127\/revisions\/180129"}],"wp:featuredmedia":[{"embeddable":true,"href":"https:\/\/smago.de\/ws2\/wp-json\/wp\/v2\/media\/122384"}],"wp:attachment":[{"href":"https:\/\/smago.de\/ws2\/wp-json\/wp\/v2\/media?parent=180127"}],"wp:term":[{"taxonomy":"category","embeddable":true,"href":"https:\/\/smago.de\/ws2\/wp-json\/wp\/v2\/categories?post=180127"},{"taxonomy":"post_tag","embeddable":true,"href":"https:\/\/smago.de\/ws2\/wp-json\/wp\/v2\/tags?post=180127"}],"curies":[{"name":"wp","href":"https:\/\/api.w.org\/{rel}","templated":true}]}}