{"id":180042,"date":"2022-03-08T23:59:27","date_gmt":"2022-03-08T22:59:27","guid":{"rendered":"https:\/\/smago.de\/ws2\/?p=180042"},"modified":"2022-03-08T22:35:47","modified_gmt":"2022-03-08T21:35:47","slug":"patent-ochsner-patent-ochsner-erhalten-chart-award-in-heimatstadt-bern","status":"publish","type":"post","link":"https:\/\/smago.de\/ws2\/pop\/patent-ochsner-patent-ochsner-erhalten-chart-award-in-heimatstadt-bern\/","title":{"rendered":"PATENT OCHSNER <br>Patent Ochsner erhalten Chart-Award in Heimatstadt Bern!"},"content":{"rendered":"<p>Berner Mundartband erh\u00e4lt Schweizer &#8222;Number 1 Award&#8220; f\u00fcr &#8222;MTV Unplugged Tonbildshow&#8220;!<br \/>\n<!--more--><\/p>\n<p>&nbsp;<\/p>\n<p>&nbsp;<\/p>\n<div class=\"itemBody\">\n<div class=\"itemFullText\" style=\"text-align: justify;\">\n<p>Im Hintergrund die Berner Alpen mit Eiger, M\u00f6nch und Jungfrau, im Vordergrund die Eventterrasse des Casino Bern, wo Anfang dieser Woche das erste Berner MTV Unplugged Konzert von Patent Ochsner stattfand: Einen sch\u00f6neren Rahmen kann es f\u00fcr eine Awardverleihung nicht geben. Noch dazu stammt die Mundartband selbst aus der Bundesstadt &#8211; und freute sich daher umso mehr \u00fcber den &#8222;Number 1 Award&#8220; f\u00fcr ihr aktuelles Album &#8222;MTV Unplugged Tonbildshow&#8220;. Dieser wurde im Beisein von Philipp Truniger (Stv. Gesch\u00e4ftsf\u00fchrer IFPI Schweiz), Andy Renggli (General Manager GfK Entertainment Schweiz) und Manager Christian Siegenthaler \u00fcbergeben.<\/p>\n<p>&#8222;MTV Unplugged Tonbildshow&#8220; f\u00fchrt bereit seit zwei Wochen die Offizielle Schweizer Hitparade, ermittelt von GfK Entertainment, an. Es ist das insgesamt neunte Nummer-eins-Werk von Patent Ochsner, die seit ihrer Gr\u00fcndung im Jahr 1990 weit \u00fcber 500 Wochen (Album und Single zusammengerechnet) die Hitlisten aufgemischt haben. Die &#8222;MTV Unplugged&#8220;-Tour geht noch bis Ende M\u00e4rz, ist aber schon restlos ausverkauft.<\/p>\n<p>Der von GfK Entertainment und IFPI Schweiz initiierte &#8222;Number 1 Award der Offiziellen Schweizer Hitparade&#8220; ehrt nationale K\u00fcnstler, die auf Platz eins der w\u00f6chentlich erstellten Musik-Hitliste st\u00fcrmen. Er wurde im Oktober 2016 eingef\u00fchrt.<\/p>\n<\/div>\n<div class=\"clr\" style=\"text-align: justify;\"><\/div>\n<div class=\"itemLinks\" style=\"text-align: justify;\"><\/div>\n<div class=\"clr\" style=\"text-align: justify;\"><\/div>\n<\/div>\n<div class=\"itemSocialSharing\">\n<div class=\"itemTwitterButton\"><strong><a class=\"twitter-share-button\" href=\"https:\/\/twitter.com\/share\" data-count=\"horizontal\" data-via=\"gfkentertain\">Tweet<\/a><\/strong><\/div>\n<div class=\"itemFacebookButton\"><\/div>\n<\/div>\n<div class=\"itemRelated\"><\/div>\n<div><\/div>\n<div>\n<figure id=\"attachment_180070\" aria-describedby=\"caption-attachment-180070\" style=\"width: 675px\" class=\"wp-caption alignnone\"><img decoding=\"async\" loading=\"lazy\" class=\"size-full wp-image-180070\" src=\"https:\/\/smago.de\/ws2\/wp-content\/uploads\/2082\/03\/patent.jpg\" alt=\"\" width=\"675\" height=\"450\" srcset=\"https:\/\/smago.de\/ws2\/wp-content\/uploads\/2082\/03\/patent.jpg 675w, https:\/\/smago.de\/ws2\/wp-content\/uploads\/2082\/03\/patent-522x348.jpg 522w, https:\/\/smago.de\/ws2\/wp-content\/uploads\/2082\/03\/patent-225x150.jpg 225w, https:\/\/smago.de\/ws2\/wp-content\/uploads\/2082\/03\/patent-392x261.jpg 392w, https:\/\/smago.de\/ws2\/wp-content\/uploads\/2082\/03\/patent-130x87.jpg 130w, https:\/\/smago.de\/ws2\/wp-content\/uploads\/2082\/03\/patent-668x445.jpg 668w, https:\/\/smago.de\/ws2\/wp-content\/uploads\/2082\/03\/patent-285x190.jpg 285w, https:\/\/smago.de\/ws2\/wp-content\/uploads\/2082\/03\/patent-435x290.jpg 435w, https:\/\/smago.de\/ws2\/wp-content\/uploads\/2082\/03\/patent-150x100.jpg 150w, https:\/\/smago.de\/ws2\/wp-content\/uploads\/2082\/03\/patent-370x247.jpg 370w\" sizes=\"(max-width: 675px) 100vw, 675px\" \/><figcaption id=\"caption-attachment-180070\" class=\"wp-caption-text\"><em>v.l.n.r.: Andy Renggli (General Manager GfK Entertainment Schweiz), B\u00fcne Huber (Patent Ochsner), Christian Siegenthaler (Manager) und Philipp Truniger (Stv. Gesch\u00e4ftsf\u00fchrer IFPI Schweiz)<\/em><\/p>\n<p><em>Foto-Credit: Luca Maselli<\/em><\/figcaption><\/figure>\n<\/div>\n","protected":false},"excerpt":{"rendered":"<p>Berner Mundartband erh\u00e4lt Schweizer &#8222;Number 1 Award&#8220; f\u00fcr &#8222;MTV Unplugged Tonbildshow&#8220;!<\/p>\n","protected":false},"author":2,"featured_media":180070,"comment_status":"open","ping_status":"closed","sticky":false,"template":"","format":"standard","meta":{"_FSMCFIC_featured_image_caption":"","_FSMCFIC_featured_image_nocaption":"","_FSMCFIC_featured_image_hide":""},"categories":[27],"tags":[2431],"acf":[],"_links":{"self":[{"href":"https:\/\/smago.de\/ws2\/wp-json\/wp\/v2\/posts\/180042"}],"collection":[{"href":"https:\/\/smago.de\/ws2\/wp-json\/wp\/v2\/posts"}],"about":[{"href":"https:\/\/smago.de\/ws2\/wp-json\/wp\/v2\/types\/post"}],"author":[{"embeddable":true,"href":"https:\/\/smago.de\/ws2\/wp-json\/wp\/v2\/users\/2"}],"replies":[{"embeddable":true,"href":"https:\/\/smago.de\/ws2\/wp-json\/wp\/v2\/comments?post=180042"}],"version-history":[{"count":4,"href":"https:\/\/smago.de\/ws2\/wp-json\/wp\/v2\/posts\/180042\/revisions"}],"predecessor-version":[{"id":180073,"href":"https:\/\/smago.de\/ws2\/wp-json\/wp\/v2\/posts\/180042\/revisions\/180073"}],"wp:featuredmedia":[{"embeddable":true,"href":"https:\/\/smago.de\/ws2\/wp-json\/wp\/v2\/media\/180070"}],"wp:attachment":[{"href":"https:\/\/smago.de\/ws2\/wp-json\/wp\/v2\/media?parent=180042"}],"wp:term":[{"taxonomy":"category","embeddable":true,"href":"https:\/\/smago.de\/ws2\/wp-json\/wp\/v2\/categories?post=180042"},{"taxonomy":"post_tag","embeddable":true,"href":"https:\/\/smago.de\/ws2\/wp-json\/wp\/v2\/tags?post=180042"}],"curies":[{"name":"wp","href":"https:\/\/api.w.org\/{rel}","templated":true}]}}