{"id":179998,"date":"2022-03-03T23:59:41","date_gmt":"2022-03-03T22:59:41","guid":{"rendered":"https:\/\/smago.de\/ws2\/?p=179998"},"modified":"2022-03-03T21:11:31","modified_gmt":"2022-03-03T20:11:31","slug":"max-giesinger-heute-vorabend-04-03-2022-in-der-sendung-das-zu-gast","status":"publish","type":"post","link":"https:\/\/smago.de\/ws2\/pop\/max-giesinger-heute-vorabend-04-03-2022-in-der-sendung-das-zu-gast\/","title":{"rendered":"MAX GIESINGER <br>Heute Vorabend (04.03.2022) in der Sendung &#8222;DAS!&#8220; zu Gast!"},"content":{"rendered":"<p>18:45 Uhr &#8211; 19:30 Uhr (Wh. in der Nacht auf 05.03., 05:15 Uhr &#8211; 06:00 Uhr)!<br \/>\n<!--more--><\/p>\n<p>&nbsp;<\/p>\n<p>&nbsp;<\/p>\n<p style=\"text-align: justify;\">&#8222;Legenden\u201c, &#8222;Wenn sie tanzt&#8220; und &#8222;80 Millionen&#8220; &#8211; MAX GIESINGERs Songs sind Tophits, sein Markenzeichen die leicht rauchige Stimme und einf\u00fchlsame Texte. Jetzt k\u00f6nnen sich seine Fans freuen, denn der Popstar geht ab Ende M\u00e4rz mit mehr als 40 Live-Konzerten in Deutschland, \u00d6sterreich und der Schweiz auf Tour. Im Programm das neue Album &#8222;Vier&#8220;, das f\u00fcr den K\u00fcnstler eine Reise nach Innen bedeutet.<\/p>\n<p style=\"text-align: justify;\">Die zw\u00f6lf Songs erz\u00e4hlen von Kindheit, Familie und Selbstzweifel. Ein Thema ist die fr\u00fche Trennung seiner Eltern, die Max Giesinger mit dem Song &#8222;Deine Zweifel&#8220; musikalisch verarbeitet. Viele Songs entstanden 2020. Weil er in diesem Jahr Live-Auftritte wegen der Corona-Pandemie absagen musste, zog er sich f\u00fcr eine Zeit nach Portugal zur\u00fcck und nutzte die Zwangspause zu entschleunigen. Er verzichtete weitestgehend auf soziale Medien, lernte Surfen und Yoga. &#8222;Ich habe mir ein paar W\u00fcnsche erf\u00fcllt. Wenn es um mich selbst geht, ganz genau zu checken, welche Dinge mir guttun und welche nicht.&#8220;<\/p>\n<p style=\"text-align: justify;\">Seit dem Durchbruch mit dem Album &#8222;Der Junge, der rennt&#8220;, von 2016, ging es mit der Karriere des geb\u00fcrtigen Badeners steil und rasant bergauf. Inzwischen hat er mehr als 1,7 Millionen Tontr\u00e4ger verkauft. Jetzt kehrt Max Giesinger auf die B\u00fchne zur\u00fcck. Zuvor macht er Station auf dem Roten Sofa, erz\u00e4hlt von seinen Erfahrungen in der &#8222;entschleunigten Zeit&#8220; und pr\u00e4sentiert eine musikalische Kostprobe aus seinem neuen Album &#8222;Vier&#8220; live im Studio.<\/p>\n<p>&nbsp;<\/p>\n<p>&nbsp;<\/p>\n<figure id=\"attachment_179999\" aria-describedby=\"caption-attachment-179999\" style=\"width: 800px\" class=\"wp-caption alignnone\"><img decoding=\"async\" loading=\"lazy\" class=\"size-large wp-image-179999\" src=\"https:\/\/smago.de\/ws2\/wp-content\/uploads\/2022\/03\/giesinger_Christoph-Koestlin--800x450.jpg\" alt=\"\" width=\"800\" height=\"450\" srcset=\"https:\/\/smago.de\/ws2\/wp-content\/uploads\/2022\/03\/giesinger_Christoph-Koestlin--800x450.jpg 800w, https:\/\/smago.de\/ws2\/wp-content\/uploads\/2022\/03\/giesinger_Christoph-Koestlin--522x294.jpg 522w, https:\/\/smago.de\/ws2\/wp-content\/uploads\/2022\/03\/giesinger_Christoph-Koestlin--267x150.jpg 267w, https:\/\/smago.de\/ws2\/wp-content\/uploads\/2022\/03\/giesinger_Christoph-Koestlin--768x432.jpg 768w, https:\/\/smago.de\/ws2\/wp-content\/uploads\/2022\/03\/giesinger_Christoph-Koestlin--392x220.jpg 392w, https:\/\/smago.de\/ws2\/wp-content\/uploads\/2022\/03\/giesinger_Christoph-Koestlin--130x73.jpg 130w, https:\/\/smago.de\/ws2\/wp-content\/uploads\/2022\/03\/giesinger_Christoph-Koestlin--791x445.jpg 791w, https:\/\/smago.de\/ws2\/wp-content\/uploads\/2022\/03\/giesinger_Christoph-Koestlin--870x489.jpg 870w, https:\/\/smago.de\/ws2\/wp-content\/uploads\/2022\/03\/giesinger_Christoph-Koestlin--292x164.jpg 292w, https:\/\/smago.de\/ws2\/wp-content\/uploads\/2022\/03\/giesinger_Christoph-Koestlin--435x245.jpg 435w, https:\/\/smago.de\/ws2\/wp-content\/uploads\/2022\/03\/giesinger_Christoph-Koestlin--895x503.jpg 895w, https:\/\/smago.de\/ws2\/wp-content\/uploads\/2022\/03\/giesinger_Christoph-Koestlin-.jpg 1067w\" sizes=\"(max-width: 800px) 100vw, 800px\" \/><figcaption id=\"caption-attachment-179999\" class=\"wp-caption-text\"><em>Foto-Credit: Christoph K\u00f6stlin<\/em><\/figcaption><\/figure>\n","protected":false},"excerpt":{"rendered":"<p>18:45 Uhr &#8211; 19:30 Uhr (Wh. in der Nacht auf 05.03., 05:15 Uhr &#8211; 06:00 Uhr)!<\/p>\n","protected":false},"author":2,"featured_media":179999,"comment_status":"open","ping_status":"closed","sticky":false,"template":"","format":"standard","meta":{"_FSMCFIC_featured_image_caption":"","_FSMCFIC_featured_image_nocaption":"","_FSMCFIC_featured_image_hide":""},"categories":[27,128],"tags":[1519],"acf":[],"_links":{"self":[{"href":"https:\/\/smago.de\/ws2\/wp-json\/wp\/v2\/posts\/179998"}],"collection":[{"href":"https:\/\/smago.de\/ws2\/wp-json\/wp\/v2\/posts"}],"about":[{"href":"https:\/\/smago.de\/ws2\/wp-json\/wp\/v2\/types\/post"}],"author":[{"embeddable":true,"href":"https:\/\/smago.de\/ws2\/wp-json\/wp\/v2\/users\/2"}],"replies":[{"embeddable":true,"href":"https:\/\/smago.de\/ws2\/wp-json\/wp\/v2\/comments?post=179998"}],"version-history":[{"count":2,"href":"https:\/\/smago.de\/ws2\/wp-json\/wp\/v2\/posts\/179998\/revisions"}],"predecessor-version":[{"id":180001,"href":"https:\/\/smago.de\/ws2\/wp-json\/wp\/v2\/posts\/179998\/revisions\/180001"}],"wp:featuredmedia":[{"embeddable":true,"href":"https:\/\/smago.de\/ws2\/wp-json\/wp\/v2\/media\/179999"}],"wp:attachment":[{"href":"https:\/\/smago.de\/ws2\/wp-json\/wp\/v2\/media?parent=179998"}],"wp:term":[{"taxonomy":"category","embeddable":true,"href":"https:\/\/smago.de\/ws2\/wp-json\/wp\/v2\/categories?post=179998"},{"taxonomy":"post_tag","embeddable":true,"href":"https:\/\/smago.de\/ws2\/wp-json\/wp\/v2\/tags?post=179998"}],"curies":[{"name":"wp","href":"https:\/\/api.w.org\/{rel}","templated":true}]}}