{"id":179980,"date":"2022-03-03T20:32:57","date_gmt":"2022-03-03T19:32:57","guid":{"rendered":"https:\/\/smago.de\/ws2\/?p=179980"},"modified":"2022-03-03T20:34:05","modified_gmt":"2022-03-03T19:34:05","slug":"calimeros-mit-josephine-kommt-der-naechste-hit-der-calimeros","status":"publish","type":"post","link":"https:\/\/smago.de\/ws2\/schlager\/calimeros-mit-josephine-kommt-der-naechste-hit-der-calimeros\/","title":{"rendered":"CALIMEROS <br>Mit \u201eJosephine\u201c kommt der n\u00e4chste Album-Vorbote der Calimeros!"},"content":{"rendered":"<p style=\"text-align: justify;\">Die CD &#8222;Sommersterne&#8220; erscheint am 29.04.2022 &#8211; nat\u00fcrlich auch wieder als DVD sowie als Limitierte Fanbox!<br \/>\n<!--more--><\/p>\n<p>&nbsp;<\/p>\n<h3 class=\"entry-title\" style=\"text-align: justify;\"><\/h3>\n<p style=\"text-align: justify;\">Nachdem die CALIMEROS bereits vor drei Wochen mit ihrer ersten Single \u201eAddio Maria\u201c einen ersten Vorgeschmack auf ihr neues Album gegeben haben, pr\u00e4sentieren sie nun mit \u201eJosephine\u201c einen w\u00fcrdigen Nachfolger und lassen die Vorfreude ihrer Fans auf das neue Album damit weiter steigen.<\/p>\n<p style=\"text-align: justify;\"><em>\u201eEr hat dich verlassen, nach einer Ewigkeit\u201c,<\/em> beginnt Fronts\u00e4nger Roland Eberhart die phantasievolle Melodie-Geschichte hinter der zweiten Single aus dem neuen Calimeros-Album. Im weiteren Verlauf des Titels &#8211; sp\u00e4testens mit dem ersten Refrain &#8211; \u00fcberwiegen die tr\u00f6stenden Worte und die Zuversicht und der sommerliche Sound-Charakter der Calimeros ist nicht mehr zu \u00fcberh\u00f6ren<em>: \u201eWeine nicht um ihn, Josephine. Denn f\u00fcr tr\u00e4nen bist Du einfach viel zu sch\u00f6n\u201c.<\/em><\/p>\n<p style=\"text-align: justify;\">W\u00e4hrend sich Roland Eberhart und Matthias Teriet f\u00fcr den Text verantwortlich zeigen, stammt die musikalische Untermalung der Liebesgeschichte von Gerald Moser und Andy Steiner.<\/p>\n<p style=\"text-align: justify;\">Das beliebte Schlagertrio pr\u00e4sentiert mit \u201eJosephine\u201c nicht nur einen weiteren Hit-Kandidaten, sondern verk\u00fcrzt auch die Wartezeit auf das kommende Album \u201eSommersterne\u201c, das am 29.04.2022 erscheinen wird.<\/p>\n<p style=\"text-align: justify;\">\u201eJosephine\u201c wird am 04.03.2022 digital bei TELAMO ver\u00f6ffentlicht.<\/p>\n","protected":false},"excerpt":{"rendered":"<p>Die CD &#8222;Sommersterne&#8220; erscheint am 29.04.2022 &#8211; nat\u00fcrlich auch wieder als DVD sowie als Limitierte Fanbox!<\/p>\n","protected":false},"author":2,"featured_media":179981,"comment_status":"open","ping_status":"closed","sticky":false,"template":"","format":"standard","meta":{"_FSMCFIC_featured_image_caption":"","_FSMCFIC_featured_image_nocaption":"","_FSMCFIC_featured_image_hide":""},"categories":[29],"tags":[159],"acf":[],"_links":{"self":[{"href":"https:\/\/smago.de\/ws2\/wp-json\/wp\/v2\/posts\/179980"}],"collection":[{"href":"https:\/\/smago.de\/ws2\/wp-json\/wp\/v2\/posts"}],"about":[{"href":"https:\/\/smago.de\/ws2\/wp-json\/wp\/v2\/types\/post"}],"author":[{"embeddable":true,"href":"https:\/\/smago.de\/ws2\/wp-json\/wp\/v2\/users\/2"}],"replies":[{"embeddable":true,"href":"https:\/\/smago.de\/ws2\/wp-json\/wp\/v2\/comments?post=179980"}],"version-history":[{"count":2,"href":"https:\/\/smago.de\/ws2\/wp-json\/wp\/v2\/posts\/179980\/revisions"}],"predecessor-version":[{"id":179983,"href":"https:\/\/smago.de\/ws2\/wp-json\/wp\/v2\/posts\/179980\/revisions\/179983"}],"wp:featuredmedia":[{"embeddable":true,"href":"https:\/\/smago.de\/ws2\/wp-json\/wp\/v2\/media\/179981"}],"wp:attachment":[{"href":"https:\/\/smago.de\/ws2\/wp-json\/wp\/v2\/media?parent=179980"}],"wp:term":[{"taxonomy":"category","embeddable":true,"href":"https:\/\/smago.de\/ws2\/wp-json\/wp\/v2\/categories?post=179980"},{"taxonomy":"post_tag","embeddable":true,"href":"https:\/\/smago.de\/ws2\/wp-json\/wp\/v2\/tags?post=179980"}],"curies":[{"name":"wp","href":"https:\/\/api.w.org\/{rel}","templated":true}]}}