{"id":179964,"date":"2022-03-04T00:00:41","date_gmt":"2022-03-03T23:00:41","guid":{"rendered":"https:\/\/smago.de\/ws2\/?p=179964"},"modified":"2022-03-03T20:03:20","modified_gmt":"2022-03-03T19:03:20","slug":"eurovision-song-contest-2022-heute04-03-2022-germany-12-points-der-deutsche-esc-vorentscheid","status":"publish","type":"post","link":"https:\/\/smago.de\/ws2\/pop\/eurovision-song-contest-2022-heute04-03-2022-germany-12-points-der-deutsche-esc-vorentscheid\/","title":{"rendered":"&#8222;EUROVISION SONG CONTEST 2022&#8220; <br>Heute(04.03.2022): &#8222;Germany 12 Points &#8211; der deutsche ESC-Vorentscheid&#8220;!"},"content":{"rendered":"<p>Das Erste \/ ARD + ALLE DRITTEN PROGRAMME, 21:00 Uhr &#8211; 22:35 Uhr!<br \/>\n<!--more--><\/p>\n<p>&nbsp;<\/p>\n<p>&nbsp;<\/p>\n<p>&nbsp;<\/p>\n<p style=\"text-align: justify;\">Wer f\u00e4hrt f\u00fcr Deutschland zum ESC nach Turin? Das entscheidet sich in der Liveshow &#8222;Germany 12 Points \u2013 der deutsche ESC- Vorentscheid&#8220; mit Barbara Sch\u00f6neberger. Auch diese Sendung steht im Zeichen der Solidarit\u00e4t mit der Ukraine wie der ganze Abend in Das Erste, den Dritten Programmen der ARD, in ONE, auf eurovision.de und in der ARD-Mediathek. Zu Gast ist u.a. Jamala, die 2016 f\u00fcr die Ukraine den ESC gewann.<\/p>\n<p>&nbsp;<\/p>\n<p>&nbsp;<\/p>\n<p style=\"text-align: justify;\">***<\/p>\n<p>&nbsp;<\/p>\n<p>&nbsp;<\/p>\n<p style=\"text-align: justify;\">2016 gewann sie f\u00fcr die Ukraine den Eurovision Song Contest, jetzt ist sie aus Kiew geflohen: Jamala. Sie ist Stargast bei \u201eGermany 12 Points \u2013 der deutsche ESC-Vorentscheid\u201c und wird dort u. a. ihren Gewinnersong singen, \u201e1944\u201c. Das Lied handelt von der Deportation der Krimtataren durch Josef Stalin. Auch das Schicksal ihrer eigenen Familie hatte Jamala darin besungen, denn unter den damals Vertriebenen war auch ihre eigene Ur-Gro\u00dfmutter.<\/p>\n<p style=\"text-align: justify;\">Moderatorin Barbara Sch\u00f6neberger wird mit Jamala auch \u00fcber deren Flucht wegen des Einmarsches russischer Truppen in die Ukraine sprechen. Gemeinsam mit ihren Kindern ist die 38-J\u00e4hrige bei ihrer Schwester in Istanbul untergekommen. Der Ehemann der ESC-Gewinnerin von 2016 ist in der Ukraine geblieben.<\/p>\n<p style=\"text-align: justify;\">F\u00fcr den Vorentscheid als Deutschlands Vertreter beim diesj\u00e4hrigen ESC in Italien stehen sechs Music-Acts zur Wahl, die die deutsche ESC-Fachjury unter allen Bewerbungen ausgesucht hat: Emily Roberts, Eros Atomus, Felicia Lu, Ma\u00ebl &amp; Jonas, Malik Harris und Nico Suave &amp; Team Liebe. Die Zuschauerinnen und Zuschauer k\u00f6nnen in der Show ihre Favoriten w\u00e4hlen, deren Voting macht 50 Prozent der Entscheidung aus. Die anderen 50 Prozent kommen von den H\u00f6rerinnen und H\u00f6rern aller neun Radio-Popwellen der ARD, die bis zum 4. M\u00e4rz online abstimmen k\u00f6nnen, welchen Music- Act sie vorne sehen. Die Radio-H\u00f6rerinnen und -H\u00f6rer werden in der Show von Star-Moderatorinnen und -Moderatoren der ARD-Popwellen vertreten, die das Ergebnis des Onlinevotings aus ihren Sendegebieten pr\u00e4sentieren.<\/p>\n<p style=\"text-align: justify;\">W\u00e4hrend der Abstimmungspause geht es f\u00fcr das Publikum auf eine musikalische Reise durch die Geschichte des internationalen Musikwettbewerbs. G\u00e4ste sind unter anderen Conchita, ESC-Siegerin von 2014, Moderator und Komiker Thomas Hermanns, einer der prominentesten ESC-Fans in Deutschland, sowie Comedian B\u00fclent Ceylan und Jane Comerford. Als S\u00e4ngerin von Texas Lightning stand sie 2006 f\u00fcr Deutschland auf der ESC-B\u00fchne. Dazu kommen weitere \u00dcberraschungen und eine besondere Version des ESC- Klassikers &#8222;Ein bisschen Frieden&#8220; von Nicole.<\/p>\n<p style=\"text-align: justify;\">Moderatorin Barbara Sch\u00f6neberger pr\u00e4sentiert am Ende dieser Sendung das Ergebnis, welcher Act am 14. Mai 2022 beim ESC- Finale in Turin f\u00fcr Deutschland auf der B\u00fchne stehen wird.<\/p>\n<p>&nbsp;<\/p>\n<p>&nbsp;<\/p>\n<p>&nbsp;<\/p>\n<figure id=\"attachment_179808\" aria-describedby=\"caption-attachment-179808\" style=\"width: 800px\" class=\"wp-caption alignnone\"><img decoding=\"async\" loading=\"lazy\" class=\"size-large wp-image-179808\" src=\"https:\/\/smago.de\/ws2\/wp-content\/uploads\/2022\/02\/3_Pressekonferenz_Germany_12_Points-800x528.jpg\" alt=\"\" width=\"800\" height=\"528\" srcset=\"https:\/\/smago.de\/ws2\/wp-content\/uploads\/2022\/02\/3_Pressekonferenz_Germany_12_Points-800x528.jpg 800w, https:\/\/smago.de\/ws2\/wp-content\/uploads\/2022\/02\/3_Pressekonferenz_Germany_12_Points-522x345.jpg 522w, https:\/\/smago.de\/ws2\/wp-content\/uploads\/2022\/02\/3_Pressekonferenz_Germany_12_Points-227x150.jpg 227w, https:\/\/smago.de\/ws2\/wp-content\/uploads\/2022\/02\/3_Pressekonferenz_Germany_12_Points-768x507.jpg 768w, https:\/\/smago.de\/ws2\/wp-content\/uploads\/2022\/02\/3_Pressekonferenz_Germany_12_Points-1536x1014.jpg 1536w, https:\/\/smago.de\/ws2\/wp-content\/uploads\/2022\/02\/3_Pressekonferenz_Germany_12_Points-2048x1352.jpg 2048w, https:\/\/smago.de\/ws2\/wp-content\/uploads\/2022\/02\/3_Pressekonferenz_Germany_12_Points-392x259.jpg 392w, https:\/\/smago.de\/ws2\/wp-content\/uploads\/2022\/02\/3_Pressekonferenz_Germany_12_Points-130x86.jpg 130w, https:\/\/smago.de\/ws2\/wp-content\/uploads\/2022\/02\/3_Pressekonferenz_Germany_12_Points-674x445.jpg 674w, https:\/\/smago.de\/ws2\/wp-content\/uploads\/2022\/02\/3_Pressekonferenz_Germany_12_Points-791x522.jpg 791w, https:\/\/smago.de\/ws2\/wp-content\/uploads\/2022\/02\/3_Pressekonferenz_Germany_12_Points-288x190.jpg 288w, https:\/\/smago.de\/ws2\/wp-content\/uploads\/2022\/02\/3_Pressekonferenz_Germany_12_Points-435x287.jpg 435w, https:\/\/smago.de\/ws2\/wp-content\/uploads\/2022\/02\/3_Pressekonferenz_Germany_12_Points-150x100.jpg 150w\" sizes=\"(max-width: 800px) 100vw, 800px\" \/><figcaption id=\"caption-attachment-179808\" class=\"wp-caption-text\"><em>NORDDEUTSCHER RUNDFUNK<\/em><br \/><em>Pressekonferenz &#8211; Germany 12 Points &#8211; Eurovision Song Contest 2022<\/em><br \/><em>Gruppenfoto ESC Kandidatinnen und Kandidaten<\/em><\/p>\n<p><em>\u00a9 NDR \/ Hendrik L\u00fcders<\/em><\/figcaption><\/figure>\n<p>&nbsp;<\/p>\n<p>&nbsp;<\/p>\n<p>&nbsp;<\/p>\n<p>&nbsp;<\/p>\n<figure id=\"attachment_179965\" aria-describedby=\"caption-attachment-179965\" style=\"width: 800px\" class=\"wp-caption alignnone\"><img decoding=\"async\" loading=\"lazy\" class=\"size-large wp-image-179965\" src=\"https:\/\/smago.de\/ws2\/wp-content\/uploads\/2022\/03\/1_Germany_12_Points_d_deutsche_ESC_Vorentscheid-800x572.jpg\" alt=\"\" width=\"800\" height=\"572\" srcset=\"https:\/\/smago.de\/ws2\/wp-content\/uploads\/2022\/03\/1_Germany_12_Points_d_deutsche_ESC_Vorentscheid-800x572.jpg 800w, https:\/\/smago.de\/ws2\/wp-content\/uploads\/2022\/03\/1_Germany_12_Points_d_deutsche_ESC_Vorentscheid-522x373.jpg 522w, https:\/\/smago.de\/ws2\/wp-content\/uploads\/2022\/03\/1_Germany_12_Points_d_deutsche_ESC_Vorentscheid-210x150.jpg 210w, https:\/\/smago.de\/ws2\/wp-content\/uploads\/2022\/03\/1_Germany_12_Points_d_deutsche_ESC_Vorentscheid-768x549.jpg 768w, https:\/\/smago.de\/ws2\/wp-content\/uploads\/2022\/03\/1_Germany_12_Points_d_deutsche_ESC_Vorentscheid-1536x1097.jpg 1536w, https:\/\/smago.de\/ws2\/wp-content\/uploads\/2022\/03\/1_Germany_12_Points_d_deutsche_ESC_Vorentscheid-2048x1463.jpg 2048w, https:\/\/smago.de\/ws2\/wp-content\/uploads\/2022\/03\/1_Germany_12_Points_d_deutsche_ESC_Vorentscheid-381x272.jpg 381w, https:\/\/smago.de\/ws2\/wp-content\/uploads\/2022\/03\/1_Germany_12_Points_d_deutsche_ESC_Vorentscheid-130x93.jpg 130w, https:\/\/smago.de\/ws2\/wp-content\/uploads\/2022\/03\/1_Germany_12_Points_d_deutsche_ESC_Vorentscheid-623x445.jpg 623w, https:\/\/smago.de\/ws2\/wp-content\/uploads\/2022\/03\/1_Germany_12_Points_d_deutsche_ESC_Vorentscheid-731x522.jpg 731w, https:\/\/smago.de\/ws2\/wp-content\/uploads\/2022\/03\/1_Germany_12_Points_d_deutsche_ESC_Vorentscheid-266x190.jpg 266w, https:\/\/smago.de\/ws2\/wp-content\/uploads\/2022\/03\/1_Germany_12_Points_d_deutsche_ESC_Vorentscheid-406x290.jpg 406w\" sizes=\"(max-width: 800px) 100vw, 800px\" \/><figcaption id=\"caption-attachment-179965\" class=\"wp-caption-text\"><em>\u00a9 HR &#8211; NDR \/ Morris Mac Matzen<\/em><\/figcaption><\/figure>\n","protected":false},"excerpt":{"rendered":"<p>Das Erste \/ ARD + ALLE DRITTEN PROGRAMME, 21:00 Uhr &#8211; 22:35 Uhr!<\/p>\n","protected":false},"author":2,"featured_media":179965,"comment_status":"open","ping_status":"closed","sticky":false,"template":"","format":"standard","meta":{"_FSMCFIC_featured_image_caption":"","_FSMCFIC_featured_image_nocaption":"","_FSMCFIC_featured_image_hide":""},"categories":[27,128],"tags":[85],"acf":[],"_links":{"self":[{"href":"https:\/\/smago.de\/ws2\/wp-json\/wp\/v2\/posts\/179964"}],"collection":[{"href":"https:\/\/smago.de\/ws2\/wp-json\/wp\/v2\/posts"}],"about":[{"href":"https:\/\/smago.de\/ws2\/wp-json\/wp\/v2\/types\/post"}],"author":[{"embeddable":true,"href":"https:\/\/smago.de\/ws2\/wp-json\/wp\/v2\/users\/2"}],"replies":[{"embeddable":true,"href":"https:\/\/smago.de\/ws2\/wp-json\/wp\/v2\/comments?post=179964"}],"version-history":[{"count":2,"href":"https:\/\/smago.de\/ws2\/wp-json\/wp\/v2\/posts\/179964\/revisions"}],"predecessor-version":[{"id":179967,"href":"https:\/\/smago.de\/ws2\/wp-json\/wp\/v2\/posts\/179964\/revisions\/179967"}],"wp:featuredmedia":[{"embeddable":true,"href":"https:\/\/smago.de\/ws2\/wp-json\/wp\/v2\/media\/179965"}],"wp:attachment":[{"href":"https:\/\/smago.de\/ws2\/wp-json\/wp\/v2\/media?parent=179964"}],"wp:term":[{"taxonomy":"category","embeddable":true,"href":"https:\/\/smago.de\/ws2\/wp-json\/wp\/v2\/categories?post=179964"},{"taxonomy":"post_tag","embeddable":true,"href":"https:\/\/smago.de\/ws2\/wp-json\/wp\/v2\/tags?post=179964"}],"curies":[{"name":"wp","href":"https:\/\/api.w.org\/{rel}","templated":true}]}}