{"id":179944,"date":"2022-03-03T23:59:05","date_gmt":"2022-03-03T22:59:05","guid":{"rendered":"https:\/\/smago.de\/ws2\/?p=179944"},"modified":"2022-03-03T18:50:48","modified_gmt":"2022-03-03T17:50:48","slug":"bernd-stelter-u-a-fr-04-03-2022-in-der-talk-show-koelner-treff-zu-gast","status":"publish","type":"post","link":"https:\/\/smago.de\/ws2\/uncategorized\/bernd-stelter-u-a-fr-04-03-2022-in-der-talk-show-koelner-treff-zu-gast\/","title":{"rendered":"BERND STELTER u.a. <br>Fr. (04.03.2022) in der Talk-Show &#8222;K\u00f6lner Treff&#8220; zu Gast!"},"content":{"rendered":"<p style=\"text-align: justify;\">WDR Fernsehen, 22:45 Uhr &#8211; 00:15 Uhr (Wh.: 06.03., 09:35 Uhr &#8211; 11:05 Uhr)! Moderation: Susan Link und Micky Beisenherz!<br \/>\n<!--more--><\/p>\n<p>&nbsp;<\/p>\n<p>&nbsp;<\/p>\n<p style=\"text-align: justify;\">\n<p style=\"text-align: justify;\"><strong>Zu Gast sind:<\/strong><\/p>\n<p style=\"text-align: justify;\">\n<p style=\"text-align: justify;\">\n<p><strong>Hans Sigl<\/strong><\/p>\n<p>&nbsp;<\/p>\n<p style=\"text-align: justify;\">\nAls dem Schauspieler 2007 die Rolle als &#8222;Bergdoktor&#8220; angeboten wurde, riet ihm seine Agentin ab. Er wollte sie trotzdem. Seither hat der Bergdoktor immer mehr Fans hinzugewonnen, inzwischen sind es mehr als, 6,5 Millionen. Die Rolle als Arzt ist ihm bestens vertraut. Im letzten Jahr hat er eine Operation am offenen Herzen begleiten d\u00fcrfen. &#8222;Das ist nichts f\u00fcr schwache Nerven. Ich m\u00f6chte mit keinem Arzt tauschen wollen!&#8220; Nichts f\u00fcr schwache Nerven ist auch sein neuer, ganz anderer Film: ein Thriller, in dem er vor der Mafia auf der Flucht ist.<\/p>\n<p>&nbsp;<\/p>\n<p>&nbsp;<\/p>\n<p>&nbsp;<\/p>\n<p>&nbsp;<\/p>\n<p style=\"text-align: justify;\"><strong>Prof. Dr. Karl Lauterbach<\/strong><\/p>\n<p>&nbsp;<\/p>\n<p style=\"text-align: justify;\">Als frischgebackener Bundesgesundheitsminister ist er noch mehr als zuvor in Sachen Corona im Einsatz. 16 Stunden-Tage sind f\u00fcr den 59-j\u00e4hrigen Rheinl\u00e4nder keine Seltenheit. F\u00fcr das Privatleben bleibt daneben kaum Zeit. Als ausgebildeter Mediziner pl\u00e4diert Lauterbach vor allem daf\u00fcr, dass Politik mit der Wissenschaft Schritt h\u00e4lt, denn sonst drohen wir die Kontrolle \u00fcber die Zukunft zu verlieren. \u00dcber Herausforderungen und Momente der Leichtigkeit spricht Karl Lauterbach im K\u00f6lner Treff.<\/p>\n<p>&nbsp;<\/p>\n<p>&nbsp;<\/p>\n<p>&nbsp;<\/p>\n<p>&nbsp;<\/p>\n<p style=\"text-align: justify;\"><strong>Natalia W\u00f6rner<\/strong><\/p>\n<p>&nbsp;<\/p>\n<p style=\"text-align: justify;\">Sie ist eine der erfolgreichsten Schauspielerinnen Deutschlands und sie hat eine klare Haltung. Gesellschaftliche Debatten oder politische Themen &#8211; Natalia W\u00f6rner bezieht Stellung, auch und besonders, wenn es um Frauenrechte geht. F\u00fcr ein ehrgeiziges Filmprojekt ist Natalia, die selbst aus einer stark von Frauen gepr\u00e4gten Familie stammt, auf Reisen gegangen. Sie portr\u00e4tiert Frauen, die mit ihren Ideen und Visionen f\u00fcr eine gerechtere Gesellschaft k\u00e4mpfen und sich f\u00fcr Female Empowerment einsetzen. Natalia W\u00f6rner erz\u00e4hlt aus ihrer eigenen Familiengeschichte und vom Aufwachsen in einem Matriarchat!<\/p>\n<p>&nbsp;<\/p>\n<p>&nbsp;<\/p>\n<p>&nbsp;<\/p>\n<p>&nbsp;<\/p>\n<p style=\"text-align: justify;\"><strong>Oumi Janta<\/strong><\/p>\n<p>&nbsp;<\/p>\n<p style=\"text-align: justify;\">Ein Video machte sie \u00fcber Nacht ber\u00fchmt. Aus der Produktdesignerin Oumi Janta wird pl\u00f6tzlich eine Ber\u00fchmtheit. Und das nur, weil sie ihre Leidenschaft, das Jamskaten, also Tanzen auf Rollschuhen, in den sozialen Medien \u00f6ffentlich gemacht hat. Millionen gef\u00e4llt ihr Tanzvideo, sie begeistert selbst US-Stars wie Alicia Keys. Seitdem kann sich die Berlinerin vor Auftr\u00e4gen kaum retten &#8211; egal ob Werbekampagnen f\u00fcr Sportartikelhersteller oder Shootings f\u00fcr gro\u00dfe Modeketten, Oumi Janta ist pl\u00f6tzlich eine gefragte Frau. Was sie am Rollschuhtanzen begeistert, wie sie mit dem pl\u00f6tzlichen \u00f6ffentlichen Interesse umgeht und warum der Erfolg auch seine Schattenseiten hat, erz\u00e4hlt Oumi Janta im K\u00f6lner Treff.<\/p>\n<p>&nbsp;<\/p>\n<p>&nbsp;<\/p>\n<p>&nbsp;<\/p>\n<p>&nbsp;<\/p>\n<p style=\"text-align: justify;\"><strong>Bernd Stelter<\/strong><\/p>\n<p>&nbsp;<\/p>\n<p style=\"text-align: justify;\">Rund um seinen 60. Geburtstag stellt sich der Moderator und Komiker allen Themen rund ums \u00c4lterwerden &#8211; denn er m\u00f6chte barrierefrei neunzig werden. Stelter beginnt zu gehen, 10.000 Schritte t\u00e4glich, und seine Muskeln so lange zu triezen, bis sie brennen. Aber auch der Geist soll nicht verkalken. Und was k\u00f6nnte da besser geeignet sein, als nach \u00fcber 20 Jahren Holland-Urlaub endlich die Landessprache unserer Nachbarn zu lernen? Bernd Stelter findet, dass es nun langsam Zeit wird, auszumisten: Was bleibt wichtig im Leben, was ist Ballast und kann weg? Wie man es schafft, Humor und Optimismus auch im Alter zu bewahren, dar\u00fcber wird er im K\u00f6lner Treff sprechen.<\/p>\n<p>&nbsp;<\/p>\n<p>&nbsp;<\/p>\n<p>&nbsp;<\/p>\n<p>&nbsp;<\/p>\n<p style=\"text-align: justify;\"><strong>Katharina Wackernagel<\/strong><\/p>\n<p>&nbsp;<\/p>\n<p style=\"text-align: justify;\">Schon als kleines M\u00e4dchen schnupperte sie B\u00fchnenluft, denn Katharina Wackernagel stammt aus einer Schauspielerfamilie. Fr\u00fch fasste sie den Entschluss in die Fu\u00dfstapfen ihrer Mutter Sabine zu treten. Mit 17 folgte die Titelrolle der gleichnamigen Vorabendserie &#8222;Tanja&#8220;, f\u00fcr die sie 1998 einen Goldenen L\u00f6wen erhielt. Seither ist sie aus der deutschen Fernsehlandschaft nicht mehr wegzudenken. Ab M\u00e4rz ermittelt die Schauspielerin nun als Kommissarin in der Neuauflage der ARD-Kult-Serie &#8222;Mord mit Aussicht&#8220;.<\/p>\n<p>&nbsp;<\/p>\n<p>&nbsp;<\/p>\n<p>&nbsp;<\/p>\n<figure id=\"attachment_149386\" aria-describedby=\"caption-attachment-149386\" style=\"width: 800px\" class=\"wp-caption alignnone\"><img decoding=\"async\" loading=\"lazy\" class=\"size-large wp-image-149386\" src=\"https:\/\/smago.de\/ws2\/wp-content\/uploads\/2020\/07\/1_Koelner_Sommer_Treff_2018-800x528.jpg\" alt=\"\" width=\"800\" height=\"528\" srcset=\"https:\/\/smago.de\/ws2\/wp-content\/uploads\/2020\/07\/1_Koelner_Sommer_Treff_2018-800x528.jpg 800w, https:\/\/smago.de\/ws2\/wp-content\/uploads\/2020\/07\/1_Koelner_Sommer_Treff_2018-522x345.jpg 522w, https:\/\/smago.de\/ws2\/wp-content\/uploads\/2020\/07\/1_Koelner_Sommer_Treff_2018-227x150.jpg 227w, https:\/\/smago.de\/ws2\/wp-content\/uploads\/2020\/07\/1_Koelner_Sommer_Treff_2018-768x507.jpg 768w, https:\/\/smago.de\/ws2\/wp-content\/uploads\/2020\/07\/1_Koelner_Sommer_Treff_2018-1536x1014.jpg 1536w, https:\/\/smago.de\/ws2\/wp-content\/uploads\/2020\/07\/1_Koelner_Sommer_Treff_2018-2048x1352.jpg 2048w, https:\/\/smago.de\/ws2\/wp-content\/uploads\/2020\/07\/1_Koelner_Sommer_Treff_2018-392x259.jpg 392w, https:\/\/smago.de\/ws2\/wp-content\/uploads\/2020\/07\/1_Koelner_Sommer_Treff_2018-130x86.jpg 130w, https:\/\/smago.de\/ws2\/wp-content\/uploads\/2020\/07\/1_Koelner_Sommer_Treff_2018-674x445.jpg 674w, https:\/\/smago.de\/ws2\/wp-content\/uploads\/2020\/07\/1_Koelner_Sommer_Treff_2018-791x522.jpg 791w, https:\/\/smago.de\/ws2\/wp-content\/uploads\/2020\/07\/1_Koelner_Sommer_Treff_2018-288x190.jpg 288w, https:\/\/smago.de\/ws2\/wp-content\/uploads\/2020\/07\/1_Koelner_Sommer_Treff_2018-435x287.jpg 435w, https:\/\/smago.de\/ws2\/wp-content\/uploads\/2020\/07\/1_Koelner_Sommer_Treff_2018-150x100.jpg 150w\" sizes=\"(max-width: 800px) 100vw, 800px\" \/><figcaption id=\"caption-attachment-149386\" class=\"wp-caption-text\"><em>Foto-Credit: WDR \/ Melanie Grande<\/em><\/figcaption><\/figure>\n","protected":false},"excerpt":{"rendered":"<p>WDR Fernsehen, 22:45 Uhr &#8211; 00:15 Uhr (Wh.: 06.03., 09:35 Uhr &#8211; 11:05 Uhr)! Moderation: Susan Link und Micky Beisenherz!<\/p>\n","protected":false},"author":2,"featured_media":149386,"comment_status":"open","ping_status":"closed","sticky":false,"template":"","format":"standard","meta":{"_FSMCFIC_featured_image_caption":"","_FSMCFIC_featured_image_nocaption":"","_FSMCFIC_featured_image_hide":""},"categories":[1],"tags":[129],"acf":[],"_links":{"self":[{"href":"https:\/\/smago.de\/ws2\/wp-json\/wp\/v2\/posts\/179944"}],"collection":[{"href":"https:\/\/smago.de\/ws2\/wp-json\/wp\/v2\/posts"}],"about":[{"href":"https:\/\/smago.de\/ws2\/wp-json\/wp\/v2\/types\/post"}],"author":[{"embeddable":true,"href":"https:\/\/smago.de\/ws2\/wp-json\/wp\/v2\/users\/2"}],"replies":[{"embeddable":true,"href":"https:\/\/smago.de\/ws2\/wp-json\/wp\/v2\/comments?post=179944"}],"version-history":[{"count":1,"href":"https:\/\/smago.de\/ws2\/wp-json\/wp\/v2\/posts\/179944\/revisions"}],"predecessor-version":[{"id":179945,"href":"https:\/\/smago.de\/ws2\/wp-json\/wp\/v2\/posts\/179944\/revisions\/179945"}],"wp:featuredmedia":[{"embeddable":true,"href":"https:\/\/smago.de\/ws2\/wp-json\/wp\/v2\/media\/149386"}],"wp:attachment":[{"href":"https:\/\/smago.de\/ws2\/wp-json\/wp\/v2\/media?parent=179944"}],"wp:term":[{"taxonomy":"category","embeddable":true,"href":"https:\/\/smago.de\/ws2\/wp-json\/wp\/v2\/categories?post=179944"},{"taxonomy":"post_tag","embeddable":true,"href":"https:\/\/smago.de\/ws2\/wp-json\/wp\/v2\/tags?post=179944"}],"curies":[{"name":"wp","href":"https:\/\/api.w.org\/{rel}","templated":true}]}}