{"id":179934,"date":"2022-03-03T14:29:57","date_gmt":"2022-03-03T13:29:57","guid":{"rendered":"https:\/\/smago.de\/ws2\/?p=179934"},"modified":"2022-03-03T14:29:57","modified_gmt":"2022-03-03T13:29:57","slug":"giovanni-zarrella-die-giovanni-zarrella-show-am-09-04-2022-live-aus-dem-velodrom-in-berlin","status":"publish","type":"post","link":"https:\/\/smago.de\/ws2\/schlager\/giovanni-zarrella-die-giovanni-zarrella-show-am-09-04-2022-live-aus-dem-velodrom-in-berlin\/","title":{"rendered":"GIOVANNI ZARRELLA <br>&#8222;Die Giovanni Zarrella Show&#8220; am 09.04.2022 &#8211; live aus dem Velodrom in Berlin!"},"content":{"rendered":"<p>HIER k\u00f6nnen Sie sich f\u00fcr Zuschauer-Karten bewerben &#8230;:<br \/>\n<!--more--><\/p>\n<p>&nbsp;<\/p>\n<p>&nbsp;<\/p>\n<p style=\"text-align: justify;\"><em>Am <strong>09.04.2022<\/strong> pr\u00e4sentiert der S\u00e4nger und Entertainer <strong>GIOVANNI ZARRELLA<\/strong> aus dem <strong>Velodrom <\/strong>in <strong>Berlin <\/strong>die vierte Ausgabe seiner gro\u00dfartigen Show. Und auch hierf\u00fcr hat sich wieder ein gro\u00dfes Starangebot angek\u00fcndigt.<\/em><\/p>\n<p style=\"text-align: justify;\"><em>Auf dem Programm stehen diesmal einige TV-Premieren. So pr\u00e4sentiert <strong>Andrea Berg<\/strong> ihre erste neue Single seit vier Jahren. Auch <strong>Roland Kaiser, Beatrice Egli, Marianne Rosenberg<\/strong>, <strong>Maite Kelly<\/strong> und <strong>Kerstin Ott<\/strong> sind mit brandneuen Songs am Start und mit Musik aus ihrem Deb\u00fctalbum ist Schauspielerin und &#8222;Bergdoktor&#8220;-Star <strong>Ronja Forcher<\/strong> zu Gast. Pops\u00e4nger <strong>Sasha<\/strong> feiert seinen 50. Geburtstag bei Giovanni nach. Ein besonderes Highlight wird der Auftritt von <strong>George Ezra<\/strong>.<\/em><\/p>\n<p style=\"text-align: justify;\"><em>Gastgeber <strong>Giovanni Zarrella<\/strong> stellt sein Allroundtalent als S\u00e4nger und T\u00e4nzer unter Beweis und sorgt im Opening und Schlagerspecial mit seiner Live-Band f\u00fcr besondere Momente. Ein unterhaltsamer Abend erwartet Sie.<\/em><\/p>\n<p style=\"text-align: justify;\"><em>Wenn auch Sie dabei sein m\u00f6chten, k\u00f6nnen Sie sich ab 04.03.2022 um Tickets f\u00fcr diesen Abend bewerben. \u00a0F\u00fcr Ihre Kartenbewerbung nutzen Sie bitte ausschlie\u00dflich unsere Seite <a href=\"http:\/\/www.ticketservice.zdf.de\/\">www.ticketservice.zdf.de<\/a> <strong>Ein Blick auf diese Seite lohnt sich \u00fcbrigens immer!<\/strong><\/em><\/p>\n<p style=\"text-align: justify;\">\n<p style=\"text-align: justify;\"><em>Nun freuen wir uns auf Ihre Bewerbung und verbleiben<\/p>\n<p><\/em><\/p>\n<p style=\"text-align: justify;\"><em>mit vielen Gr\u00fc\u00dfen aus Mainz\u00a0<\/em><\/p>\n<p style=\"text-align: justify;\"><em><br \/>\nIhr ZDF-Ticketservice<\/em><\/p>\n<p style=\"text-align: justify;\">\n<p>&nbsp;<\/p>\n<p>&nbsp;<\/p>\n<figure id=\"attachment_179854\" aria-describedby=\"caption-attachment-179854\" style=\"width: 720px\" class=\"wp-caption alignnone\"><img decoding=\"async\" loading=\"lazy\" class=\"size-full wp-image-179854\" src=\"https:\/\/smago.de\/ws2\/wp-content\/uploads\/2022\/03\/csm_Die_Giovanni_Zarrella_Show_ZDF_F_Tobias_Schult_H_Brand_New_Media_C_Serviceplan_77529-2-15_84b75c4ab7.jpg\" alt=\"\" width=\"720\" height=\"405\" srcset=\"https:\/\/smago.de\/ws2\/wp-content\/uploads\/2022\/03\/csm_Die_Giovanni_Zarrella_Show_ZDF_F_Tobias_Schult_H_Brand_New_Media_C_Serviceplan_77529-2-15_84b75c4ab7.jpg 720w, https:\/\/smago.de\/ws2\/wp-content\/uploads\/2022\/03\/csm_Die_Giovanni_Zarrella_Show_ZDF_F_Tobias_Schult_H_Brand_New_Media_C_Serviceplan_77529-2-15_84b75c4ab7-522x294.jpg 522w, https:\/\/smago.de\/ws2\/wp-content\/uploads\/2022\/03\/csm_Die_Giovanni_Zarrella_Show_ZDF_F_Tobias_Schult_H_Brand_New_Media_C_Serviceplan_77529-2-15_84b75c4ab7-267x150.jpg 267w, https:\/\/smago.de\/ws2\/wp-content\/uploads\/2022\/03\/csm_Die_Giovanni_Zarrella_Show_ZDF_F_Tobias_Schult_H_Brand_New_Media_C_Serviceplan_77529-2-15_84b75c4ab7-392x221.jpg 392w, https:\/\/smago.de\/ws2\/wp-content\/uploads\/2022\/03\/csm_Die_Giovanni_Zarrella_Show_ZDF_F_Tobias_Schult_H_Brand_New_Media_C_Serviceplan_77529-2-15_84b75c4ab7-130x73.jpg 130w, https:\/\/smago.de\/ws2\/wp-content\/uploads\/2022\/03\/csm_Die_Giovanni_Zarrella_Show_ZDF_F_Tobias_Schult_H_Brand_New_Media_C_Serviceplan_77529-2-15_84b75c4ab7-292x164.jpg 292w, https:\/\/smago.de\/ws2\/wp-content\/uploads\/2022\/03\/csm_Die_Giovanni_Zarrella_Show_ZDF_F_Tobias_Schult_H_Brand_New_Media_C_Serviceplan_77529-2-15_84b75c4ab7-435x245.jpg 435w\" sizes=\"(max-width: 720px) 100vw, 720px\" \/><figcaption id=\"caption-attachment-179854\" class=\"wp-caption-text\">Foto-Credit: ZDF\/[F] Tobias Schult \/ [H] Brand New Media \/ [C] Serviceplan<\/figcaption><\/figure>\n","protected":false},"excerpt":{"rendered":"<p>HIER k\u00f6nnen Sie sich f\u00fcr Zuschauer-Karten bewerben &#8230;:<\/p>\n","protected":false},"author":2,"featured_media":179854,"comment_status":"open","ping_status":"closed","sticky":false,"template":"","format":"standard","meta":{"_FSMCFIC_featured_image_caption":"","_FSMCFIC_featured_image_nocaption":"","_FSMCFIC_featured_image_hide":""},"categories":[29,39,128],"tags":[925],"acf":[],"_links":{"self":[{"href":"https:\/\/smago.de\/ws2\/wp-json\/wp\/v2\/posts\/179934"}],"collection":[{"href":"https:\/\/smago.de\/ws2\/wp-json\/wp\/v2\/posts"}],"about":[{"href":"https:\/\/smago.de\/ws2\/wp-json\/wp\/v2\/types\/post"}],"author":[{"embeddable":true,"href":"https:\/\/smago.de\/ws2\/wp-json\/wp\/v2\/users\/2"}],"replies":[{"embeddable":true,"href":"https:\/\/smago.de\/ws2\/wp-json\/wp\/v2\/comments?post=179934"}],"version-history":[{"count":1,"href":"https:\/\/smago.de\/ws2\/wp-json\/wp\/v2\/posts\/179934\/revisions"}],"predecessor-version":[{"id":179935,"href":"https:\/\/smago.de\/ws2\/wp-json\/wp\/v2\/posts\/179934\/revisions\/179935"}],"wp:featuredmedia":[{"embeddable":true,"href":"https:\/\/smago.de\/ws2\/wp-json\/wp\/v2\/media\/179854"}],"wp:attachment":[{"href":"https:\/\/smago.de\/ws2\/wp-json\/wp\/v2\/media?parent=179934"}],"wp:term":[{"taxonomy":"category","embeddable":true,"href":"https:\/\/smago.de\/ws2\/wp-json\/wp\/v2\/categories?post=179934"},{"taxonomy":"post_tag","embeddable":true,"href":"https:\/\/smago.de\/ws2\/wp-json\/wp\/v2\/tags?post=179934"}],"curies":[{"name":"wp","href":"https:\/\/api.w.org\/{rel}","templated":true}]}}