{"id":179850,"date":"2022-03-01T11:25:32","date_gmt":"2022-03-01T10:25:32","guid":{"rendered":"https:\/\/smago.de\/ws2\/?p=179850"},"modified":"2022-03-01T11:25:32","modified_gmt":"2022-03-01T10:25:32","slug":"smago-informiert-rtl-journalistenschule-bewerbungsverfahren-fuer-2023-24-startet","status":"publish","type":"post","link":"https:\/\/smago.de\/ws2\/smago-informiert\/smago-informiert-rtl-journalistenschule-bewerbungsverfahren-fuer-2023-24-startet\/","title":{"rendered":"smago! INFORMIERT <br>RTL Journalistenschule: Bewerbungsverfahren f\u00fcr 2023\/24 startet!"},"content":{"rendered":"<p>#ZusammenSt\u00e4rker: Crossmediale journalistische Ausbildung ab sofort j\u00e4hrlich mit 18 Pl\u00e4tzen!<br \/>\n<!--more--><\/p>\n<p>&nbsp;<\/p>\n<p>&nbsp;<\/p>\n<p style=\"text-align: justify;\">\n<p style=\"text-align: justify;\">Am heutigen Dienstag, den 1. M\u00e4rz 2022, startet das Bewerbungsverfahren der RTL Journalistenschule f\u00fcr den Jahrgang 2023\/2024. Unter dem Motto #ZusammenSt\u00e4rker bietet die RTL Journalistenschule im neu formierten RTL Deutschland noch mehr Information, mehr Ausbildungspl\u00e4tze sowie eine noch vielf\u00e4ltigere journalistische Ausbildung \u00fcber s\u00e4mtliche Ausspielwege hinweg. Mit dem neuen Jahrgang bietet die RTL Journalistenschule ihre plattform\u00fcbergreifende Ausbildung f\u00fcr TV, Online, Audio und Social Media ab sofort j\u00e4hrlich f\u00fcr 18 angehende Journalist:innen an und reagiert damit auf den gewachsenen Personalbedarf der im April 2021 neugegr\u00fcndeten RTL NEWS, Deutschlands schlagkr\u00e4ftigster journalistischer Unit f\u00fcr crossmediale Nachrichten, Infotainment, investigativen Journalismus sowie Dokutainment. Bislang hatte die RTL Journalistenschule im Zwei-Jahres-Rhythmus jeweils 30 Journalistensch\u00fcler:innen aufgenommen.<\/p>\n<p style=\"text-align: justify;\">Stephan Schmitter, Gesch\u00e4ftsf\u00fchrer RTL NEWS: \u201eSeit rund einem Jahr bauen wir unsere Informationsangebote konsequent aus und unser Bedarf an bestens ausgebildeten Journalist:innen wird dadurch immer gr\u00f6\u00dfer. Daher bieten wir mit dem kommenden Jahrgang an der RTL Journalistenschule noch mehr Pl\u00e4tze f\u00fcr unsere crossmediale journalistische Ausbildung an. Wir bieten dem journalistischen Nachwuchs hier die besten M\u00f6glichkeiten, das Handwerk von Grund auf zu lernen, sich vielf\u00e4ltig auszuprobieren und die Innovationsprozesse im Haus aktiv mitzugestalten.\u201c<\/p>\n<p style=\"text-align: justify;\">Ab dem 1. M\u00e4rz k\u00f6nnen sich Interessierte unter der Adresse <strong><a href=\"http:\/\/www.rtl-journalistenschule.de\/\">www.rtl-journalistenschule.de<\/a><\/strong> registrieren und weiterf\u00fchrende Informationen abrufen. Bis zum 1. April m\u00fcssen die geforderten Reportagen eingereicht sein. Die 100 besten Kandidaten k\u00f6nnen sich dann mit Lebenslauf und einem kurzen pers\u00f6nlichen Video vorstellen. 54 Bewerber erreichen abschlie\u00dfend die zwei Auswahltage zwischen dem 5. und 8. Juli 2022.<\/p>\n<p>&nbsp;<\/p>\n<p>&nbsp;<\/p>\n<p>&nbsp;<\/p>\n<p>&nbsp;<\/p>\n<p>&nbsp;<\/p>\n<p style=\"text-align: justify;\"><strong>Das Ausbildungsprogramm 2023\/2024<\/strong><\/p>\n<p>&nbsp;<\/p>\n<p>&nbsp;<\/p>\n<p style=\"text-align: justify;\">Die zweij\u00e4hrige Ausbildung beginnt am 2. Januar 2023. Die Ausbildung besteht aus Unterrichtseinheiten an der Schule und zahlreichen Praktika innerhalb und au\u00dferhalb von RTL Deutschland. Exkursionen f\u00fchren die Journalistensch\u00fcler nach Br\u00fcssel, Berlin und New York. Fester Bestandteil ist die Einbindung der Journalistensch\u00fcler in die Innovationsprozesse von RTL Deutschland.<\/p>\n<p>Die RTL Journalistenschule hat sich seit der Gr\u00fcndung im Jahr 2000 als erfolgreiche und anerkannte Ausbildungsst\u00e4tte f\u00fcr Bewegtbild etabliert. Alle bisherigen Absolventen konnten im Anschluss an die Ausbildung eine journalistische T\u00e4tigkeit aufnehmen und arbeiten heute in Redaktionen und Ressorts von RTL Deutschland sowie bei \u00f6ffentlich-rechtlichen Sendern, Online-Portalen, TV Produktionsfirmen und anderen Medienunternehmen.<\/p>\n<p>&nbsp;<\/p>\n<p>&nbsp;<\/p>\n<figure id=\"attachment_179851\" aria-describedby=\"caption-attachment-179851\" style=\"width: 800px\" class=\"wp-caption alignnone\"><img decoding=\"async\" loading=\"lazy\" class=\"size-large wp-image-179851\" src=\"https:\/\/smago.de\/ws2\/wp-content\/uploads\/2022\/03\/meldung_01785.xml_-800x450.jpg\" alt=\"\" width=\"800\" height=\"450\" srcset=\"https:\/\/smago.de\/ws2\/wp-content\/uploads\/2022\/03\/meldung_01785.xml_-800x450.jpg 800w, https:\/\/smago.de\/ws2\/wp-content\/uploads\/2022\/03\/meldung_01785.xml_-522x294.jpg 522w, https:\/\/smago.de\/ws2\/wp-content\/uploads\/2022\/03\/meldung_01785.xml_-267x150.jpg 267w, https:\/\/smago.de\/ws2\/wp-content\/uploads\/2022\/03\/meldung_01785.xml_-768x432.jpg 768w, https:\/\/smago.de\/ws2\/wp-content\/uploads\/2022\/03\/meldung_01785.xml_-392x221.jpg 392w, https:\/\/smago.de\/ws2\/wp-content\/uploads\/2022\/03\/meldung_01785.xml_-130x73.jpg 130w, https:\/\/smago.de\/ws2\/wp-content\/uploads\/2022\/03\/meldung_01785.xml_-791x445.jpg 791w, https:\/\/smago.de\/ws2\/wp-content\/uploads\/2022\/03\/meldung_01785.xml_-870x489.jpg 870w, https:\/\/smago.de\/ws2\/wp-content\/uploads\/2022\/03\/meldung_01785.xml_-292x164.jpg 292w, https:\/\/smago.de\/ws2\/wp-content\/uploads\/2022\/03\/meldung_01785.xml_-435x245.jpg 435w, https:\/\/smago.de\/ws2\/wp-content\/uploads\/2022\/03\/meldung_01785.xml_-895x503.jpg 895w, https:\/\/smago.de\/ws2\/wp-content\/uploads\/2022\/03\/meldung_01785.xml_.jpg 1150w\" sizes=\"(max-width: 800px) 100vw, 800px\" \/><figcaption id=\"caption-attachment-179851\" class=\"wp-caption-text\"><em>RTL Journalistenschule (Symbolbild)<\/em><\/p>\n<p><em>Foto-Credit: RTL \/ Winfried von Wilmsdorff<\/em><\/figcaption><\/figure>\n","protected":false},"excerpt":{"rendered":"<p>#ZusammenSt\u00e4rker: Crossmediale journalistische Ausbildung ab sofort j\u00e4hrlich mit 18 Pl\u00e4tzen!<\/p>\n","protected":false},"author":2,"featured_media":179851,"comment_status":"open","ping_status":"closed","sticky":false,"template":"","format":"standard","meta":{"_FSMCFIC_featured_image_caption":"","_FSMCFIC_featured_image_nocaption":"","_FSMCFIC_featured_image_hide":""},"categories":[33],"tags":[60],"acf":[],"_links":{"self":[{"href":"https:\/\/smago.de\/ws2\/wp-json\/wp\/v2\/posts\/179850"}],"collection":[{"href":"https:\/\/smago.de\/ws2\/wp-json\/wp\/v2\/posts"}],"about":[{"href":"https:\/\/smago.de\/ws2\/wp-json\/wp\/v2\/types\/post"}],"author":[{"embeddable":true,"href":"https:\/\/smago.de\/ws2\/wp-json\/wp\/v2\/users\/2"}],"replies":[{"embeddable":true,"href":"https:\/\/smago.de\/ws2\/wp-json\/wp\/v2\/comments?post=179850"}],"version-history":[{"count":1,"href":"https:\/\/smago.de\/ws2\/wp-json\/wp\/v2\/posts\/179850\/revisions"}],"predecessor-version":[{"id":179852,"href":"https:\/\/smago.de\/ws2\/wp-json\/wp\/v2\/posts\/179850\/revisions\/179852"}],"wp:featuredmedia":[{"embeddable":true,"href":"https:\/\/smago.de\/ws2\/wp-json\/wp\/v2\/media\/179851"}],"wp:attachment":[{"href":"https:\/\/smago.de\/ws2\/wp-json\/wp\/v2\/media?parent=179850"}],"wp:term":[{"taxonomy":"category","embeddable":true,"href":"https:\/\/smago.de\/ws2\/wp-json\/wp\/v2\/categories?post=179850"},{"taxonomy":"post_tag","embeddable":true,"href":"https:\/\/smago.de\/ws2\/wp-json\/wp\/v2\/tags?post=179850"}],"curies":[{"name":"wp","href":"https:\/\/api.w.org\/{rel}","templated":true}]}}