{"id":179790,"date":"2022-02-28T00:00:43","date_gmt":"2022-02-27T23:00:43","guid":{"rendered":"https:\/\/smago.de\/ws2\/?p=179790"},"modified":"2022-02-28T15:16:14","modified_gmt":"2022-02-28T14:16:14","slug":"geraldine-olivier-und-reiner-kirsten-praesentieren-advent-unterm-sternenhimmel","status":"publish","type":"post","link":"https:\/\/smago.de\/ws2\/pop-schlager\/geraldine-olivier-und-reiner-kirsten-praesentieren-advent-unterm-sternenhimmel\/","title":{"rendered":"G\u00c9RALDINE OLIVIER und REINER KIRSTEN pr\u00e4sentieren &#8230;: &#8222;Advent unterm Sternenhimmel&#8220;!"},"content":{"rendered":"<p>Die Erfolgstournee geht weiter! Mit dabei: Gitti &amp; Erika, Judith &amp; Mel sowie Marco Sommer!<br \/>\n<!--more--><\/p>\n<p>&nbsp;<\/p>\n<p>&nbsp;<\/p>\n<p style=\"text-align: justify;\">Die Erfolgstournee geht weiter! &#8222;Grand Prix der Volksmusik&#8220;-Siegerin <strong>G\u00c9RALDINE OLIVER<\/strong>\u00a0und <strong>REINER KIRSTEN<\/strong>\u00a0pr\u00e4sentieren wieder \u201eAdvent untermSternenhimmel\u201c &#8211; die weihnachtliche Traumschiff-Kreuzfahrt mit vielen Stars an Bord.<\/p>\n<p style=\"text-align: justify;\">\u201eAdvent unterm Sternenhimmel\u201c ist die stimmungsvolle Weihnachtsshow, welche den Zuschauer zu Weihnachten auf einTraumschiff entf\u00fchrt. Mit einer besonderen Mischung von Liedern und Geschichten zur Weihnachtszeit mit denLieblingsstars des deutschen Schlagers, erleben sie eine unvergessliche musikalische Kreuzfahrt. Es wird geschunkelt undgelacht, aber es wird auch sehr besinnlich, wenn unsere Stars mit traditionellen Weihnachtsliedern, aber auchunvergessenen Melodien wie \u201eSt. Niklas war ein Seemann\u201c oder \u201eWeihnacht auf hoher See\u201c im Kaisersaal ihresTraumschiffes die Herzen \u00f6ffnen.<\/p>\n<p style=\"text-align: justify;\">Chefhostess G\u00e9raldine Olivier &amp; Kapit\u00e4n Reiner Kirsten freuen sich darauf, Sie an Bord begr\u00fc\u00dfen zu d\u00fcrfen, wenn es hei\u00dft: \u201eAdvent unterm Sternenhimmel \u2013 Weihnacht auf hoher See\u201c.<\/p>\n<p style=\"text-align: justify;\">Ab Dezember <strong>2022 <\/strong>startet die bekannte Schweizerin mit ihrem Kapit\u00e4n Reiner Kirsten ihre deutschlandweite Tournee und nimmt die Besucher zu einer musikalischen Weihnachtskreuzfahrt auf ihrem Traumschiff mit.<\/p>\n<p style=\"text-align: justify;\">Aber G\u00e9raldine Olivier und Reiner Kirsten kommen nicht alleine. Sie haben sich einige G\u00e4ste an Bord geholt. \u00a0<strong>Gitti<\/strong> <strong>&amp; Erika\u00a0<\/strong>feiern an Bord ihr <strong>50-j\u00e4hriges<\/strong> B\u00fchnenjubil\u00e4um. (Nat\u00fcrlich ist auch \u201eHeidi\u201c mit dabei &#8230;) Das erfolgreichste und beliebteste S\u00e4nger-Ehepaar Norddeutschlands,\u00a0<strong>Judith<\/strong> <strong>&amp; Mel<\/strong>, hat seine gr\u00f6\u00dften Erfolge im Gep\u00e4ck.\u00a0<strong>Marco<\/strong> <strong>Sommer\u201c<\/strong> der sympathische Nachwuchsstar aus dem hohen Norden, wird die G\u00e4ste mit K\u00fcstenpop und der steirischen Harmonika an Bord begeistern. Stimmung pur.<\/p>\n<p style=\"text-align: justify;\">Freuen Sie sich auf einen unterhaltsamen musikalischen Weihnachtsnachmittag an Bord. \u00a0Frei nach\u00a0dem Motto: Leinen los \u2026und Ahoi!<\/p>\n<p>Karten bei <strong><a href=\"http:\/\/www.eventim.de\">www.eventim.de,<\/a><\/strong>\u00a0<strong><a href=\"http:\/\/www.reservix.de\/\">www.reservix.de<\/a><\/strong> sowie <strong><a href=\"http:\/\/www.genius-tickets.de\/\">www.genius-tickets.de<\/a><\/strong>\u00a0sowie an allen bekannten Vorverkaufsstellen.<\/p>\n<p>&nbsp;<\/p>\n<p>&nbsp;<\/p>\n<p><img decoding=\"async\" loading=\"lazy\" class=\"alignnone size-large wp-image-179791\" src=\"https:\/\/smago.de\/ws2\/wp-content\/uploads\/2022\/02\/Plakat-Advent-unterm-Sternenhimmel-2022_1-747x800.jpg\" alt=\"\" width=\"747\" height=\"800\" srcset=\"https:\/\/smago.de\/ws2\/wp-content\/uploads\/2022\/02\/Plakat-Advent-unterm-Sternenhimmel-2022_1-747x800.jpg 747w, https:\/\/smago.de\/ws2\/wp-content\/uploads\/2022\/02\/Plakat-Advent-unterm-Sternenhimmel-2022_1-488x522.jpg 488w, https:\/\/smago.de\/ws2\/wp-content\/uploads\/2022\/02\/Plakat-Advent-unterm-Sternenhimmel-2022_1-140x150.jpg 140w, https:\/\/smago.de\/ws2\/wp-content\/uploads\/2022\/02\/Plakat-Advent-unterm-Sternenhimmel-2022_1-768x822.jpg 768w, https:\/\/smago.de\/ws2\/wp-content\/uploads\/2022\/02\/Plakat-Advent-unterm-Sternenhimmel-2022_1-1435x1536.jpg 1435w, https:\/\/smago.de\/ws2\/wp-content\/uploads\/2022\/02\/Plakat-Advent-unterm-Sternenhimmel-2022_1-254x272.jpg 254w, https:\/\/smago.de\/ws2\/wp-content\/uploads\/2022\/02\/Plakat-Advent-unterm-Sternenhimmel-2022_1-560x600.jpg 560w, https:\/\/smago.de\/ws2\/wp-content\/uploads\/2022\/02\/Plakat-Advent-unterm-Sternenhimmel-2022_1-121x130.jpg 121w, https:\/\/smago.de\/ws2\/wp-content\/uploads\/2022\/02\/Plakat-Advent-unterm-Sternenhimmel-2022_1-416x445.jpg 416w, https:\/\/smago.de\/ws2\/wp-content\/uploads\/2022\/02\/Plakat-Advent-unterm-Sternenhimmel-2022_1-177x190.jpg 177w, https:\/\/smago.de\/ws2\/wp-content\/uploads\/2022\/02\/Plakat-Advent-unterm-Sternenhimmel-2022_1-271x290.jpg 271w, https:\/\/smago.de\/ws2\/wp-content\/uploads\/2022\/02\/Plakat-Advent-unterm-Sternenhimmel-2022_1.jpg 1600w\" sizes=\"(max-width: 747px) 100vw, 747px\" \/><\/p>\n","protected":false},"excerpt":{"rendered":"<p>Die Erfolgstournee geht weiter! Mit dabei: Gitti &amp; Erika, Judith &amp; Mel sowie Marco Sommer!<\/p>\n","protected":false},"author":2,"featured_media":179791,"comment_status":"open","ping_status":"closed","sticky":false,"template":"","format":"standard","meta":{"_FSMCFIC_featured_image_caption":"","_FSMCFIC_featured_image_nocaption":"","_FSMCFIC_featured_image_hide":""},"categories":[28,29,30],"tags":[307,2428,983,1626,2193],"acf":[],"_links":{"self":[{"href":"https:\/\/smago.de\/ws2\/wp-json\/wp\/v2\/posts\/179790"}],"collection":[{"href":"https:\/\/smago.de\/ws2\/wp-json\/wp\/v2\/posts"}],"about":[{"href":"https:\/\/smago.de\/ws2\/wp-json\/wp\/v2\/types\/post"}],"author":[{"embeddable":true,"href":"https:\/\/smago.de\/ws2\/wp-json\/wp\/v2\/users\/2"}],"replies":[{"embeddable":true,"href":"https:\/\/smago.de\/ws2\/wp-json\/wp\/v2\/comments?post=179790"}],"version-history":[{"count":3,"href":"https:\/\/smago.de\/ws2\/wp-json\/wp\/v2\/posts\/179790\/revisions"}],"predecessor-version":[{"id":179817,"href":"https:\/\/smago.de\/ws2\/wp-json\/wp\/v2\/posts\/179790\/revisions\/179817"}],"wp:featuredmedia":[{"embeddable":true,"href":"https:\/\/smago.de\/ws2\/wp-json\/wp\/v2\/media\/179791"}],"wp:attachment":[{"href":"https:\/\/smago.de\/ws2\/wp-json\/wp\/v2\/media?parent=179790"}],"wp:term":[{"taxonomy":"category","embeddable":true,"href":"https:\/\/smago.de\/ws2\/wp-json\/wp\/v2\/categories?post=179790"},{"taxonomy":"post_tag","embeddable":true,"href":"https:\/\/smago.de\/ws2\/wp-json\/wp\/v2\/tags?post=179790"}],"curies":[{"name":"wp","href":"https:\/\/api.w.org\/{rel}","templated":true}]}}