{"id":179207,"date":"2022-02-16T14:22:46","date_gmt":"2022-02-16T13:22:46","guid":{"rendered":"https:\/\/smago.de\/ws2\/?p=179207"},"modified":"2022-02-16T14:23:25","modified_gmt":"2022-02-16T13:23:25","slug":"harry-wijnvoord-reiselust-mit-wind-im-gesicht","status":"publish","type":"post","link":"https:\/\/smago.de\/ws2\/schlager\/harry-wijnvoord-reiselust-mit-wind-im-gesicht\/","title":{"rendered":"HARRY WIJNVOORD <br>Reiselust mit \u201eWind im Gesicht\u201c:"},"content":{"rendered":"<p style=\"text-align: justify;\">Harry Wijnvoord landet mit Fernweh-Song \u201eWind im Gesicht\u201c\u00a0einen Volltreffer!\u00a0Studie best\u00e4tigt: Die Menschen sehnen sich nach Sonne, Strand und Meer, wollen wieder unterwegs sein!<br \/>\n<!--more--><\/p>\n<p>&nbsp;<\/p>\n<p>&nbsp;<\/p>\n<p>&nbsp;<\/p>\n<p style=\"text-align: justify;\">HARRY WIJNVOORD, der niederl\u00e4ndische Entertainer, hat mit seinem Fernweh-Song \u201eWind im Gesicht\u201c einen Volltreffer gelandet. Darin geht es um die Sehns\u00fcchte der Corona-geplagten Menschen, endlich wieder unbeschwert reisen zu k\u00f6nnen. Jetzt hat eine aktuelle Studie der Hamburger BAT-Stiftung f\u00fcr Zukunftsfragen best\u00e4tigt: Die Menschen sehnen sich nach Sonne, Strand und Meer, wollen wieder unterwegs sein.\u00a0 Wijnvoord spricht bzw. singt in seinem von den Autoren J\u00fcrgen Triebel, Horst Herbert Krause und Andreas Kunst geschriebenen Song Millionen Menschen aus dem Herzen: \u201eIch will endlich wieder raus, auf das Meer und in die Welt hinaus, und ich nehme mir die Zeit, weil mein Herz schon lange schreit nach dem Urlaub von Zuhaus\u2019, will die Sch\u00f6nheit fremder L\u00e4nder sehn&#8230;\u201c.<\/p>\n<p style=\"text-align: justify;\">Das dazugeh\u00f6rige Musikvideo hat Harry Wijnvoord Ende Januar in seiner Heimat Scheveningen an der niederl\u00e4ndischen Nordseek\u00fcste gedreht und ist ab sofort bei YouTube abrufbar. Nur wenige Tage nach Ver\u00f6ffentlichung hat der sympathische\u00a0Niederl\u00e4nder bereits diverse bundesweite TV-Auftritte absolviert (weitere folgen) und konnte sich bereits in ersten Radio-Hitparaden erfolgreich platzieren.<\/p>\n<p>&nbsp;<\/p>\n<p>&nbsp;<\/p>\n<p><iframe loading=\"lazy\" src=\"\/\/www.youtube.com\/embed\/GTsFvmZNWrg\" width=\"800\" height=\"449\" allowfullscreen=\"allowfullscreen\"><\/iframe><\/p>\n<p>&nbsp;<\/p>\n<p>&nbsp;<\/p>\n<p>&nbsp;<\/p>\n<figure id=\"attachment_179208\" aria-describedby=\"caption-attachment-179208\" style=\"width: 800px\" class=\"wp-caption alignnone\"><img decoding=\"async\" loading=\"lazy\" class=\"size-large wp-image-179208\" src=\"https:\/\/smago.de\/ws2\/wp-content\/uploads\/2022\/02\/WIJNVOORD-Harry-Scheveningen-2022-800x534.jpg\" alt=\"\" width=\"800\" height=\"534\" srcset=\"https:\/\/smago.de\/ws2\/wp-content\/uploads\/2022\/02\/WIJNVOORD-Harry-Scheveningen-2022-800x534.jpg 800w, https:\/\/smago.de\/ws2\/wp-content\/uploads\/2022\/02\/WIJNVOORD-Harry-Scheveningen-2022-522x348.jpg 522w, https:\/\/smago.de\/ws2\/wp-content\/uploads\/2022\/02\/WIJNVOORD-Harry-Scheveningen-2022-225x150.jpg 225w, https:\/\/smago.de\/ws2\/wp-content\/uploads\/2022\/02\/WIJNVOORD-Harry-Scheveningen-2022-768x512.jpg 768w, https:\/\/smago.de\/ws2\/wp-content\/uploads\/2022\/02\/WIJNVOORD-Harry-Scheveningen-2022-1536x1025.jpg 1536w, https:\/\/smago.de\/ws2\/wp-content\/uploads\/2022\/02\/WIJNVOORD-Harry-Scheveningen-2022-2048x1366.jpg 2048w, https:\/\/smago.de\/ws2\/wp-content\/uploads\/2022\/02\/WIJNVOORD-Harry-Scheveningen-2022-392x261.jpg 392w, https:\/\/smago.de\/ws2\/wp-content\/uploads\/2022\/02\/WIJNVOORD-Harry-Scheveningen-2022-130x87.jpg 130w, https:\/\/smago.de\/ws2\/wp-content\/uploads\/2022\/02\/WIJNVOORD-Harry-Scheveningen-2022-667x445.jpg 667w, https:\/\/smago.de\/ws2\/wp-content\/uploads\/2022\/02\/WIJNVOORD-Harry-Scheveningen-2022-783x522.jpg 783w, https:\/\/smago.de\/ws2\/wp-content\/uploads\/2022\/02\/WIJNVOORD-Harry-Scheveningen-2022-285x190.jpg 285w, https:\/\/smago.de\/ws2\/wp-content\/uploads\/2022\/02\/WIJNVOORD-Harry-Scheveningen-2022-435x290.jpg 435w, https:\/\/smago.de\/ws2\/wp-content\/uploads\/2022\/02\/WIJNVOORD-Harry-Scheveningen-2022-150x100.jpg 150w, https:\/\/smago.de\/ws2\/wp-content\/uploads\/2022\/02\/WIJNVOORD-Harry-Scheveningen-2022-370x247.jpg 370w\" sizes=\"(max-width: 800px) 100vw, 800px\" \/><figcaption id=\"caption-attachment-179208\" class=\"wp-caption-text\"><em>\u00a9 SEYCHELLES MUSIC \/ Andreas Sautter<\/em><\/figcaption><\/figure>\n","protected":false},"excerpt":{"rendered":"<p>Harry Wijnvoord landet mit Fernweh-Song \u201eWind im Gesicht\u201c\u00a0einen Volltreffer!\u00a0Studie best\u00e4tigt: Die Menschen sehnen sich nach Sonne, Strand und Meer, wollen<\/p>\n","protected":false},"author":2,"featured_media":179208,"comment_status":"open","ping_status":"closed","sticky":false,"template":"","format":"standard","meta":{"_FSMCFIC_featured_image_caption":"","_FSMCFIC_featured_image_nocaption":"","_FSMCFIC_featured_image_hide":""},"categories":[29,39],"tags":[978],"acf":[],"_links":{"self":[{"href":"https:\/\/smago.de\/ws2\/wp-json\/wp\/v2\/posts\/179207"}],"collection":[{"href":"https:\/\/smago.de\/ws2\/wp-json\/wp\/v2\/posts"}],"about":[{"href":"https:\/\/smago.de\/ws2\/wp-json\/wp\/v2\/types\/post"}],"author":[{"embeddable":true,"href":"https:\/\/smago.de\/ws2\/wp-json\/wp\/v2\/users\/2"}],"replies":[{"embeddable":true,"href":"https:\/\/smago.de\/ws2\/wp-json\/wp\/v2\/comments?post=179207"}],"version-history":[{"count":2,"href":"https:\/\/smago.de\/ws2\/wp-json\/wp\/v2\/posts\/179207\/revisions"}],"predecessor-version":[{"id":179210,"href":"https:\/\/smago.de\/ws2\/wp-json\/wp\/v2\/posts\/179207\/revisions\/179210"}],"wp:featuredmedia":[{"embeddable":true,"href":"https:\/\/smago.de\/ws2\/wp-json\/wp\/v2\/media\/179208"}],"wp:attachment":[{"href":"https:\/\/smago.de\/ws2\/wp-json\/wp\/v2\/media?parent=179207"}],"wp:term":[{"taxonomy":"category","embeddable":true,"href":"https:\/\/smago.de\/ws2\/wp-json\/wp\/v2\/categories?post=179207"},{"taxonomy":"post_tag","embeddable":true,"href":"https:\/\/smago.de\/ws2\/wp-json\/wp\/v2\/tags?post=179207"}],"curies":[{"name":"wp","href":"https:\/\/api.w.org\/{rel}","templated":true}]}}