{"id":178892,"date":"2022-02-11T00:00:35","date_gmt":"2022-02-10T23:00:35","guid":{"rendered":"https:\/\/smago.de\/ws2\/?p=178892"},"modified":"2022-02-10T17:48:05","modified_gmt":"2022-02-10T16:48:05","slug":"mickie-krause-oli-p-u-a-ausziehen-fuer-den-guten-zweck","status":"publish","type":"post","link":"https:\/\/smago.de\/ws2\/party-schlager\/mickie-krause-oli-p-u-a-ausziehen-fuer-den-guten-zweck\/","title":{"rendered":"MICKIE KRAUSE, OLI.P u.a. <br>Ausziehen f\u00fcr den guten Zweck!"},"content":{"rendered":"<p>So ber\u00fchrend wie nie: Start von \u201eShowtime of my Life \u2013 Stars gegen Krebs\u201c am 15.2. um 20:15 Uhr bei VOX!<br \/>\n<!--more--><\/p>\n<p>&nbsp;<\/p>\n<p style=\"text-align: justify;\">\n<p style=\"text-align: justify;\">\u201eEs war nie mein Plan, mich im Fernsehen auszuziehen \u2013 f\u00fcr kein Geld der Welt. Es sei denn, es geht um diesen lebensrettenden Grund\u201c, sagt Moderator Oli Petszokat zu seiner Teilnahme an \u201eShowtime of my Life \u2013 Stars gegen Krebs\u201c. Gemeinsam mit S\u00e4nger Mickie Krause, Journalist Heiko Wasser, Schauspieler Jan Sosniok, den ehemaligen Profi-Handballern Pascal Hens und Michael Roth, Ex-Profi-Fu\u00dfballer Benjamin K\u00f6hler sowie dem aktuellen \u201ePrince Charming\u201c Kim Tr\u00e4nka will er auf die Vorsorge von Prostata- und Hodenkrebs aufmerksam machen und damit Leben retten. F\u00fcr diese Herzensangelegenheit gehen die M\u00e4nner \u00fcber ihre Grenzen hinaus und lassen in der VOX Primetime die H\u00fcllen fallen \u2013 eine Woche sp\u00e4ter ziehen acht Promi-Damen f\u00fcr die Brustkrebsvorsorge nach. Ihre Botschaft: Wenn wir uns vor einem Millionenpublikum ausziehen k\u00f6nnen, k\u00f6nnt ihr das vor eurem Arzt oder eurer \u00c4rztin erst recht!<\/p>\n<p style=\"text-align: justify;\">\n<p style=\"text-align: justify;\">\n<p style=\"text-align: justify;\">\n<p style=\"text-align: justify;\">\n<p style=\"text-align: justify;\">\n<p style=\"text-align: justify;\"><strong>Das passiert in Folge 1 am 15. Februar um 20:15 Uhr bei VOX<\/strong><\/p>\n<p style=\"text-align: justify;\">\n<p style=\"text-align: justify;\">\n<p style=\"text-align: justify;\">Bis zur gro\u00dfen Show werden die acht Promim\u00e4nner von DKMS LIFE-Botschafter Guido Maria Kretschmer und Tanzprofi Joachim Llambi begleitet und vorbereitet. Die Stars gehen auf eine emotionale Reise, erz\u00e4hlen von Schicksalsschl\u00e4gen, machen Mut, durchleben H\u00f6hen und Tiefen und erfahren am eigenen Leib, wie wichtig Krebsvorsorge ist.<\/p>\n<p style=\"text-align: justify;\">Beim ersten Blick auf die finale Choreografie wird den Stars ganz anders: \u201eWenn ich die Choreo sehe, werde ich heute Nacht sicherlich mehrmals schwei\u00dfgebadet wachwerden\u201d, f\u00fcrchtet Sportjournalist Heiko Wasser lachend. S\u00e4nger Micke Krause hat nach den ersten Tanzversuchen eine einfache Erkl\u00e4rung f\u00fcr leichte Schwierigkeiten: \u201eEs gibt Bewegungen, die sehen bei mir einfach nicht erotisch aus, weil ich eine westf\u00e4lische Betonh\u00fcfte bin.\u201d<\/p>\n<p style=\"text-align: justify;\">Um das richtige K\u00f6rpergef\u00fchl f\u00fcr die Performance und die damit verbundene Message zu bekommen, gehen die acht Promis dar\u00fcber hinaus zum Synchronschwimmen, nehmen an einem Pole-Dance-Training teil und machen Fotos als sexy Feuerwehrm\u00e4nner. Neben dem Spa\u00df bleibt aber auch Zeit f\u00fcr ernste und bewegende Gespr\u00e4che \u2013 mit Betroffenen, aber auch untereinander. \u201eWenn man die Diagnose Krebs hat, denkt man automatisch \u00fcber den Tod nach (\u2026) und das bleibt auch das ganze Leben drin\u201c, erz\u00e4hlt Michael Roth, der selbst an Prostatakrebs erkrankte. Der pers\u00f6nliche Austausch und die gemeinsamen Erlebnisse schwei\u00dfen die Promis zusammen, das bemerkt auch Guido Maria Kretschmer: \u201eWie eng unsere Kandidaten zusammenger\u00fcckt sind! Sie sind wirklich Freunde geworden und das finde ich ein sch\u00f6nes Gef\u00fchl.\u201c<\/p>\n<p style=\"text-align: justify;\">Im Rahmen einer Vorsorgeuntersuchung w\u00e4hrend der Sendung erf\u00e4hrt Mickie Krause einmal mehr, wie wichtig Krebsvorsorge ist. Bei ihm wird ein Tumor in der Blase festgestellt. \u201eAls ich die Diagnose Krebs bekommen habe, ist mir erst einmal bewusst geworden, wie wichtig diese Show ist \u2013 f\u00fcr mich und f\u00fcr die Menschen, die zuschauen. Diese Show kann Leben retten. In diesem Fall rettet sie mein Leben und deshalb ist sie die Show meines Lebens\u201c, so Mickie Krause. F\u00fcr ihn ist sofort klar, dass er trotzdem am gro\u00dfen Finale teilnehmen m\u00f6chte: \u201eWir sind ein Team. Einer f\u00fcr alle, alle f\u00fcr einen! Und ich stelle gerade fest: Alle f\u00fcr einen, das tut mir gut. Mir ist dieses Format eben sehr, sehr wichtig.\u201c<\/p>\n<p style=\"text-align: justify;\">Die Men\u2019s Night von \u201eShowtime of my Life \u2013 Stars gegen Krebs\u201d ist am 15. Februar 2022 um 20:15 Uhr bei VOX zu sehen. Am 22. Februar setzen sich in Folge 2 Susan Sideropoulos, Sabine Kaack, Lilly Becker, Sonya Kraus, Tanja B\u00fclter, Nicole J\u00e4ger, Sila Sahin-Radlinger und Carolin Kotke f\u00fcr die Brustkrebsvorsorge ein. An beiden Dienstagen sind vorher um 20:10 Uhr au\u00dferdem Mickie Krause (15.2.) sowie Sonya Kraus (22.2.) im Short-Format \u201e#VOXStimme\u201c zu sehen und im Anschluss l\u00e4uft jeweils ab 23 Uhr \u201eProminent! Spezial \u2013 Showtime of my Life\u201d.<\/p>\n<p style=\"text-align: justify;\">\u201eShowtime of my Life &#8211; Stars gegen Krebs&#8220; ist mit dem Deutschen Fernsehpreis und dem Blauen Panther ausgezeichnet, wird von Seapoint Productions GmbH &amp; Co. KG produziert und basiert auf dem UK-Erfolgsformat und Emmy-Gewinner \u201eThe Real Full Monty\u201d.<\/p>\n<p>&nbsp;<\/p>\n<p>&nbsp;<\/p>\n<p>&nbsp;<\/p>\n<p>Die Sendungsseite bei VOX.de finden Sie <strong><a href=\"https:\/\/www.vox.de\/cms\/sendungen\/showtime-of-my-life.html\">HIER &#8230;:<\/a><\/strong>; die Sendung im Stream auf RTL+ <strong><a href=\"https:\/\/www.tvnow.de\/shows\/showtime-of-my-life-stars-gegen-krebs-19440\">HIER &#8230;:<\/a><\/strong><\/p>\n<p>&nbsp;<\/p>\n<p>&nbsp;<\/p>\n<figure id=\"attachment_178894\" aria-describedby=\"caption-attachment-178894\" style=\"width: 800px\" class=\"wp-caption alignnone\"><img decoding=\"async\" loading=\"lazy\" class=\"size-large wp-image-178894\" src=\"https:\/\/smago.de\/ws2\/wp-content\/uploads\/2022\/02\/1822759-800x450.jpg\" alt=\"\" width=\"800\" height=\"450\" srcset=\"https:\/\/smago.de\/ws2\/wp-content\/uploads\/2022\/02\/1822759-800x450.jpg 800w, https:\/\/smago.de\/ws2\/wp-content\/uploads\/2022\/02\/1822759-522x294.jpg 522w, https:\/\/smago.de\/ws2\/wp-content\/uploads\/2022\/02\/1822759-267x150.jpg 267w, https:\/\/smago.de\/ws2\/wp-content\/uploads\/2022\/02\/1822759-768x432.jpg 768w, https:\/\/smago.de\/ws2\/wp-content\/uploads\/2022\/02\/1822759-1536x864.jpg 1536w, https:\/\/smago.de\/ws2\/wp-content\/uploads\/2022\/02\/1822759-2048x1152.jpg 2048w, https:\/\/smago.de\/ws2\/wp-content\/uploads\/2022\/02\/1822759-392x221.jpg 392w, https:\/\/smago.de\/ws2\/wp-content\/uploads\/2022\/02\/1822759-130x73.jpg 130w, https:\/\/smago.de\/ws2\/wp-content\/uploads\/2022\/02\/1822759-791x445.jpg 791w, https:\/\/smago.de\/ws2\/wp-content\/uploads\/2022\/02\/1822759-870x489.jpg 870w, https:\/\/smago.de\/ws2\/wp-content\/uploads\/2022\/02\/1822759-292x164.jpg 292w, https:\/\/smago.de\/ws2\/wp-content\/uploads\/2022\/02\/1822759-435x245.jpg 435w, https:\/\/smago.de\/ws2\/wp-content\/uploads\/2022\/02\/1822759-895x503.jpg 895w\" sizes=\"(max-width: 800px) 100vw, 800px\" \/><figcaption id=\"caption-attachment-178894\" class=\"wp-caption-text\"><\/em> <em>Oli Petszokat, Michael Roth, Pascal Hens, Mickie Krause, Kim Tr\u00e4nka, Heiko Wasser, Jan Sosniok (v.l.)<\/em><\/p>\n<p><em>Foto-Credit: RTL \/ Markus Nass<\/em><\/p>\n<p><em>Bitte beachten Sie auch <strong><a href=\"http:\/\/www.tvnow.de\">RTL+<\/a><\/strong>!<\/em><\/figcaption><\/figure>\n<p>&nbsp;<\/p>\n<p>&nbsp;<\/p>\n<p>&nbsp;<\/p>\n<figure id=\"attachment_178895\" aria-describedby=\"caption-attachment-178895\" style=\"width: 800px\" class=\"wp-caption alignnone\"><img decoding=\"async\" loading=\"lazy\" class=\"size-large wp-image-178895\" src=\"https:\/\/smago.de\/ws2\/wp-content\/uploads\/2022\/02\/1822761-800x534.jpg\" alt=\"\" width=\"800\" height=\"534\" srcset=\"https:\/\/smago.de\/ws2\/wp-content\/uploads\/2022\/02\/1822761-800x534.jpg 800w, https:\/\/smago.de\/ws2\/wp-content\/uploads\/2022\/02\/1822761-522x348.jpg 522w, https:\/\/smago.de\/ws2\/wp-content\/uploads\/2022\/02\/1822761-225x150.jpg 225w, https:\/\/smago.de\/ws2\/wp-content\/uploads\/2022\/02\/1822761-768x512.jpg 768w, https:\/\/smago.de\/ws2\/wp-content\/uploads\/2022\/02\/1822761-1536x1025.jpg 1536w, https:\/\/smago.de\/ws2\/wp-content\/uploads\/2022\/02\/1822761-2048x1366.jpg 2048w, https:\/\/smago.de\/ws2\/wp-content\/uploads\/2022\/02\/1822761-392x261.jpg 392w, https:\/\/smago.de\/ws2\/wp-content\/uploads\/2022\/02\/1822761-130x87.jpg 130w, https:\/\/smago.de\/ws2\/wp-content\/uploads\/2022\/02\/1822761-667x445.jpg 667w, https:\/\/smago.de\/ws2\/wp-content\/uploads\/2022\/02\/1822761-783x522.jpg 783w, https:\/\/smago.de\/ws2\/wp-content\/uploads\/2022\/02\/1822761-285x190.jpg 285w, https:\/\/smago.de\/ws2\/wp-content\/uploads\/2022\/02\/1822761-435x290.jpg 435w, https:\/\/smago.de\/ws2\/wp-content\/uploads\/2022\/02\/1822761-150x100.jpg 150w, https:\/\/smago.de\/ws2\/wp-content\/uploads\/2022\/02\/1822761-370x247.jpg 370w\" sizes=\"(max-width: 800px) 100vw, 800px\" \/><figcaption id=\"caption-attachment-178895\" class=\"wp-caption-text\"><\/em> <em>Pascal Hens, Michael Roth, Oli Petszokat, Mickie Krause, Jan Sosniok, Kim Tr\u00e4nka, Heiko Wasser (v.l.)<\/em><\/p>\n<p><em>Foto-Credit: RTL \/ Markus Nass<\/em><\/p>\n<p><em>Bitte beachten Sie auch <strong><a href=\"http:\/\/www.tvnow.de\">RTL+<\/a><\/strong>!<\/em><\/figcaption><\/figure>\n<p>&nbsp;<\/p>\n<p>&nbsp;<\/p>\n<p>&nbsp;<\/p>\n<figure id=\"attachment_178896\" aria-describedby=\"caption-attachment-178896\" style=\"width: 800px\" class=\"wp-caption alignnone\"><img decoding=\"async\" loading=\"lazy\" class=\"size-large wp-image-178896\" src=\"https:\/\/smago.de\/ws2\/wp-content\/uploads\/2022\/02\/1822763-800x534.jpg\" alt=\"\" width=\"800\" height=\"534\" srcset=\"https:\/\/smago.de\/ws2\/wp-content\/uploads\/2022\/02\/1822763-800x534.jpg 800w, https:\/\/smago.de\/ws2\/wp-content\/uploads\/2022\/02\/1822763-522x348.jpg 522w, https:\/\/smago.de\/ws2\/wp-content\/uploads\/2022\/02\/1822763-225x150.jpg 225w, https:\/\/smago.de\/ws2\/wp-content\/uploads\/2022\/02\/1822763-768x512.jpg 768w, https:\/\/smago.de\/ws2\/wp-content\/uploads\/2022\/02\/1822763-1536x1025.jpg 1536w, https:\/\/smago.de\/ws2\/wp-content\/uploads\/2022\/02\/1822763-2048x1366.jpg 2048w, https:\/\/smago.de\/ws2\/wp-content\/uploads\/2022\/02\/1822763-392x261.jpg 392w, https:\/\/smago.de\/ws2\/wp-content\/uploads\/2022\/02\/1822763-130x87.jpg 130w, https:\/\/smago.de\/ws2\/wp-content\/uploads\/2022\/02\/1822763-667x445.jpg 667w, https:\/\/smago.de\/ws2\/wp-content\/uploads\/2022\/02\/1822763-783x522.jpg 783w, https:\/\/smago.de\/ws2\/wp-content\/uploads\/2022\/02\/1822763-285x190.jpg 285w, https:\/\/smago.de\/ws2\/wp-content\/uploads\/2022\/02\/1822763-435x290.jpg 435w, https:\/\/smago.de\/ws2\/wp-content\/uploads\/2022\/02\/1822763-150x100.jpg 150w, https:\/\/smago.de\/ws2\/wp-content\/uploads\/2022\/02\/1822763-370x247.jpg 370w\" sizes=\"(max-width: 800px) 100vw, 800px\" \/><figcaption id=\"caption-attachment-178896\" class=\"wp-caption-text\"><\/em> <em>Jan Sosniok, Heiko Wasser, Kim Tr\u00e4nka, Mickie Krause, Pacal Hens, Oli Petszokat, Michael Rot (v.l.)<\/em><\/p>\n<p><em>Foto-Credit: RTL \/ Markus Nass<\/em><\/p>\n<p><em>Bitte beachten Sie auch <strong><a href=\"http:\/\/www.tvnow.de\">RTL+<\/a><\/strong>!<\/em><\/figcaption><\/figure>\n<p>&nbsp;<\/p>\n<p>&nbsp;<\/p>\n<p>&nbsp;<\/p>\n<figure id=\"attachment_178897\" aria-describedby=\"caption-attachment-178897\" style=\"width: 800px\" class=\"wp-caption alignnone\"><img decoding=\"async\" loading=\"lazy\" class=\"size-large wp-image-178897\" src=\"https:\/\/smago.de\/ws2\/wp-content\/uploads\/2022\/02\/1822763-1-800x534.jpg\" alt=\"\" width=\"800\" height=\"534\" srcset=\"https:\/\/smago.de\/ws2\/wp-content\/uploads\/2022\/02\/1822763-1-800x534.jpg 800w, https:\/\/smago.de\/ws2\/wp-content\/uploads\/2022\/02\/1822763-1-522x348.jpg 522w, https:\/\/smago.de\/ws2\/wp-content\/uploads\/2022\/02\/1822763-1-225x150.jpg 225w, https:\/\/smago.de\/ws2\/wp-content\/uploads\/2022\/02\/1822763-1-768x512.jpg 768w, https:\/\/smago.de\/ws2\/wp-content\/uploads\/2022\/02\/1822763-1-1536x1025.jpg 1536w, https:\/\/smago.de\/ws2\/wp-content\/uploads\/2022\/02\/1822763-1-2048x1366.jpg 2048w, https:\/\/smago.de\/ws2\/wp-content\/uploads\/2022\/02\/1822763-1-392x261.jpg 392w, https:\/\/smago.de\/ws2\/wp-content\/uploads\/2022\/02\/1822763-1-130x87.jpg 130w, https:\/\/smago.de\/ws2\/wp-content\/uploads\/2022\/02\/1822763-1-667x445.jpg 667w, https:\/\/smago.de\/ws2\/wp-content\/uploads\/2022\/02\/1822763-1-783x522.jpg 783w, https:\/\/smago.de\/ws2\/wp-content\/uploads\/2022\/02\/1822763-1-285x190.jpg 285w, https:\/\/smago.de\/ws2\/wp-content\/uploads\/2022\/02\/1822763-1-435x290.jpg 435w, https:\/\/smago.de\/ws2\/wp-content\/uploads\/2022\/02\/1822763-1-150x100.jpg 150w, https:\/\/smago.de\/ws2\/wp-content\/uploads\/2022\/02\/1822763-1-370x247.jpg 370w\" sizes=\"(max-width: 800px) 100vw, 800px\" \/><figcaption id=\"caption-attachment-178897\" class=\"wp-caption-text\"><\/em> <em>Jan Sosniok, Heiko Wasser, Kim Tr\u00e4nka, Mickie Krause, Pacal Hens, Oli Petszokat, Michael Rot (v.l.)<\/em><\/p>\n<p><em>Foto-Credit: RTL \/ Markus Nass<\/em><\/p>\n<p><em>Bitte beachten Sie auch <strong><a href=\"http:\/\/www.tvnow.de\">RTL+<\/a><\/strong>!<\/em><\/figcaption><\/figure>\n<p>&nbsp;<\/p>\n<p>&nbsp;<\/p>\n<p>&nbsp;<\/p>\n<figure id=\"attachment_178893\" aria-describedby=\"caption-attachment-178893\" style=\"width: 800px\" class=\"wp-caption alignnone\"><img decoding=\"async\" loading=\"lazy\" class=\"size-large wp-image-178893\" src=\"https:\/\/smago.de\/ws2\/wp-content\/uploads\/2022\/02\/1822760-800x450.jpg\" alt=\"\" width=\"800\" height=\"450\" srcset=\"https:\/\/smago.de\/ws2\/wp-content\/uploads\/2022\/02\/1822760-800x450.jpg 800w, https:\/\/smago.de\/ws2\/wp-content\/uploads\/2022\/02\/1822760-522x294.jpg 522w, https:\/\/smago.de\/ws2\/wp-content\/uploads\/2022\/02\/1822760-267x150.jpg 267w, https:\/\/smago.de\/ws2\/wp-content\/uploads\/2022\/02\/1822760-768x432.jpg 768w, https:\/\/smago.de\/ws2\/wp-content\/uploads\/2022\/02\/1822760-1536x864.jpg 1536w, https:\/\/smago.de\/ws2\/wp-content\/uploads\/2022\/02\/1822760-2048x1152.jpg 2048w, https:\/\/smago.de\/ws2\/wp-content\/uploads\/2022\/02\/1822760-392x221.jpg 392w, https:\/\/smago.de\/ws2\/wp-content\/uploads\/2022\/02\/1822760-130x73.jpg 130w, https:\/\/smago.de\/ws2\/wp-content\/uploads\/2022\/02\/1822760-791x445.jpg 791w, https:\/\/smago.de\/ws2\/wp-content\/uploads\/2022\/02\/1822760-870x489.jpg 870w, https:\/\/smago.de\/ws2\/wp-content\/uploads\/2022\/02\/1822760-292x164.jpg 292w, https:\/\/smago.de\/ws2\/wp-content\/uploads\/2022\/02\/1822760-435x245.jpg 435w, https:\/\/smago.de\/ws2\/wp-content\/uploads\/2022\/02\/1822760-895x503.jpg 895w\" sizes=\"(max-width: 800px) 100vw, 800px\" \/><figcaption id=\"caption-attachment-178893\" class=\"wp-caption-text\"><\/em> <em>Pascal Hens, Oli Petszokat, Michael Roth, Mickie Krause, Heiko Wasser, Jan Sosniok, Kim Tr\u00e4nka (v.l.)<\/em><\/p>\n<p><em>Foto-Credit: RTL \/ Markus Nass<\/em><\/p>\n<p><em>Bitte beachten Sie auch <strong><a href=\"http:\/\/www.tvnow.de\">RTL+<\/a><\/strong>!<\/em><\/figcaption><\/figure>\n","protected":false},"excerpt":{"rendered":"<p>So ber\u00fchrend wie nie: Start von \u201eShowtime of my Life \u2013 Stars gegen Krebs\u201c am 15.2. um 20:15 Uhr bei<\/p>\n","protected":false},"author":2,"featured_media":178893,"comment_status":"open","ping_status":"closed","sticky":false,"template":"","format":"standard","meta":{"_FSMCFIC_featured_image_caption":"","_FSMCFIC_featured_image_nocaption":"","_FSMCFIC_featured_image_hide":""},"categories":[26,28,128],"tags":[292,870],"acf":[],"_links":{"self":[{"href":"https:\/\/smago.de\/ws2\/wp-json\/wp\/v2\/posts\/178892"}],"collection":[{"href":"https:\/\/smago.de\/ws2\/wp-json\/wp\/v2\/posts"}],"about":[{"href":"https:\/\/smago.de\/ws2\/wp-json\/wp\/v2\/types\/post"}],"author":[{"embeddable":true,"href":"https:\/\/smago.de\/ws2\/wp-json\/wp\/v2\/users\/2"}],"replies":[{"embeddable":true,"href":"https:\/\/smago.de\/ws2\/wp-json\/wp\/v2\/comments?post=178892"}],"version-history":[{"count":2,"href":"https:\/\/smago.de\/ws2\/wp-json\/wp\/v2\/posts\/178892\/revisions"}],"predecessor-version":[{"id":178899,"href":"https:\/\/smago.de\/ws2\/wp-json\/wp\/v2\/posts\/178892\/revisions\/178899"}],"wp:featuredmedia":[{"embeddable":true,"href":"https:\/\/smago.de\/ws2\/wp-json\/wp\/v2\/media\/178893"}],"wp:attachment":[{"href":"https:\/\/smago.de\/ws2\/wp-json\/wp\/v2\/media?parent=178892"}],"wp:term":[{"taxonomy":"category","embeddable":true,"href":"https:\/\/smago.de\/ws2\/wp-json\/wp\/v2\/categories?post=178892"},{"taxonomy":"post_tag","embeddable":true,"href":"https:\/\/smago.de\/ws2\/wp-json\/wp\/v2\/tags?post=178892"}],"curies":[{"name":"wp","href":"https:\/\/api.w.org\/{rel}","templated":true}]}}