{"id":178882,"date":"2022-02-10T13:29:44","date_gmt":"2022-02-10T12:29:44","guid":{"rendered":"https:\/\/smago.de\/ws2\/?p=178882"},"modified":"2022-02-10T13:32:45","modified_gmt":"2022-02-10T12:32:45","slug":"eurovision-song-contest-rd-esc-tag-diese-kuenstlerinnen-und-kuenstler-bewerben-sich-fuer-das-ticket-nach-turin","status":"publish","type":"post","link":"https:\/\/smago.de\/ws2\/pop\/eurovision-song-contest-rd-esc-tag-diese-kuenstlerinnen-und-kuenstler-bewerben-sich-fuer-das-ticket-nach-turin\/","title":{"rendered":"&#8222;EUROVISION SONG CONTEST&#8220; <br>RD ESC-Tag: Diese K\u00fcnstlerinnen und K\u00fcnstler bewerben sich f\u00fcr das Ticket nach Turin!"},"content":{"rendered":"<p>Ikke H\u00fcftgold ist NICHT mit dabei &#8230;!<br \/>\n<!--more--><\/p>\n<p>&nbsp;<\/p>\n<p>&nbsp;<\/p>\n<p>&nbsp;<\/p>\n<p style=\"text-align: justify;\">Sechs Musik-Acts gehen ins Rennen, um f\u00fcr Deutschland im ESC-Finale am 14. Mai in Turin auf der B\u00fchne zu stehen. Sie wurden von den sieben Mitgliedern der ESC-Fachjury ausgesucht. Welcher der sechs Acts f\u00fcr Deutschland nach Italien f\u00e4hrt, entscheidet das Publikum ab dem 28. Februar. Das Ergebnis wird am Ende des gro\u00dfen ARD ESC-Tags am Freitag, 4. M\u00e4rz, feststehen.<\/p>\n<p>&nbsp;<\/p>\n<p>&nbsp;<\/p>\n<p style=\"text-align: justify;\"><strong>Frank Beckmann<\/strong>, ARD Unterhaltungskoordinator und NDR Programmdirektor: \u201eDas wird ein spannender Wettbewerb: Radio, Fernsehen und online \u2013 die ganze ARD zieht an einem Strang, um die Besten f\u00fcr Turin zu finden. Die ARD Radio-Popwellen sind zum ersten Mal von Anfang an bei der Auswahl dabei, und zum ersten Mal werden am ARD ESC-Tag alle Dritten Programme live den deutschen ESC-Vorentscheid mit Barbara Sch\u00f6neberger zeigen. Ich bin gespannt, f\u00fcr wen sich das Publikum entscheidet \u2013 das wird keine leichte Aufgabe!\u201c<\/p>\n<p>&nbsp;<\/p>\n<p>&nbsp;<\/p>\n<p style=\"text-align: justify;\"><strong>Torsten Engel<\/strong>, Programmchef NDR 2, f\u00fcr die beteiligten ARD Radios: \u201eSechs tolle und sehr unterschiedliche Acts, die sich f\u00fcr das Ticket nach Turin bewerben. Die Popwellen der ARD freuen sich \u00fcber diese Auswahl, die wir gemeinsam mit den TV-Kolleg*innen getroffen haben. So viel Radio war noch nie beim ESC und wir sind sehr gespannt, f\u00fcr welchen Song sich unsere H\u00f6rer*innen am 4. M\u00e4rz entscheiden werden.\u201c<\/p>\n<p>&nbsp;<\/p>\n<p>&nbsp;<\/p>\n<p style=\"text-align: justify;\"><strong>Alexandra Wolfslast<\/strong>, Jurymitglied und Head of Delegation f\u00fcr den deutschen Beitrag beim ESC: \u201eDanke an die vielen Musiker*innen, die sich beworben haben. Wir haben tolle Beitr\u00e4ge h\u00f6ren d\u00fcrfen und die Wahl der Favorit*innen ist uns alles andere als leicht gefallen. Aber wir freuen uns, dass wir uns auf sechs gro\u00dfartige Musik-Acts einigen konnten, die uns mit ihrem Talent und ihren Songs \u00fcberzeugt haben.\u201c<\/p>\n<p>&nbsp;<\/p>\n<p>&nbsp;<\/p>\n<p>&nbsp;<\/p>\n<p>&nbsp;<\/p>\n<p style=\"text-align: justify;\"><strong>Das sind die sechs Music-Acts:<\/strong><\/p>\n<p>&nbsp;<\/p>\n<p>&nbsp;<\/p>\n<p>&nbsp;<\/p>\n<ul style=\"text-align: justify;\">\n<li><strong>Emily Roberts <\/strong><\/li>\n<\/ul>\n<p style=\"text-align: justify;\">Emily Roberts, 28, kommt aus Hamburg und lebt in Berlin. Sie ist die Tochter einer Fotografin und eines Musikers und wuchs mit den Songs der Beatles und Joni Mitchell auf. Mit 15 begann sie, eigene Songs zu schreiben. Mit 19 unterschrieb sie ihren ersten Plattenvertrag.2019 war ihr Cover von \u201eBitter Sweet Symphony\u201c, das sie zusammen mit dem DJ-Duo Gamper &amp; Dadoni ver\u00f6ffentlichte, 13 Wochen lang in den deutschen und 21 Wochen in den \u00f6sterreichischen Airplay-Charts und erreichte Goldstatus. Ihr Song \u201eIn This Together\u201c, geschrieben von Emily Roberts zusammen mit Patrick Salmy, Ricardo Munoz und Thomas Steengaard, war 2020 der Titelsong der 14. Staffel von \u201eIch bin ein Star \u2013 Holt mich hier raus!\u201c Zuletzt war sie mit James Blunt auf Tour.<\/p>\n<p style=\"text-align: justify;\">Ihr ESC-Song: \u201e<strong>Soap<\/strong>\u201c<br \/>\nKomposition &amp; Text: Emily Roberts, Andreas \u00d6hrn, Didrik Thott, Simon Wangemann<\/p>\n<p style=\"text-align: justify;\"><em>Was verbindest Du mit dem ESC?<br \/>\n<\/em>\u201eDer ESC steht f\u00fcr mich ganz klar f\u00fcr Harmonie, Inklusion und die Zelebration von Vielfalt. F\u00fcr einen Abend konzentrieren wir uns alle auf eine Sache, die wir alle lieben: Musik.\u201c<\/p>\n<p style=\"text-align: justify;\"><em>Warum willst Du unbedingt mitmachen und f\u00fcr Deutschland auf der B\u00fchne stehen?<br \/>\n<\/em>\u201eBei der gr\u00f6\u00dften europ\u00e4ischen Musikshow mitzumachen, klingt nach Spa\u00df, Aufregung, viel Trouble und tollen Begegnungen. Alles daran fasziniert mich. Ich w\u00fcrde gerne zeigen, dass Deutschland guten, englischsprachigen Pop kann.\u201c<\/p>\n<p style=\"text-align: justify;\"><em>Womit willst Du das Publikum \u00fcberzeugen?<br \/>\n<\/em>\u201eIch werde nicht auf die schrillste, wundersamste Performance setzten, sondern auf einen Song mit einer Geschichte, die jeder so schonmal erlebt hat. \u201aSoap\u2018 beschreibt das Gef\u00fchl, \u201adie eine Person\u2018 endlich aus dem Kopf kriegen zu wollen, und packt das Ganze musikalisch in Seifenblasen und verzerrte Gitarren. Wenn ich damit zum ESC fahren darf, dann hat sich jede Tr\u00e4ne gelohnt.<em>\u201c<\/em><\/p>\n<p>&nbsp;<\/p>\n<p>&nbsp;<\/p>\n<p>&nbsp;<\/p>\n<p>&nbsp;<\/p>\n<p>&nbsp;<\/p>\n<ul style=\"text-align: justify;\">\n<li><strong>Eros Atomus<\/strong><\/li>\n<\/ul>\n<p style=\"text-align: justify;\">Eros Atomus ist mit seinen 21 Jahren bereits ein echter Weltb\u00fcrger, der sieben Sprachen spricht. Er ist mit elf Geschwistern in Bayern aufgewachsen, lebte bereits in den USA, in China, in den Niederlanden, in der Karibik und in Italien. Seine Mutter ist D\u00e4nin, sein Vater Schweizer &#8211; sein Herz schl\u00e4gt aber f\u00fcr Flensburg und Deutschland, seine Heimat. Neben seiner Final-Teilnahme bei \u201eThe Voice of Germany\u201c 2018 ist er vor allem daf\u00fcr bekannt, wie er Gitarre spielt: Den sogenannten \u201eLap-Style\u201c hat Eros selbst kreiert. Beeinflusst von vielen Genres, Kulturen und Sprachen erz\u00e4hlt er in seinen Songs von pers\u00f6nlichen Geschichten und Erlebnissen. Mit seiner Bodenst\u00e4ndigkeit will er die Herzen zum Schmelzen zu bringen.<\/p>\n<p style=\"text-align: justify;\">Sein ESC-Song: \u201e<strong>alive<\/strong>\u201c<br \/>\nKomposition &amp; Text: Eros Atomus, Marcel Z\u00fcrcher, Eike Freese<\/p>\n<p style=\"text-align: justify;\"><em>Was verbindest Du mit dem ESC?<br \/>\n<\/em>\u201eF\u00fcr mich steht der Eurovision Song Contest f\u00fcr Weltoffenheit und Gleichheit. Der ESC ist ein besonderes Event, um Nationen und Kulturen mit einer Sprache, die alle sprechen, zu vereinen: der Musik.\u201c<\/p>\n<p style=\"text-align: justify;\"><em>Warum willst Du unbedingt mitmachen und f\u00fcr Deutschland auf der B\u00fchne stehen?<br \/>\n<\/em>\u201eAls Schweiz\/D\u00e4ne, gro\u00df geworden \u00fcberall auf der Welt, f\u00fchle ich mich in Deutschland am meisten Zuhause und w\u00fcrde mich freuen, meine Heimat vertreten zu k\u00f6nnen. Ich finde es wichtig, Deutschland mit einem frischen lebensfrohen Song widerzuspiegeln.\u201c<\/p>\n<p style=\"text-align: justify;\"><em>Womit willst Du das Publikum \u00fcberzeugen?<br \/>\n<\/em>\u201eDie letzten Jahre waren f\u00fcr alle schwierig. Ich m\u00f6chte mit meinem Song \u201aalive\u2018 die Augen \u00f6ffnen und dem Publikum trotz Coronazeiten zeigen, wie gro\u00dfartig das Leben doch sein kann, mit all seinen H\u00f6hen und Tiefen. Jeder hat seine Probleme im Leben, aber eines haben wir alle gemeinsam und sollten wir nie vergessen. It\u2018s great to be alive!\u201c<\/p>\n<p>&nbsp;<\/p>\n<p>&nbsp;<\/p>\n<p>&nbsp;<\/p>\n<p>&nbsp;<\/p>\n<p>&nbsp;<\/p>\n<ul style=\"text-align: justify;\">\n<li><strong>Felicia Lu<\/strong><\/li>\n<\/ul>\n<p style=\"text-align: justify;\">Die 26-j\u00e4hrige Felicia Lu lebt in Wien. Aufgewachsen ist sie in Freilassing, einem kleinen Dorf in Bayern nahe der \u00f6sterreichischen Grenze. Bereits als 15-J\u00e4hrige wusste sie, dass sie Musikerin werden will. Ihre Schulzeit auf einem Musik-Gymnasium half ihr bei ihrer Entscheidung, auch ihre Zeit in einem Chor. 2015 ver\u00f6ffentlichte sie ihren ersten eigenen Song. 2017 war sie bereits einmal beim deutschen ESC-Vorentscheid dabei. Seit 2021 ist sie hauptberuflich Musikerin und schreibt f\u00fcr sich und andere K\u00fcnstler*innen Songs. Ihre Ver\u00f6ffentlichungen auf YouTube und Streamingplattformen haben mehrere Hundertausende Abrufe.<\/p>\n<p style=\"text-align: justify;\">Ihr ESC-Song: \u201e<strong>Anxiety<\/strong>\u201c<br \/>\nKomposition &amp; Text: Felicia Lu K\u00fcrbi\u00df<\/p>\n<p style=\"text-align: justify;\"><em>Was verbindest Du mit dem ESC?<br \/>\n<\/em>\u201eDer ESC hat mich, so wie viele andere, mein ganzes Leben begeistert. Ich hatte die M\u00f6glichkeit, bereits 2017 beim deutschen ESC-Vorentscheid dabei gewesen sein zu d\u00fcrfen und habe die Erfahrung sehr genossen. Mich fasziniert dieses Riesen-Musikfestival und es muss unfassbar sein, als K\u00fcnstler selbst auf dieser B\u00fchne zu stehen.\u201c<\/p>\n<p style=\"text-align: justify;\"><em>Warum willst Du unbedingt mitmachen und f\u00fcr Deutschland auf der B\u00fchne stehen?<br \/>\n<\/em>\u201eMit meinem Song \u201aAnxiety\u2018 m\u00f6chte ich eine Richtung einschlagen, die man so noch nicht oft beim Eurovision Song Contest geh\u00f6rt hat und die dennoch sehr \u201aradiotauglich\u2018 ist und \u201aOhrwurmpotenzial\u2018 mit sich bringt. Ich m\u00f6chte auf der B\u00fchne weitergeben, dass jeder so sein kann, wie er ist, dass man niemandem au\u00dfer sich selbst etwas Recht machen muss und dass jeder das Potenzial hat, seine Tr\u00e4ume zu erreichen.\u201c<\/p>\n<p style=\"text-align: justify;\"><em>Womit willst Du das Publikum \u00fcberzeugen?<br \/>\n<\/em>\u201eIch m\u00f6chte das Publikum mit meinem Song \u00fcberzeugen. In \u201aAnxiety\u2018 geht es um Angst, vor allem um Sorgen und Angstst\u00f6rungen. Ich denke, jeder kennt das Gef\u00fchl von Stress und Angst. Ich finde es sehr wichtig, offen dar\u00fcber zu sprechen, weil jeder Mensch \u00c4ngste hat. Daher habe ich meine Gef\u00fchle in einen Song gepackt und hoffe, dass sich das Publikum ein bisschen mehr verstanden f\u00fchlt.\u201c<\/p>\n<p>&nbsp;<\/p>\n<p>&nbsp;<\/p>\n<p>&nbsp;<\/p>\n<p>&nbsp;<\/p>\n<ul style=\"text-align: justify;\">\n<li><strong>Ma\u00ebl &amp; Jonas <\/strong><\/li>\n<\/ul>\n<p style=\"text-align: justify;\">Das Duo Ma\u00ebl &amp; Jonas &#8211; 26 und 20 Jahre alt &#8211; stammt aus Koblenz. Ihre Musikalit\u00e4t und Freude konnten die beiden bei \u201eThe Voice of Germany\u201c zeigen. Sie waren das erste Duo, das es dort ins Finale geschafft hat. Ihre Final-Single \u201eTreat you Right\u201c feat. Nico Santos erreichte Millionen Streams.<br \/>\nDie beiden verbringen viel Zeit gemeinsam im Studio in Koblenz, schreiben und produzieren ihre Songs selbst und lieben es, auf der B\u00fchne zu stehen. Ma\u00ebl, der \u00e4ltere der beiden studiert neben der Musik auf Lehramt. Jonas hat vor kurzem sein Abitur bestanden und legt den Fokus aufs Musizieren.<\/p>\n<p style=\"text-align: justify;\">Ihr ESC-Song: \u201e<strong>I swear to god<\/strong>\u201c<br \/>\nKomposition &amp; Text: Jonas Brochhausen, Ma\u00ebl Brunner<\/p>\n<p style=\"text-align: justify;\"><em>Was verbindet Ihr mit dem ESC?<br \/>\n<\/em>\u201eWir sind von Kind an beide gro\u00dfe Fans des Wettbewerbs und haben fast jede Show gesehen. Der ESC ist quasi eine kleine Tradition in unseren Familien.\u201c<\/p>\n<p style=\"text-align: justify;\"><em>Warum wollt Ihr unbedingt mitmachen und f\u00fcr Deutschland auf der B\u00fchne stehen?<br \/>\n<\/em>\u201eWir m\u00f6chten auf der ESC-B\u00fchne stehen, weil es eine Ehre ist, das eigene Land zu vertreten. Auf den ersten Blick w\u00fcrde man uns vielleicht nicht unbedingt dem ESC zuordnen, aber gerade das macht es zu einer sch\u00f6nen \u00dcberraschung. Wir sind jung, frei und ehrlich und freuen uns darauf, unseren Song \u201aI swear to god\u2018 zu performen.\u201c<\/p>\n<p style=\"text-align: justify;\"><em>Womit wollt Ihr das Publikum \u00fcberzeugen?<br \/>\n<\/em>\u201eWir stehen als langj\u00e4hrige Freunde und Wegbegleiter auf der B\u00fchne und m\u00f6chten zeigen, dass wir in sch\u00f6nen und in schwierigen Zeiten zueinander halten. Wir m\u00f6chten den Leuten ein St\u00fcck unserer positiven Energie abgeben und ihnen ein L\u00e4cheln auf die Lippen zaubern.\u201c<\/p>\n<p>&nbsp;<\/p>\n<p>&nbsp;<\/p>\n<p>&nbsp;<\/p>\n<p>&nbsp;<\/p>\n<p>&nbsp;<\/p>\n<ul style=\"text-align: justify;\">\n<li><strong>Malik Harris<\/strong><\/li>\n<\/ul>\n<p style=\"text-align: justify;\">Der deutsch-amerikanische Pops\u00e4nger, Rapper und Songwriter Malik Harris ist 24 und kommt aus der N\u00e4he von Landsberg am Lech. Auch er ist aus einer sehr musikalischen Familie: \u201eMein Opi war Operns\u00e4nger, meine Oma Pianistin und mein Vater spielt mehrere Instrumente und gibt Cellounterricht.\u201c Maliks erste Singles \u201eSay the Name\u201d (2018) und \u201eWelcome to the Rumble\u201d (2019) wurden in den AirPlay Charts und auf Streamingplattformen zu Hits. Im Mai 2019 begann seine erste Solotour. Zudem war er Opener f\u00fcr internationale Acts wie James Blunt, Alex Clare, Jeremy Loops, Tom Odell oder LP. Im August 2021 erschien sein Deb\u00fctalbum \u201eAnonymous Colonist\u201c. Als erster deutscher K\u00fcnstler war Malik Harris zur Ver\u00f6ffentlichung seiner Single \u201eWhen We\u2019ve Arrived\u201c im Oktober 2020 eine Woche lang auf einem Times Square Billboard in New York City zu sehen.<\/p>\n<p style=\"text-align: justify;\">Sein ESC-Song: \u201e<strong>Rockstars<\/strong>\u201c<br \/>\nKomposition &amp; Text: Malik Harris, Marianne Kobylka und Robin Karow<\/p>\n<p style=\"text-align: justify;\"><em>Was verbindest Du mit dem ESC?<br \/>\n<\/em>\u201eIch kann mich daran erinnern, dass wir uns das ein oder andere Mal vor dem Fernseher versammelt und den ESC geschaut haben. Ich habe den Eurovision Song Contest auch verfolgt, als Lena gewonnen hat, und den ESC danach etwas aus den Augen verloren. Umso mehr freue ich mich jetzt, eine Verbindung durch meinen Song \u201aRockstars\u2018 gefunden zu haben. Ich habe eine Message, die es Wert ist, geh\u00f6rt zu werden.\u201c<\/p>\n<p style=\"text-align: justify;\"><em>Warum willst Du unbedingt mitmachen und f\u00fcr Deutschland auf der B\u00fchne stehen?<br \/>\n<\/em>\u201eIch w\u00e4re so stolz, Deutschland mit meiner Musik auf einer internationalen B\u00fchne vertreten zu d\u00fcrfen. Mit \u201aRockstars\u2018 offenbare ich meine Gef\u00fchle, und ich kann es nicht erwarten, den Song live zu spielen und ihn mit vielen Menschen zu teilen. Mit einer Teilnahme m\u00f6chte ich auch zeigen, dass ich dankbar bin, in Deutschland leben zu d\u00fcrfen und hier meine Musik machen zu k\u00f6nnen.\u201c<\/p>\n<p style=\"text-align: justify;\"><em>Womit willst Du das Publikum \u00fcberzeugen?<br \/>\n<\/em>\u201eIch m\u00f6chte das Publikum so \u00fcberzeugen, wie ich meine Musik von Anfang an am allerliebsten pr\u00e4sentiere: Allein mit meiner Loop Station und mehreren Instrumenten, vertieft in meine Emotionen, die die Musik in mir ausl\u00f6st. Vor allem mit \u201aRockstars\u2018, einem Song, der mir pers\u00f6nlich unfassbar viel bedeutet und der gerade in dieser schwierigen Zeit einen Hoffnungsschimmer bieten und gleichzeitig zeigen soll, dass wir alle im selben Boot sitzen.\u201c<\/p>\n<p>&nbsp;<\/p>\n<p>&nbsp;<\/p>\n<p>&nbsp;<\/p>\n<p>&nbsp;<\/p>\n<ul style=\"text-align: justify;\">\n<li><strong>Nico Suave &amp; Team Liebe<\/strong><\/li>\n<\/ul>\n<p style=\"text-align: justify;\">\u201eNico Suave &amp; Team Liebe\u201c, das sind die vier K\u00fcnstler*innen Nico Suave, NKSN, Buket und EMY. Nico Suave (43) &#8211; aufgewachsen in Menden &#8211; und EMY (19) wohnen in Hamburg. Sie stammt aus der Hansestadt. Aus Berlin kommen NKSN (28) und Buket (35), die in Kiel und Hamburg gro\u00df wurde.<\/p>\n<p>Wie gut musikalische Freundschaften funktionieren, hat Nico Suave zusammen mit Teesy und vierzehn weiteren deutschen Musiker*innen erfolgreich auf dem Track \u201eDiese Welt braucht Liebe\u201c unter Beweis gestellt. F\u00fcr den ESC hat Nico Suave sich seine Freund*innen NKSN, Buket und EMY ins Boot geholt. Dabei ist ein Track entstanden, der an \u201eDiese Welt braucht Liebe\u201c ankn\u00fcpft und fragt: \u201eHallo Welt! Wie geht\u2018s dir?\u201c<\/p>\n<p>Nico Suave &amp; Team Liebe wollen mit ihrer ESC-Hymne die Menschen anregen, Platz f\u00fcr Positivit\u00e4t in ihren K\u00f6pfen zu schaffen und wieder enger zusammen zu r\u00fccken. #teamliebe<\/p>\n<p style=\"text-align: justify;\">Ihr ESC-Song: \u201e<strong>Hallo Welt<\/strong>\u201c<br \/>\n(Komposition: Toni Mudrack, Nico Suave, Dominik K\u00f6hl &amp; Joshua Stolten, Volker Neum\u00fcller \/ Text: Toni Mudrack, Jan Dettwyler, Nico Suave, Buket Kocatas, Niklas Esterle, Volker Neum\u00fcller)<\/p>\n<p style=\"text-align: justify;\"><em>Was verbindet Ihr mit dem ESC?<\/p>\n<p><\/em>\u201eWir beobachten die Show seit Jahren. F\u00fcr uns steht der ESC f\u00fcr verschiedenste Themen, Gef\u00fchle und gesellschaftliche Situationen. Mit unserem Song \u201aHallo Welt\u2018 m\u00f6chten wir ein wichtiges Thema aufgreifen und die Menschen auffordern, negativen Vibes weniger Raum zu geben. Hierf\u00fcr ist der ESC unserer Meinung nach genau die richtige Veranstaltung.\u201c<\/p>\n<p style=\"text-align: justify;\"><em>Warum wollt Ihr unbedingt mitmachen und f\u00fcr Deutschland auf der B\u00fchne stehen?<\/p>\n<p><\/em>\u201eDer ESC war schon seit unserer Kindheit eines der wichtigsten Musik-Events des Jahres. Es war f\u00fcr uns jedes Jahr spannend zu sehen, welche K\u00fcnstler*innen aus Europa die Pop-Kultur interpretieren und somit immer wieder neue kreative Impulse gesetzt haben. Dieses Jahr wollen wir selbst ein Teil dieser ESC Reise sein und sagen auch \u201aHallo Europa\u2018\u201c.<\/p>\n<p style=\"text-align: justify;\"><em>Womit wollt Ihr das Publikum \u00fcberzeugen?<\/p>\n<p><\/em>\u201eWir m\u00f6chten das Publikum mit einer Mischung aus Rap, Soul und guten Energien \u00fcberzeugen. Wir richten unsere Hymne an die Welt und fragen uns, warum es so schwer ist, das Gl\u00fcck zu finden und es festzuhalten. Mit unserem Song wollen wir Europa dazu bringen, mit uns zu \u201aviben\u2018 und bei unserer spannenden musikalischen Reise Passagier zu sein.\u201c<\/p>\n<p>&nbsp;<\/p>\n<p>&nbsp;<\/p>\n<p>&nbsp;<\/p>\n<p style=\"text-align: justify;\"><strong>Die deutsche ESC-Fachjury<\/strong><\/p>\n<p>&nbsp;<\/p>\n<p style=\"text-align: justify;\">F\u00fcr den ESC 2022 sind zum ersten Mal die Radio-Popwellen der ARD integraler Bestandteil des Auswahlverfahrens: Antenne Brandenburg, BAYERN 3, Bremen Vier, hr3, MDR Jump, NDR 2, SR 1, SWR3 und WDR 2. Die Jury besteht neben Alexandra Wolfslast aus sechs Musikchef*innen dieser H\u00f6rfunkprogramme: Gregor Friedel (SWR3), Holger Lachmann (Antenne Brandenburg), Andreas L\u00f6ffler (WDR 2), Meike Nett (NDR 2), Alexander Schmitz (MDR Jump) und Edi van Beek (BAYERN 3).<\/p>\n<p>&nbsp;<\/p>\n<p>&nbsp;<\/p>\n<p>&nbsp;<\/p>\n<p>&nbsp;<\/p>\n<p style=\"text-align: justify;\"><strong>Die Auswahl: Online-Voting und ARD ESC-Tag<\/strong><\/p>\n<p>&nbsp;<\/p>\n<p style=\"text-align: justify;\">Die sechs Musik-Acts pr\u00e4sentieren sich mit ihren Songs ab Donnerstag, 10. Februar, auf <a href=\"http:\/\/eurovision.de\/\">eurovision.de<\/a>. Ab Montag, 28. Februar, kann das Publikum im Netz aus den vorgestellten Acts seinen Favoriten bei den Online-Auftritten der neun ARD Popwellen w\u00e4hlen. Diese nehmen die in Frage kommenden Songs auch in ihr Programm auf.<\/p>\n<p style=\"text-align: justify;\">Die Entscheidung, wer Deutschlands Vertreter*in beim ESC 2022 wird, f\u00e4llt beim gro\u00dfen ARD ESC-Tag am Freitag, 4. M\u00e4rz. Bei den Online-Auftritten der Popwellen kann an dem Tag bis 20.00 Uhr abgestimmt werden. Ab 20.15 Uhr \u00fcbertragen alle Dritten Programme der ARD sowie ONE die Sendung \u201eGermany 12 Points \u2013 der deutsche ESC-Vorentscheid\u201c mit den sechs Musik-Acts live aus Berlin und rufen die Zuschauer*innen ebenfalls zur Auswahl auf, dann per Telefon und SMS. Moderatorin ist Barbara Sch\u00f6neberger. Die Sendung wird mit Untertiteln und Audiodeskription ausgestrahlt und ist auf <a href=\"http:\/\/eurovision.de\/\">eurovision.de<\/a> zudem in deutscher Geb\u00e4rdensprache zu sehen.<\/p>\n<p style=\"text-align: justify;\">Die Stimmen der Radioh\u00f6rerinnen und -h\u00f6rer einerseits und des Publikums der Sendung andererseits werden zu je 50 Prozent gewertet. Wer von den Kandidat*innen die meisten Abstimmungspunkte auf sich vereinigt, wird am 14. Mai beim Finale des Eurovision Song Contests in Turin f\u00fcr Deutschland singen.<\/p>\n<p>&nbsp;<\/p>\n<p>&nbsp;<\/p>\n<p>&nbsp;<\/p>\n<p style=\"text-align: justify;\">Weitere Informationen zum ESC unter <strong><a href=\"http:\/\/eurovision.de\/\">eurovision.de<\/a><\/strong>!<\/p>\n<p>&nbsp;<\/p>\n<p>&nbsp;<\/p>\n<figure id=\"attachment_178883\" aria-describedby=\"caption-attachment-178883\" style=\"width: 800px\" class=\"wp-caption alignnone\"><img decoding=\"async\" loading=\"lazy\" class=\"size-large wp-image-178883\" src=\"https:\/\/smago.de\/ws2\/wp-content\/uploads\/2022\/02\/1_Germany_12_Points-800x528.jpg\" alt=\"\" width=\"800\" height=\"528\" srcset=\"https:\/\/smago.de\/ws2\/wp-content\/uploads\/2022\/02\/1_Germany_12_Points-800x528.jpg 800w, https:\/\/smago.de\/ws2\/wp-content\/uploads\/2022\/02\/1_Germany_12_Points-522x345.jpg 522w, https:\/\/smago.de\/ws2\/wp-content\/uploads\/2022\/02\/1_Germany_12_Points-227x150.jpg 227w, https:\/\/smago.de\/ws2\/wp-content\/uploads\/2022\/02\/1_Germany_12_Points-768x507.jpg 768w, https:\/\/smago.de\/ws2\/wp-content\/uploads\/2022\/02\/1_Germany_12_Points-1536x1014.jpg 1536w, https:\/\/smago.de\/ws2\/wp-content\/uploads\/2022\/02\/1_Germany_12_Points-2048x1352.jpg 2048w, https:\/\/smago.de\/ws2\/wp-content\/uploads\/2022\/02\/1_Germany_12_Points-392x259.jpg 392w, https:\/\/smago.de\/ws2\/wp-content\/uploads\/2022\/02\/1_Germany_12_Points-130x86.jpg 130w, https:\/\/smago.de\/ws2\/wp-content\/uploads\/2022\/02\/1_Germany_12_Points-674x445.jpg 674w, https:\/\/smago.de\/ws2\/wp-content\/uploads\/2022\/02\/1_Germany_12_Points-791x522.jpg 791w, https:\/\/smago.de\/ws2\/wp-content\/uploads\/2022\/02\/1_Germany_12_Points-288x190.jpg 288w, https:\/\/smago.de\/ws2\/wp-content\/uploads\/2022\/02\/1_Germany_12_Points-435x287.jpg 435w, https:\/\/smago.de\/ws2\/wp-content\/uploads\/2022\/02\/1_Germany_12_Points-150x100.jpg 150w\" sizes=\"(max-width: 800px) 100vw, 800px\" \/><figcaption id=\"caption-attachment-178883\" class=\"wp-caption-text\"><em>Foto-Credit: \u00a9 NDR \/ EBU<\/em><\/figcaption><\/figure>\n","protected":false},"excerpt":{"rendered":"<p>Ikke H\u00fcftgold ist NICHT mit dabei &#8230;!<\/p>\n","protected":false},"author":2,"featured_media":178883,"comment_status":"open","ping_status":"closed","sticky":false,"template":"","format":"standard","meta":{"_FSMCFIC_featured_image_caption":"","_FSMCFIC_featured_image_nocaption":"","_FSMCFIC_featured_image_hide":""},"categories":[27,128],"tags":[85],"acf":[],"_links":{"self":[{"href":"https:\/\/smago.de\/ws2\/wp-json\/wp\/v2\/posts\/178882"}],"collection":[{"href":"https:\/\/smago.de\/ws2\/wp-json\/wp\/v2\/posts"}],"about":[{"href":"https:\/\/smago.de\/ws2\/wp-json\/wp\/v2\/types\/post"}],"author":[{"embeddable":true,"href":"https:\/\/smago.de\/ws2\/wp-json\/wp\/v2\/users\/2"}],"replies":[{"embeddable":true,"href":"https:\/\/smago.de\/ws2\/wp-json\/wp\/v2\/comments?post=178882"}],"version-history":[{"count":3,"href":"https:\/\/smago.de\/ws2\/wp-json\/wp\/v2\/posts\/178882\/revisions"}],"predecessor-version":[{"id":178886,"href":"https:\/\/smago.de\/ws2\/wp-json\/wp\/v2\/posts\/178882\/revisions\/178886"}],"wp:featuredmedia":[{"embeddable":true,"href":"https:\/\/smago.de\/ws2\/wp-json\/wp\/v2\/media\/178883"}],"wp:attachment":[{"href":"https:\/\/smago.de\/ws2\/wp-json\/wp\/v2\/media?parent=178882"}],"wp:term":[{"taxonomy":"category","embeddable":true,"href":"https:\/\/smago.de\/ws2\/wp-json\/wp\/v2\/categories?post=178882"},{"taxonomy":"post_tag","embeddable":true,"href":"https:\/\/smago.de\/ws2\/wp-json\/wp\/v2\/tags?post=178882"}],"curies":[{"name":"wp","href":"https:\/\/api.w.org\/{rel}","templated":true}]}}