{"id":178773,"date":"2022-02-07T00:00:20","date_gmt":"2022-02-06T23:00:20","guid":{"rendered":"https:\/\/smago.de\/ws2\/?p=178773"},"modified":"2022-02-06T23:22:55","modified_gmt":"2022-02-06T22:22:55","slug":"calimeros-der-titel-addio-maria-kuendigt-ihr-neues-album-sommertraeume-an","status":"publish","type":"post","link":"https:\/\/smago.de\/ws2\/schlager\/calimeros-der-titel-addio-maria-kuendigt-ihr-neues-album-sommertraeume-an\/","title":{"rendered":"CALIMEROS <br>Der Titel &#8222;Addio Maria&#8220; k\u00fcndigt ihr neues Album &#8222;Sommertr\u00e4ume&#8220; an!"},"content":{"rendered":"<p>Die Single &#8222;Addio Maria&#8220; erscheint vorab am 11.02.2022, die CD &#8222;Sommertr\u00e4ume&#8220; folgt am 29. April!<br \/>\n<!--more--><\/p>\n<p>&nbsp;<\/p>\n<p>&nbsp;<\/p>\n<p style=\"text-align: justify;\">Mit einem brillanten Paradebeispiel startet das erfolgreichste Schweizer Schlagertrio Europas ins Jahr 2022 und zeichnet gleich zum Jahresbeginn eine traumhafte Melodie-Kulisse. \u201eAddio Maria\u201c hei\u00dft die erste Vorab-Auskopplung des kommenden Albums \u201eSommersterne\u201c, dabei \u00fcberzeugt die klangvolle Single mit einer f\u00fcr die CALIMEROS typischen malerischen Erlebniswelt.<\/p>\n<p style=\"text-align: justify;\">Mit einer geh\u00f6rigen Prise Liebe etikettiert das Erfolgstrio den charakterstarken Track \u201eAddio Maria\u201c und portr\u00e4tiert zeitgleich die besungene Romanze Namens Maria, welche in der sinnbildlichen Interpretation f\u00fcr die \u201eGeliebte\u201c steht. Nur die Calimeros verstehen es in ihrer wunderbaren Einzigartigkeit dem schier endlosen Thema immer aufs Neue eine vorz\u00fcgliche Hochachtung zu gew\u00e4hren und sind auch oder gerade deshalb die Gef\u00fchlsbotschafter des Schlagers. In \u201eAddio Maria\u201c ist Verehrung, Verliebtheit sowie Schw\u00e4rmerei vereint in einem Song. Das beliebte Trio Roland Eberhart, Andy Steiner und Andy Rynert gew\u00e4hren damit wieder einmal eine \u00fcberragende musikalische Visualisierung mit ausgew\u00e4hltem Enthusiasmus. Die Single bietet einen enormen sch\u00f6pferischen Aktionsradius, der h\u00f6rbar mitrei\u00dfend und dynamisch feurig gleicherma\u00dfen ist. Dementsprechend ausgewogen balanciert Calimeros Frontmann Roland Eberhart tongenau souver\u00e4n durch die f\u00fchlbaren Textzeilen, die er gemeinsam mit Matthias Teriet verfasst hat, und gibt \u201eAddio Maria\u201c mit seiner unverkennbaren Singstimme die inspirierende Nat\u00fcrlichkeit. Hochwertig, ehrlich und vertraut festigt \u201eAddio Maria\u201c das Bild der Calimeros als Songpoeten des deutschen Schlagers. Ein fantastischer Vorgeschmack auf das neue Album \u201eSommersterne\u201c, welches am 29.04.2022 erscheinen wird.<\/p>\n<p>\u201eAddio Maria\u201c wird am 11.02.2022 digital bei TELAMO ver\u00f6ffentlicht.<\/p>\n","protected":false},"excerpt":{"rendered":"<p>Die Single &#8222;Addio Maria&#8220; erscheint vorab am 11.02.2022, die CD &#8222;Sommertr\u00e4ume&#8220; folgt am 29. April!<\/p>\n","protected":false},"author":2,"featured_media":178774,"comment_status":"open","ping_status":"closed","sticky":false,"template":"","format":"standard","meta":{"_FSMCFIC_featured_image_caption":"","_FSMCFIC_featured_image_nocaption":"","_FSMCFIC_featured_image_hide":""},"categories":[29],"tags":[159],"acf":[],"_links":{"self":[{"href":"https:\/\/smago.de\/ws2\/wp-json\/wp\/v2\/posts\/178773"}],"collection":[{"href":"https:\/\/smago.de\/ws2\/wp-json\/wp\/v2\/posts"}],"about":[{"href":"https:\/\/smago.de\/ws2\/wp-json\/wp\/v2\/types\/post"}],"author":[{"embeddable":true,"href":"https:\/\/smago.de\/ws2\/wp-json\/wp\/v2\/users\/2"}],"replies":[{"embeddable":true,"href":"https:\/\/smago.de\/ws2\/wp-json\/wp\/v2\/comments?post=178773"}],"version-history":[{"count":3,"href":"https:\/\/smago.de\/ws2\/wp-json\/wp\/v2\/posts\/178773\/revisions"}],"predecessor-version":[{"id":178777,"href":"https:\/\/smago.de\/ws2\/wp-json\/wp\/v2\/posts\/178773\/revisions\/178777"}],"wp:featuredmedia":[{"embeddable":true,"href":"https:\/\/smago.de\/ws2\/wp-json\/wp\/v2\/media\/178774"}],"wp:attachment":[{"href":"https:\/\/smago.de\/ws2\/wp-json\/wp\/v2\/media?parent=178773"}],"wp:term":[{"taxonomy":"category","embeddable":true,"href":"https:\/\/smago.de\/ws2\/wp-json\/wp\/v2\/categories?post=178773"},{"taxonomy":"post_tag","embeddable":true,"href":"https:\/\/smago.de\/ws2\/wp-json\/wp\/v2\/tags?post=178773"}],"curies":[{"name":"wp","href":"https:\/\/api.w.org\/{rel}","templated":true}]}}