{"id":178608,"date":"2022-02-04T00:00:57","date_gmt":"2022-02-03T23:00:57","guid":{"rendered":"https:\/\/smago.de\/ws2\/?p=178608"},"modified":"2022-02-03T20:17:15","modified_gmt":"2022-02-03T19:17:15","slug":"adamo-heute-04-02-2022-arte-adamo-und-dann-ein-lied","status":"publish","type":"post","link":"https:\/\/smago.de\/ws2\/liedermacher\/adamo-heute-04-02-2022-arte-adamo-und-dann-ein-lied\/","title":{"rendered":"ADAMO <br>Heute (04.02.2022), arte: &#8222;Adamo &#8211; Und dann ein Lied&#8220;!"},"content":{"rendered":"<p>Belgien, \u00a02019 \/\/ 21:45 Uhr &#8211; 22:45 Uhr!<br \/>\n<!--more--><\/p>\n<div id=\"flyqiv-accordion\" class=\"accordion-content\" role=\"tabpanel\" data-tab-content=\"\" aria-labelledby=\"flyqiv-accordion-label\" aria-hidden=\"false\">\n<div class=\"event-detail\">\n<div class=\"detail-top row collapse \">\n<div class=\"row collapse\">\n<div class=\"center-list-col columns mb-20 pr-20\">\n<div class=\"eventText\">\n<div class=\" css-17vzwzm\">\n<p>&nbsp;<\/p>\n<p>&nbsp;<\/p>\n<p style=\"text-align: justify;\">\n<p style=\"text-align: justify;\">Salvatore Adamo kam als Dreij\u00e4hriger aus Sizilien nach Belgien. Im Th\u00e9\u00e2tre royal de Mons, wo er Ende der 50er Jahre einen alles ver\u00e4ndernden Gesangswettbewerb gewann, blickt er zur\u00fcck auf 60 erfolgreiche Karrierejahre mit mehr als 100 Millionen verkauften Alben weltweit.\u00a0 Ein authentischer Einblick in das Leben des S\u00e4ngers mit der einzigartigen androgynen Stimme.<\/p>\n<\/div>\n<div class=\" css-148419c\" tabindex=\"-1\">\n<div class=\" css-15rqr63\">\n<p style=\"text-align: justify;\">1946 schlossen Belgien und Italien ein Abkommen, das den Austausch von Kohle gegen Arbeitskr\u00e4fte regelte. Das Land an der Adria konnte nicht ahnen, dass es damit eine au\u00dfergew\u00f6hnliche Stimme verlieren w\u00fcrde, die mit ihrem androgynen Timbre mehrere Generationen pr\u00e4gen sollte und sich einen Platz in der Geschichte des franz\u00f6sischen Chansons eroberte.<\/p>\n<p style=\"text-align: justify;\">Salvatore Adamo kam mit drei Jahren als Sohn sizilianischer Einwanderer nach Belgien. Ende der 50er Jahre gewann er im Th\u00e9\u00e2tre royal de Mons einen Gesangswettbewerb, der sein Leben ver\u00e4nderte. Genau dort lassen ihn Hadja Lahbib und Jean-Marc Panis f\u00fcr ihre Dokumentation nun in der ersten Reihe Platz nehmen und auf 60 erfolgreiche Karrierejahre zur\u00fcckblicken, in denen er auf B\u00fchnen in aller Welt stand und mehr als 100 Millionen Alben verkaufte.<\/p>\n<p style=\"text-align: justify;\">Enge Freunde wie der belgische Journalist Jacques Mercier oder sein Biograf Thierry Coljon kommentieren wichtige Etappen im Leben des S\u00e4ngers. Zu Wort kommen au\u00dferdem seine Ehefrau Nicole, die vom Familienleben, der Presse und den Fans erz\u00e4hlt, sowie der S\u00e4nger Alain Chamfort, der das Ph\u00e4nomen Adamo in den 1960er Jahren vorhersah. Spannende Einblicke in die Musikwelt bietet Gilbert Lederman vom Label Universal, der sehr offen beschreibt, wie Anfang der 2000er Jahre der Versuch scheiterte, gemeinsam mit dem Produzenten Bertrand Burgalat Adamo ein neues Image zu verschaffen. Der Musiker Albin de la Simone analysiert das von ihm arrangierte Album \u201eZanzibar\u201c, das Adamos Karriere 2003 wieder in Schwung brachte. Und nat\u00fcrlich darf auch der belgische S\u00e4nger Arno mit seiner Neuinterpretation des 60er-Jahre-Hits \u201eLes filles du bord de mer\u201c nicht fehlen.<\/p>\n<\/div>\n<\/div>\n<\/div>\n<\/div>\n<\/div>\n<\/div>\n<\/div>\n<div><\/div>\n<div class=\"event-detail\">\n<div class=\"detail-top row collapse \">\n<div class=\"row collapse\">\n<div class=\"center-list-col columns mb-20 pr-20\">\n<div class=\"eventText\">\n<div class=\" css-148419c\" tabindex=\"-1\">\n<div class=\" css-1fpz9gn\">\n<div class=\" css-i18w7q\">\n<p>&nbsp;<\/p>\n<p>&nbsp;<\/p>\n<p>&nbsp;<\/p>\n<p class=\" css-1xc0if\"><strong>Regie :<\/strong><\/p>\n<p>&nbsp;<\/p>\n<ul class=\" css-1olxopo\">\n<li class=\" css-10p1u9u\">\n<p class=\" css-8cc4tj\">Hadja Lahbib<\/p>\n<\/li>\n<li class=\" css-10p1u9u\">\n<p class=\" css-8cc4tj\">Jean-Marc Panis<\/p>\n<\/li>\n<\/ul>\n<\/div>\n<div class=\" css-rzbema\">\n<p>&nbsp;<\/p>\n<p>&nbsp;<\/p>\n<p class=\" css-1xc0if\"><strong>Land :<\/strong><\/p>\n<p>&nbsp;<\/p>\n<ul class=\" css-1olxopo\">\n<li class=\" css-10p1u9u\">\n<p class=\" css-8cc4tj\">Belgien<\/p>\n<\/li>\n<\/ul>\n<p>&nbsp;<\/p>\n<p>&nbsp;<\/p>\n<p class=\" css-1xc0if\"><strong>Jahr :<\/strong><\/p>\n<p>&nbsp;<\/p>\n<ul class=\" css-1olxopo\">\n<li class=\" css-10p1u9u\">\n<p class=\" css-8cc4tj\">2019<\/p>\n<\/li>\n<\/ul>\n<p>&nbsp;<\/p>\n<p>&nbsp;<\/p>\n<p class=\" css-1xc0if\"><strong>Herkunft :<\/strong><\/p>\n<p>&nbsp;<\/p>\n<ul class=\" css-1olxopo\">\n<li class=\" css-10p1u9u\">\n<p class=\" css-8cc4tj\">ARTE<\/p>\n<\/li>\n<li class=\" css-10p1u9u\">\n<p class=\" css-8cc4tj\">RTBF<\/p>\n<\/li>\n<\/ul>\n<\/div>\n<\/div>\n<\/div>\n<\/div>\n<\/div>\n<\/div>\n<\/div>\n<\/div>\n<\/div>\n","protected":false},"excerpt":{"rendered":"<p>Belgien, \u00a02019 \/\/ 21:45 Uhr &#8211; 22:45 Uhr!<\/p>\n","protected":false},"author":2,"featured_media":176168,"comment_status":"open","ping_status":"closed","sticky":false,"template":"","format":"standard","meta":{"_FSMCFIC_featured_image_caption":"","_FSMCFIC_featured_image_nocaption":"","_FSMCFIC_featured_image_hide":""},"categories":[21,24,29,128],"tags":[2336],"acf":[],"_links":{"self":[{"href":"https:\/\/smago.de\/ws2\/wp-json\/wp\/v2\/posts\/178608"}],"collection":[{"href":"https:\/\/smago.de\/ws2\/wp-json\/wp\/v2\/posts"}],"about":[{"href":"https:\/\/smago.de\/ws2\/wp-json\/wp\/v2\/types\/post"}],"author":[{"embeddable":true,"href":"https:\/\/smago.de\/ws2\/wp-json\/wp\/v2\/users\/2"}],"replies":[{"embeddable":true,"href":"https:\/\/smago.de\/ws2\/wp-json\/wp\/v2\/comments?post=178608"}],"version-history":[{"count":2,"href":"https:\/\/smago.de\/ws2\/wp-json\/wp\/v2\/posts\/178608\/revisions"}],"predecessor-version":[{"id":178610,"href":"https:\/\/smago.de\/ws2\/wp-json\/wp\/v2\/posts\/178608\/revisions\/178610"}],"wp:featuredmedia":[{"embeddable":true,"href":"https:\/\/smago.de\/ws2\/wp-json\/wp\/v2\/media\/176168"}],"wp:attachment":[{"href":"https:\/\/smago.de\/ws2\/wp-json\/wp\/v2\/media?parent=178608"}],"wp:term":[{"taxonomy":"category","embeddable":true,"href":"https:\/\/smago.de\/ws2\/wp-json\/wp\/v2\/categories?post=178608"},{"taxonomy":"post_tag","embeddable":true,"href":"https:\/\/smago.de\/ws2\/wp-json\/wp\/v2\/tags?post=178608"}],"curies":[{"name":"wp","href":"https:\/\/api.w.org\/{rel}","templated":true}]}}