{"id":178591,"date":"2022-02-03T23:59:23","date_gmt":"2022-02-03T22:59:23","guid":{"rendered":"https:\/\/smago.de\/ws2\/?p=178591"},"modified":"2022-02-03T19:21:41","modified_gmt":"2022-02-03T18:21:41","slug":"ilka-bessin-fr-04-02-2022-in-der-ndr-talk-show-zu-gast","status":"publish","type":"post","link":"https:\/\/smago.de\/ws2\/comedy\/ilka-bessin-fr-04-02-2022-in-der-ndr-talk-show-zu-gast\/","title":{"rendered":"ILKA BESSIN <br>Fr. (04.02.2022) in der &#8222;NDR Talk Show&#8220; zu Gast!"},"content":{"rendered":"<p style=\"text-align: justify;\">NDR fernsehen + hr fernsehen, 22:00 Uhr &#8211; 00:00 Uhr! Moderation: Barbara Sch\u00f6neberger und Hubertus Meyer-Burckhardt!<br \/>\n<!--more--><\/p>\n<p>&nbsp;<\/p>\n<p>&nbsp;<\/p>\n<p>&nbsp;<\/p>\n<p style=\"text-align: justify;\">Barbara Sch\u00f6neberger und Hubertus Meyer-Burckhardt begr\u00fc\u00dfen in der NDR Talk Show aus Hamburg folgende G\u00e4ste:<\/p>\n<h2><\/h2>\n<h2><\/h2>\n<h2 style=\"text-align: justify;\">Barbara Becker, Unternehmerin, Autorin und Fitnessikone<\/h2>\n<div class=\"contentimage w50\" style=\"text-align: justify;\"><\/div>\n<p style=\"text-align: justify;\">Als Designerin und Unternehmerin hat sich Barbara Becker l\u00e4ngst einen Namen gemacht, sie hat Schmuck und Einrichtungs-Kollektionen entworfen und nebenbei ihre zwei S\u00f6hne Noah und Elias aus der Ehe mit Tennis-Star Boris Becker gro\u00dfgezogen. Ihren K\u00f6rper und Geist h\u00e4lt sie seit vielen Jahren mit Yoga auf Trab und wurde dadurch zur Fitnessikone. Nun hat sie sich mit dem Thema Fasten besch\u00e4ftigt: &#8222;Five days only&#8220; lautet ihre Formel dazu. Wie ihr Leben in Miami ohne ihre Jungs mittlerweile aussieht, welche Vors\u00e4tze sie f\u00fcr das neue Jahr hat und was f\u00fcnf Tage Fasten im Leben eines K\u00f6rpers bewirken k\u00f6nnen, erz\u00e4hlt Barbara Becker in der NDR Talk Show.<\/p>\n<h2><\/h2>\n<h2><\/h2>\n<h2><\/h2>\n<h2><\/h2>\n<h2 style=\"text-align: justify;\">Christian Rach, Spitzenkoch, TV-Moderator und Autor<\/h2>\n<div class=\"contentimage w50\" style=\"text-align: justify;\"><\/div>\n<p style=\"text-align: justify;\">Ein Mann mit vielen Talenten: Christian Rach ist Spitzenkoch, Buchautor und TV-Moderator. Im Laufe seiner Karriere wurde er bereits mehrfach ausgezeichnet, vom Michelin-Stern f\u00fcr seine Kochk\u00fcnste bis hin zu Preisen f\u00fcr seine Sendung &#8222;Rach der Restauranttester&#8220;. Heute konzentriert er sich auf Projekte, die eine gesunde und gute Esskultur f\u00f6rdern. In seinem Buch &#8222;Geschmack pur. Wie ich wurde, was ich bin&#8220; und in der NDR Talk Show erz\u00e4hlt der 64-J\u00e4hrige, wie sich f\u00fcr ihn der Kosmos f\u00fcr ein genussreiches Leben ge\u00f6ffnet hat, welche Stationen ihn in seinem Leben besonders stark gepr\u00e4gt haben und welche Rezepte er damit verbindet.<\/p>\n<h2><\/h2>\n<h2><\/h2>\n<h2><\/h2>\n<h2><\/h2>\n<h2 style=\"text-align: justify;\">Annelie Keil, Soziologin und Gesundheitswissenschaftlerin<\/h2>\n<div class=\"contentimage w50\" style=\"text-align: justify;\"><\/div>\n<p style=\"text-align: justify;\">&#8222;Das Befreiende am \u00c4lterwerden ist ja, es kann nichts mehr passieren, was nicht schon passiert ist im Leben.&#8220; Das sagt die 83-j\u00e4hrige Soziologin Annelie Keil. Die Gesundheitswissenschaftlerin, die von 1971 bis 2004 als Professorin an der Universit\u00e4t in Bremen lehrte und dort Dekanin war, will den Menschen Mut zum Leben machen. Sie ist eine Frau mit einer unglaublich facettenreichen Lebensgeschichte. Als Kind war sie auf der Flucht vor dem Krieg, wuchs in einem Waisenhaus auf, lebte von der Sozialhilfe, erk\u00e4mpfte sich das Studium, erlitt Fehlgeburten, eine Trennung, \u00fcberlebte einen Herzinfarkt und besiegte den Krebs in ihrem K\u00f6rper. &#8222;Leben ist Arbeit&#8220;, das ist ihr Credo. Doch ihre Lebenskrisen haben Annelie Keil stark gemacht f\u00fcrs Leben. Und diese Kraft will sie mit ihren B\u00fcchern und Vortr\u00e4gen anderen Menschen weiter vermitteln.<\/p>\n<h2><\/h2>\n<h2><\/h2>\n<h2><\/h2>\n<h2 style=\"text-align: justify;\">Jennifer und Sven Ole Johansson, Heumilchb\u00e4uerin und Heumilchbauer aus Niedersachsen<\/h2>\n<div class=\"contentimage w50\" style=\"text-align: justify;\"><\/div>\n<p style=\"text-align: justify;\">Eine Geburtstagsfeier vor sechs Jahren hat das Leben zweier Menschen ver\u00e4ndert. Eine junge Frau vom Hamburger Kiez verliebt sich in einen Jungbauern aus Niedersachsen, sie zieht zu ihm aufs Land, die beiden heiraten, bekommen zwei Kinder und leiten seit 2020 gemeinsam einen Bauernhof in vierter Generation. Kein M\u00e4rchen, sondern eine wahre Geschichte. Die 38-j\u00e4hrige Jennifer Johansson arbeitet mit ihrem zehn Jahre j\u00fcngeren Mann Sven Ole f\u00fcr die eigene Hofmolkerei im nieders\u00e4chsischen Toppenstedt. Die beiden produzieren mit ihren K\u00fchen Heumilch, die es in Norddeutschland nur selten gibt. Wie die beiden sich kennen gelernt haben, wie aus der Immobilienfachfrau eine Heumilchb\u00e4uerin wurde und von wem sich die Milchk\u00fche am liebsten melken lassen, erz\u00e4hlt das Ehepaar in der NDR Talk Show.<\/p>\n<h2><\/h2>\n<h2><\/h2>\n<h2><\/h2>\n<h2><\/h2>\n<h2 style=\"text-align: justify;\">Axel Prahl, Schauspieler<\/h2>\n<div class=\"contentimage w50\" style=\"text-align: justify;\"><\/div>\n<p style=\"text-align: justify;\">In diesem Jahr feiert Axel Ferdinand Konstantin Prahl &#8211; wie er mit vollem Namen hei\u00dft &#8211; sein 20-j\u00e4hriges Jubil\u00e4um als M\u00fcnsteraner &#8222;Tatort&#8220;-Kommissar Frank Thiel. W\u00e4hrend er im &#8222;Tatort&#8220; Verbrechern auf der Spur ist, spielt der 61-J\u00e4hrige in der Tragikom\u00f6die &#8222;Eisland&#8220; einen Verkaufsfahrer f\u00fcr Tiefk\u00fchlkost: Seit fast 30 Jahren schleppt der Witwer Marko Wendrichs Gefrierware f\u00fcr die Firma &#8222;Eisland&#8220; an die Haust\u00fcren seiner vornehmlich \u00e4lteren Kundschaft. Als er krankheitsbedingt in Fr\u00fchrente gehen muss, ger\u00e4t sein Leben in Schieflage und durch das Ableben einer Kundin er\u00f6ffnet sich unerwartet ein ganz neues Gesch\u00e4ftsmodell: Er &#8222;parkt&#8220; die Leiche in der Tiefk\u00fchltruhe und nimmt regelm\u00e4\u00dfig die Rente der Frau an sich. Wie Axel Prahl zum Thema &#8222;Rente&#8220; steht und wie viel kriminelle Energie in ihm steckt, erz\u00e4hlt er in der NDR Talk Show.<\/p>\n<h2><\/h2>\n<h2><\/h2>\n<h2><\/h2>\n<h2><\/h2>\n<h2 style=\"text-align: justify;\">Daniel Br\u00f6ckerhoff, Moderator und Journalist<\/h2>\n<div class=\"contentimage w50\" style=\"text-align: justify;\"><\/div>\n<p style=\"text-align: justify;\">Seit 2009 arbeitet er als freier Journalist, seit 2011 ausschlie\u00dflich f\u00fcr \u00f6ffentlich-rechtliche Sender: Daniel Br\u00f6ckerhoff. Die NDR-Zuschauer kennen ihn als Moderator der Sendung &#8222;NDR Info 21:45 Uhr&#8220;, durch die er seit Oktober 2021 f\u00fchrt. Der Sohn einer Deutschen und eines Paraguayos lebt mit seiner Frau und zweien seiner drei T\u00f6chter in Hamburg. Seine zweite Tochter &#8211; sechs Jahre alt &#8211; ist atypische Autistin, seine j\u00fcngste Tochter hat eine angeborene Muskelschw\u00e4che. Wie sein Alltag aussieht und welche Herausforderungen es dort zu bew\u00e4ltigen gibt &#8211; das erz\u00e4hlt der 43-J\u00e4hrige in der NDR Talk Show.<\/p>\n<h2><\/h2>\n<h2><\/h2>\n<h2><\/h2>\n<h2><\/h2>\n<h2 style=\"text-align: justify;\">Ilka Bessin, Komikerin<\/h2>\n<div class=\"contentimage w50\" style=\"text-align: justify;\"><\/div>\n<p style=\"text-align: justify;\">L\u00e4ngst ist sie von der rosa Cindy zur amtlichen Lady geworden &#8211; Ilka Bessin tanzte sich tapfer durch &#8222;Let&#8217;s dance&#8220;, schrieb ihre ungeschminkte Lebensgeschichte auf und k\u00e4mpft weiterhin f\u00fcr ein Umdenken in Sachen Sch\u00f6nheitsidealen. In ihrer aktuellen RTL-Sendung &#8222;Echt jetzt?!&#8220;, die t\u00e4glich um 15.00 Uhr ausgestrahlt wird,\u00a0nimmt sie Verbraucher-relevante Themen, b\u00fcrokratische Ausw\u00fcchse sowie neue Produkte der Industrie kritisch aber auch humorvoll unter die Lupe. Und in ihrem aktuellen B\u00fchnenprogramm stellt sie sich &#8222;bl\u00f6den Fragen und bl\u00f6den Antworten&#8220;. In der NDR Talk Show erz\u00e4hlt sie, was ihr momentan ganz besonders am Herzen liegt.<\/p>\n<p>&nbsp;<\/p>\n<p>&nbsp;<\/p>\n<figure id=\"attachment_178592\" aria-describedby=\"caption-attachment-178592\" style=\"width: 800px\" class=\"wp-caption alignnone\"><img decoding=\"async\" loading=\"lazy\" class=\"size-large wp-image-178592\" src=\"https:\/\/smago.de\/ws2\/wp-content\/uploads\/2022\/02\/2_NDR_Talk_Show_2016-800x534.jpg\" alt=\"\" width=\"800\" height=\"534\" srcset=\"https:\/\/smago.de\/ws2\/wp-content\/uploads\/2022\/02\/2_NDR_Talk_Show_2016-800x534.jpg 800w, https:\/\/smago.de\/ws2\/wp-content\/uploads\/2022\/02\/2_NDR_Talk_Show_2016-522x348.jpg 522w, https:\/\/smago.de\/ws2\/wp-content\/uploads\/2022\/02\/2_NDR_Talk_Show_2016-225x150.jpg 225w, https:\/\/smago.de\/ws2\/wp-content\/uploads\/2022\/02\/2_NDR_Talk_Show_2016-768x512.jpg 768w, https:\/\/smago.de\/ws2\/wp-content\/uploads\/2022\/02\/2_NDR_Talk_Show_2016-1536x1024.jpg 1536w, https:\/\/smago.de\/ws2\/wp-content\/uploads\/2022\/02\/2_NDR_Talk_Show_2016-2048x1366.jpg 2048w, https:\/\/smago.de\/ws2\/wp-content\/uploads\/2022\/02\/2_NDR_Talk_Show_2016-392x261.jpg 392w, https:\/\/smago.de\/ws2\/wp-content\/uploads\/2022\/02\/2_NDR_Talk_Show_2016-130x87.jpg 130w, https:\/\/smago.de\/ws2\/wp-content\/uploads\/2022\/02\/2_NDR_Talk_Show_2016-667x445.jpg 667w, https:\/\/smago.de\/ws2\/wp-content\/uploads\/2022\/02\/2_NDR_Talk_Show_2016-783x522.jpg 783w, https:\/\/smago.de\/ws2\/wp-content\/uploads\/2022\/02\/2_NDR_Talk_Show_2016-285x190.jpg 285w, https:\/\/smago.de\/ws2\/wp-content\/uploads\/2022\/02\/2_NDR_Talk_Show_2016-435x290.jpg 435w, https:\/\/smago.de\/ws2\/wp-content\/uploads\/2022\/02\/2_NDR_Talk_Show_2016-150x100.jpg 150w, https:\/\/smago.de\/ws2\/wp-content\/uploads\/2022\/02\/2_NDR_Talk_Show_2016-370x247.jpg 370w\" sizes=\"(max-width: 800px) 100vw, 800px\" \/><figcaption id=\"caption-attachment-178592\" class=\"wp-caption-text\"><em>Barbara Sch\u00f6neberger und Hubertus Meyer-Burckhardt<\/em><\/p>\n<p><em>\u00a9 NDR \/ Uwe Ernst<\/em><\/figcaption><\/figure>\n","protected":false},"excerpt":{"rendered":"<p>NDR fernsehen + hr fernsehen, 22:00 Uhr &#8211; 00:00 Uhr! Moderation: Barbara Sch\u00f6neberger und Hubertus Meyer-Burckhardt!<\/p>\n","protected":false},"author":2,"featured_media":178592,"comment_status":"open","ping_status":"closed","sticky":false,"template":"","format":"standard","meta":{"_FSMCFIC_featured_image_caption":"","_FSMCFIC_featured_image_nocaption":"","_FSMCFIC_featured_image_hide":""},"categories":[3,128],"tags":[254],"acf":[],"_links":{"self":[{"href":"https:\/\/smago.de\/ws2\/wp-json\/wp\/v2\/posts\/178591"}],"collection":[{"href":"https:\/\/smago.de\/ws2\/wp-json\/wp\/v2\/posts"}],"about":[{"href":"https:\/\/smago.de\/ws2\/wp-json\/wp\/v2\/types\/post"}],"author":[{"embeddable":true,"href":"https:\/\/smago.de\/ws2\/wp-json\/wp\/v2\/users\/2"}],"replies":[{"embeddable":true,"href":"https:\/\/smago.de\/ws2\/wp-json\/wp\/v2\/comments?post=178591"}],"version-history":[{"count":2,"href":"https:\/\/smago.de\/ws2\/wp-json\/wp\/v2\/posts\/178591\/revisions"}],"predecessor-version":[{"id":178594,"href":"https:\/\/smago.de\/ws2\/wp-json\/wp\/v2\/posts\/178591\/revisions\/178594"}],"wp:featuredmedia":[{"embeddable":true,"href":"https:\/\/smago.de\/ws2\/wp-json\/wp\/v2\/media\/178592"}],"wp:attachment":[{"href":"https:\/\/smago.de\/ws2\/wp-json\/wp\/v2\/media?parent=178591"}],"wp:term":[{"taxonomy":"category","embeddable":true,"href":"https:\/\/smago.de\/ws2\/wp-json\/wp\/v2\/categories?post=178591"},{"taxonomy":"post_tag","embeddable":true,"href":"https:\/\/smago.de\/ws2\/wp-json\/wp\/v2\/tags?post=178591"}],"curies":[{"name":"wp","href":"https:\/\/api.w.org\/{rel}","templated":true}]}}