{"id":178541,"date":"2022-02-03T00:00:42","date_gmt":"2022-02-02T23:00:42","guid":{"rendered":"https:\/\/smago.de\/ws2\/?p=178541"},"modified":"2022-02-02T16:41:58","modified_gmt":"2022-02-02T15:41:58","slug":"ina-regen-edition-und-leistungschutzrechte-vertretung-bei-schedler-music","status":"publish","type":"post","link":"https:\/\/smago.de\/ws2\/pop\/ina-regen-edition-und-leistungschutzrechte-vertretung-bei-schedler-music\/","title":{"rendered":"INA REGEN <br>Edition und Leistungschutzrechte-Vertretung bei Schedler Music!"},"content":{"rendered":"<p style=\"text-align: justify;\">Die neue Edition hei\u00dft \u201eEdition Ina Regen\u201c &#8230;!<br \/>\n<!--more--><\/p>\n<p>&nbsp;<\/p>\n<p style=\"text-align: justify;\">\n<p style=\"text-align: justify;\">Seit kurzem vertraut die \u00f6sterreichische\u00a0Liedermacherin und S\u00e4ngerin\u00a0<a href=\"https:\/\/www.inaregen.at\/\">INA REGEN<\/a> in Sachen Verlag und LSG-Vertretung auf Schedler Music. Ihr Deb\u00fctalbum \u201eKlee\u201c sowie das aktuelle Album \u201eRot\u201c und auch zuk\u00fcnftig entstehende Songs, werden in einer neu gegr\u00fcndeten Edition bei Schedler Music verlegt (\u201eEdition Ina Regen\u201c).<\/p>\n<p style=\"text-align: justify;\">Ina Regen\u00a0ist studierte Musikerin (Jazz- und Populargesang) und war vor ihrer Solo-Karriere als Musical- und Backgrounds\u00e4ngerin auf verschiedenen \u00f6sterreichischen B\u00fchnen zu sehen und h\u00f6ren. Im Dezember 2017 gelang ihr mit der Ballade \u201eWie a Kind\u201c ein \u00dcberraschungshit, mit dem sie Einzug in die \u00f6sterreichischen Singlecharts hielt. Darauf folgte ein Duett mit Conchita Wurst &#8211; \u201e<a href=\"https:\/\/youtu.be\/cWXZTx1tm4k\">Heast as net<\/a>\u201c (eine Coverversion vom Hubert von Goisern) und\u00a0auch ein gemeinsamer Auftritt mit Helene Fischer in der \u201eHelene Fischer Show 2018\u201c.<\/p>\n<p style=\"text-align: justify;\">Ihr\u00a0Deb\u00fctalbum \u201eKlee\u201c,\u00a0das\u00a0im November 2018\u00a0bei\u00a0RCA\/Sony Music Deutschland\u00a0erschien, #1 der AT-Albumcharts und Gold-Status erreichte sowie einen Amadeus Austrian Music Award f\u00fcr \u201eAlbum des Jahres\u201c erhielt, beinhaltet elf gef\u00fchlvolle Songs, die\u00a0Geschichten aus dem Leben und von der Suche nach dem Gl\u00fcck erz\u00e4hlen. \u201eRot\u201c, das aktuelle Ina Regen-Album,\u00a0erschienen im\u00a0Fr\u00fchjahr 2021\u00a0wiederholte den Erfolg des Debuts\u00a0und erreichte\u00a0erneut\u00a0Platz 1 der \u00f6sterreichischen Albumcharts. Darauf sind 13 stilistisch weiter entwickelte Songs zu h\u00f6ren, die zeitgeistige Themen ansprechen, aber auch pers\u00f6nliche Erlebnisse aus Ina Regens Vergangenheit poetisch verpackt wiedergeben.<\/p>\n<p style=\"text-align: justify;\">Auch im Bereich der Leistungsschutzrechte (LSG-Seitig) vertraut Ina Regen\u00a0ab sofort\u00a0auf Schedler Music, wo man\u00a0sich k\u00fcnftig um die\u00a0korrekte Anmeldung und Abrechnung der Leistungsschutzrechte\u00a0k\u00fcmmern wird.<\/p>\n<p style=\"text-align: justify;\">\n<p>&nbsp;<\/p>\n<p>&nbsp;<\/p>\n<p style=\"text-align: justify;\"><strong>Schedler Music:<\/strong>\u00a0<em>\u201eIna Regen ist eine der erfolgreichsten Singer-Songwriterin und Pop-K\u00fcnstlerin in \u00d6sterreich. Ihre Live-Konzerte sind gro\u00dfartig, worauf wir uns in 2022 wieder freuen d\u00fcrfen und es darf auch schon verraten werden, dass bereits am dritten Album gearbeitet wird. Es ehrt uns sehr, Ina Regens Werke zu vertreten und sie auf ihrem weiteren vielversprechenden musikalischen Weg zu begleiten.\u201c<\/em><\/p>\n<p>&nbsp;<\/p>\n<p>&nbsp;<\/p>\n<p>Stellungnahme <strong>Ina Regen<\/strong> \u00a0<em>&#8222;Ich freue mich sehr, mit Schedler Music einen etablierten, verl\u00e4sslichen und noch dazu heimischen Partner\u00a0f\u00fcr meine Edition\u00a0gefunden zu haben, der international bestens vernetzt und respektiert ist.&#8220;<\/em><\/p>\n<p>&nbsp;<\/p>\n<p>&nbsp;<\/p>\n<figure id=\"attachment_178543\" aria-describedby=\"caption-attachment-178543\" style=\"width: 800px\" class=\"wp-caption alignnone\"><img decoding=\"async\" loading=\"lazy\" class=\"size-large wp-image-178543\" src=\"https:\/\/smago.de\/ws2\/wp-content\/uploads\/2022\/02\/Ina-Regen_print_c-Gerd-Schneider-4-800x600.jpg\" alt=\"\" width=\"800\" height=\"600\" srcset=\"https:\/\/smago.de\/ws2\/wp-content\/uploads\/2022\/02\/Ina-Regen_print_c-Gerd-Schneider-4-800x600.jpg 800w, https:\/\/smago.de\/ws2\/wp-content\/uploads\/2022\/02\/Ina-Regen_print_c-Gerd-Schneider-4-522x392.jpg 522w, https:\/\/smago.de\/ws2\/wp-content\/uploads\/2022\/02\/Ina-Regen_print_c-Gerd-Schneider-4-200x150.jpg 200w, https:\/\/smago.de\/ws2\/wp-content\/uploads\/2022\/02\/Ina-Regen_print_c-Gerd-Schneider-4-768x576.jpg 768w, https:\/\/smago.de\/ws2\/wp-content\/uploads\/2022\/02\/Ina-Regen_print_c-Gerd-Schneider-4-1536x1152.jpg 1536w, https:\/\/smago.de\/ws2\/wp-content\/uploads\/2022\/02\/Ina-Regen_print_c-Gerd-Schneider-4-2048x1536.jpg 2048w, https:\/\/smago.de\/ws2\/wp-content\/uploads\/2022\/02\/Ina-Regen_print_c-Gerd-Schneider-4-363x272.jpg 363w, https:\/\/smago.de\/ws2\/wp-content\/uploads\/2022\/02\/Ina-Regen_print_c-Gerd-Schneider-4-130x98.jpg 130w, https:\/\/smago.de\/ws2\/wp-content\/uploads\/2022\/02\/Ina-Regen_print_c-Gerd-Schneider-4-593x445.jpg 593w, https:\/\/smago.de\/ws2\/wp-content\/uploads\/2022\/02\/Ina-Regen_print_c-Gerd-Schneider-4-696x522.jpg 696w, https:\/\/smago.de\/ws2\/wp-content\/uploads\/2022\/02\/Ina-Regen_print_c-Gerd-Schneider-4-253x190.jpg 253w, https:\/\/smago.de\/ws2\/wp-content\/uploads\/2022\/02\/Ina-Regen_print_c-Gerd-Schneider-4-387x290.jpg 387w\" sizes=\"(max-width: 800px) 100vw, 800px\" \/><figcaption id=\"caption-attachment-178543\" class=\"wp-caption-text\"><em>Foto-Credit: Gerd Schneider<\/em><\/figcaption><\/figure>\n","protected":false},"excerpt":{"rendered":"<p>Die neue Edition hei\u00dft \u201eEdition Ina Regen\u201c &#8230;!<\/p>\n","protected":false},"author":2,"featured_media":178542,"comment_status":"open","ping_status":"closed","sticky":false,"template":"","format":"standard","meta":{"_FSMCFIC_featured_image_caption":"","_FSMCFIC_featured_image_nocaption":"","_FSMCFIC_featured_image_hide":""},"categories":[27],"tags":[2398],"acf":[],"_links":{"self":[{"href":"https:\/\/smago.de\/ws2\/wp-json\/wp\/v2\/posts\/178541"}],"collection":[{"href":"https:\/\/smago.de\/ws2\/wp-json\/wp\/v2\/posts"}],"about":[{"href":"https:\/\/smago.de\/ws2\/wp-json\/wp\/v2\/types\/post"}],"author":[{"embeddable":true,"href":"https:\/\/smago.de\/ws2\/wp-json\/wp\/v2\/users\/2"}],"replies":[{"embeddable":true,"href":"https:\/\/smago.de\/ws2\/wp-json\/wp\/v2\/comments?post=178541"}],"version-history":[{"count":1,"href":"https:\/\/smago.de\/ws2\/wp-json\/wp\/v2\/posts\/178541\/revisions"}],"predecessor-version":[{"id":178544,"href":"https:\/\/smago.de\/ws2\/wp-json\/wp\/v2\/posts\/178541\/revisions\/178544"}],"wp:featuredmedia":[{"embeddable":true,"href":"https:\/\/smago.de\/ws2\/wp-json\/wp\/v2\/media\/178542"}],"wp:attachment":[{"href":"https:\/\/smago.de\/ws2\/wp-json\/wp\/v2\/media?parent=178541"}],"wp:term":[{"taxonomy":"category","embeddable":true,"href":"https:\/\/smago.de\/ws2\/wp-json\/wp\/v2\/categories?post=178541"},{"taxonomy":"post_tag","embeddable":true,"href":"https:\/\/smago.de\/ws2\/wp-json\/wp\/v2\/tags?post=178541"}],"curies":[{"name":"wp","href":"https:\/\/api.w.org\/{rel}","templated":true}]}}