{"id":178474,"date":"2022-01-31T23:58:18","date_gmt":"2022-01-31T22:58:18","guid":{"rendered":"https:\/\/smago.de\/ws2\/?p=178474"},"modified":"2022-01-31T23:44:18","modified_gmt":"2022-01-31T22:44:18","slug":"guido-cantz-und-gaeste-rtl-steckt-diese-koepfe-zusammen","status":"publish","type":"post","link":"https:\/\/smago.de\/ws2\/nonsens\/guido-cantz-und-gaeste-rtl-steckt-diese-koepfe-zusammen\/","title":{"rendered":"GUIDO CANTZ und G\u00e4ste <br>RTL steckt diese K\u00f6pfe zusammen:"},"content":{"rendered":"<p>&#8222;7 Tage, 7 K\u00f6pfe&#8220;-Start mit hochkar\u00e4tigen Comedy-Stars am 03.02.2022!<br \/>\n<!--more--><\/p>\n<p>&nbsp;<\/p>\n<p style=\"text-align: justify;\">\n<p style=\"text-align: justify;\">Gro\u00dfes TV-Comeback steht kurz bevor: Mit Guido Cantz als Moderator startet am Donnerstag, 3. Februar 2022, ab 22:15 Uhr die Neuauflage der legend\u00e4ren RTL Kult-Show &#8222;7 Tage, 7 K\u00f6pfe&#8220;. Jetzt stehen die K\u00f6pfe der ersten Show fest!<\/p>\n<p>Torsten Str\u00e4ter, Chris Tall, Larissa Rie\u00df, Kaya Yanar, Mirja Boes und Bernd Stelter stecken in Show 1 mit Guido Cantz die K\u00f6pfe zusammen. Woche f\u00fcr Woche l\u00e4dt der Moderator wechselnde Comedy-Stars ein. Bei &#8222;7 Tage, 7 K\u00f6pfe&#8220; trifft sich die alte Riege, Comedy- und Show-Legenden aber auch junge Comediennes und Comedians w\u00f6chentlich zum verbalen Schlagabtausch.<\/p>\n<p>&#8222;7 Tage, 7 K\u00f6pfe&#8220; am 3. Februar ab 22:15 Uhr bei RTL \u2013 direkt nach dem Dschungelcamp. Ab dem 12. Februar immer samstags ab 23:00 Uhr nach DSDS.<\/p>\n<p>&nbsp;<\/p>\n<p>&nbsp;<\/p>\n<p>&nbsp;<\/p>\n<figure id=\"attachment_178475\" aria-describedby=\"caption-attachment-178475\" style=\"width: 800px\" class=\"wp-caption alignnone\"><img decoding=\"async\" loading=\"lazy\" class=\"size-large wp-image-178475\" src=\"https:\/\/smago.de\/ws2\/wp-content\/uploads\/2022\/01\/1820623-800x450.jpg\" alt=\"\" width=\"800\" height=\"450\" srcset=\"https:\/\/smago.de\/ws2\/wp-content\/uploads\/2022\/01\/1820623-800x450.jpg 800w, https:\/\/smago.de\/ws2\/wp-content\/uploads\/2022\/01\/1820623-522x294.jpg 522w, https:\/\/smago.de\/ws2\/wp-content\/uploads\/2022\/01\/1820623-267x150.jpg 267w, https:\/\/smago.de\/ws2\/wp-content\/uploads\/2022\/01\/1820623-768x432.jpg 768w, https:\/\/smago.de\/ws2\/wp-content\/uploads\/2022\/01\/1820623-1536x864.jpg 1536w, https:\/\/smago.de\/ws2\/wp-content\/uploads\/2022\/01\/1820623-392x221.jpg 392w, https:\/\/smago.de\/ws2\/wp-content\/uploads\/2022\/01\/1820623-130x73.jpg 130w, https:\/\/smago.de\/ws2\/wp-content\/uploads\/2022\/01\/1820623-791x445.jpg 791w, https:\/\/smago.de\/ws2\/wp-content\/uploads\/2022\/01\/1820623-870x489.jpg 870w, https:\/\/smago.de\/ws2\/wp-content\/uploads\/2022\/01\/1820623-292x164.jpg 292w, https:\/\/smago.de\/ws2\/wp-content\/uploads\/2022\/01\/1820623-435x245.jpg 435w, https:\/\/smago.de\/ws2\/wp-content\/uploads\/2022\/01\/1820623-895x503.jpg 895w, https:\/\/smago.de\/ws2\/wp-content\/uploads\/2022\/01\/1820623.jpg 1920w\" sizes=\"(max-width: 800px) 100vw, 800px\" \/><figcaption id=\"caption-attachment-178475\" class=\"wp-caption-text\"><em>Foto-Credit: RTL<\/em><\/p>\n<p><em>Bitte beachten Sie auch <strong><a href=\"http:\/\/www.tvnow.de\">RTL+<\/a><\/strong>!<\/em><\/figcaption><\/figure>\n","protected":false},"excerpt":{"rendered":"<p>&#8222;7 Tage, 7 K\u00f6pfe&#8220;-Start mit hochkar\u00e4tigen Comedy-Stars am 03.02.2022!<\/p>\n","protected":false},"author":2,"featured_media":178475,"comment_status":"open","ping_status":"closed","sticky":false,"template":"","format":"standard","meta":{"_FSMCFIC_featured_image_caption":"","_FSMCFIC_featured_image_nocaption":"","_FSMCFIC_featured_image_hide":""},"categories":[23,128],"tags":[492],"acf":[],"_links":{"self":[{"href":"https:\/\/smago.de\/ws2\/wp-json\/wp\/v2\/posts\/178474"}],"collection":[{"href":"https:\/\/smago.de\/ws2\/wp-json\/wp\/v2\/posts"}],"about":[{"href":"https:\/\/smago.de\/ws2\/wp-json\/wp\/v2\/types\/post"}],"author":[{"embeddable":true,"href":"https:\/\/smago.de\/ws2\/wp-json\/wp\/v2\/users\/2"}],"replies":[{"embeddable":true,"href":"https:\/\/smago.de\/ws2\/wp-json\/wp\/v2\/comments?post=178474"}],"version-history":[{"count":1,"href":"https:\/\/smago.de\/ws2\/wp-json\/wp\/v2\/posts\/178474\/revisions"}],"predecessor-version":[{"id":178476,"href":"https:\/\/smago.de\/ws2\/wp-json\/wp\/v2\/posts\/178474\/revisions\/178476"}],"wp:featuredmedia":[{"embeddable":true,"href":"https:\/\/smago.de\/ws2\/wp-json\/wp\/v2\/media\/178475"}],"wp:attachment":[{"href":"https:\/\/smago.de\/ws2\/wp-json\/wp\/v2\/media?parent=178474"}],"wp:term":[{"taxonomy":"category","embeddable":true,"href":"https:\/\/smago.de\/ws2\/wp-json\/wp\/v2\/categories?post=178474"},{"taxonomy":"post_tag","embeddable":true,"href":"https:\/\/smago.de\/ws2\/wp-json\/wp\/v2\/tags?post=178474"}],"curies":[{"name":"wp","href":"https:\/\/api.w.org\/{rel}","templated":true}]}}