{"id":178219,"date":"2022-01-27T23:59:55","date_gmt":"2022-01-27T22:59:55","guid":{"rendered":"https:\/\/smago.de\/ws2\/?p=178219"},"modified":"2022-01-27T21:56:03","modified_gmt":"2022-01-27T20:56:03","slug":"joey-kelly-u-a-fr-28-01-2022-in-der-talk-show-koelner-treff-zu-gast","status":"publish","type":"post","link":"https:\/\/smago.de\/ws2\/schlager\/joey-kelly-u-a-fr-28-01-2022-in-der-talk-show-koelner-treff-zu-gast\/","title":{"rendered":"JOEY KELLY u.a. <br>Fr. (28.01.2022) in der Talk-Show &#8222;K\u00f6lner Treff&#8220; zu Gast!"},"content":{"rendered":"<p style=\"text-align: justify;\">WDR Fernsehen, 22:00 Uhr &#8211; 23:30 Uhr (1. Wh. in der Nacht auf 29.01., 00:00 Uhr &#8211; 01:30 Uhr; 2. Wh.: 30.01., 10:05 Uhr &#8211; 11:35 Uhr)! Moderation: Bettina B\u00f6ttinger!<br \/>\n<!--more--><\/p>\n<p>&nbsp;<\/p>\n<p>&nbsp;<\/p>\n<p>&nbsp;<\/p>\n<p>&nbsp;<\/p>\n<p style=\"text-align: justify;\"><strong>Zu Gast sind &#8230;:<\/strong><\/p>\n<p>&nbsp;<\/p>\n<p>&nbsp;<\/p>\n<p><strong>Motsi Mabuse<\/strong><\/p>\n<p>&nbsp;<\/p>\n<p style=\"text-align: justify;\">Einst als Profi-T\u00e4nzerin bekannt geworden, hat sich die sympathische TV-Jurorin und Tanztrainerin Motsi Mabuse zu einer der beliebtesten Pers\u00f6nlichkeiten im Deutschen Fernsehen entwickelt. Aber nicht nur in Deutschland sch\u00e4tzt man ihr Talent und ihre offene Art &#8211; auch in England steht die Mutter einer Tochter seit 2019 vor der Kamera. Dann gibt es da ja auch noch die eigene Tanzschule, die die 40-J\u00e4hrige seit 2017 gemeinsam mit Ehemann Evgenij Voznyuk leitet. Sie wird verraten, welche Rolle die richtige Einstellung zum Leben f\u00fcr ihren Erfolg spielt und wie sie es schafft, sich stets ihre strahlend gute Laune zu bewahren.<\/p>\n<p>&nbsp;<\/p>\n<p>&nbsp;<\/p>\n<p>&nbsp;<\/p>\n<p style=\"text-align: justify;\"><strong>Joey Kelly<\/strong><\/p>\n<p>&nbsp;<\/p>\n<p style=\"text-align: justify;\">Er hat einen Hang zum Extremen. Zun\u00e4chst Stra\u00dfenmusiker-Kind, wurde Joey Kelly mit der \u201aKelly Family&#8216; zum Superstar und verkaufte Millionen von Platten. Seit Jahren k\u00e4mpft er sich als Ausdauersportler und Abenteurer durch zahlreiche Marathons und Ultra-Wettk\u00e4mpfe in der ganzen Welt. Eigentlich wollte der Lebensk\u00fcnstler 2020 einen Marathon am Nordpol laufen. Stattdessen machte Joey eine lange Wanderung entlang der ehemaligen innerdeutschen Grenze: 1400 km &#8211; durch vier Jahreszeiten und f\u00fchrte Gespr\u00e4che mit Zeitzeugen. Fast immer an der Seite: sein Sohn Luke: &#8222;Er war noch nicht geboren als die Mauer fiel. Jetzt versteht er, was das damals bedeutet hat.&#8220;<\/p>\n<p>&nbsp;<\/p>\n<p>&nbsp;<\/p>\n<p>&nbsp;<\/p>\n<p style=\"text-align: justify;\"><strong>Jannis Niew\u00f6hner<\/strong><\/p>\n<p>&nbsp;<\/p>\n<p style=\"text-align: justify;\">Er z\u00e4hlt zu den erfolgreichsten Jungschauspielern in Deutschland. Es vergeht kein Jahr, in dem der Schauspieler nicht mindestens einen neuen Kinofilm am Start hat. Nun kann man den geb\u00fcrtigen Krefelder neben Jeremy Irons in der Netflix-Produktion &#8222;M\u00fcnchen &#8211; Im Angesicht des Krieges&#8220; sehen. Das k\u00f6nnte sein internationaler Durchbruch sein. Schon als Elfj\u00e4hriger stand er im &#8222;Tatort&#8220; vor der Kamera und stellte sich als 16j\u00e4hriger an der Berliner Ernst-Busch-Schauspielschule vor. Er wurde abgelehnt &#8211; zu jung! So hat er zun\u00e4chst das Abitur gemacht, war dann aber nicht mehr aufzuhalten&#8230;<\/p>\n<p>&nbsp;<\/p>\n<p>&nbsp;<\/p>\n<p>&nbsp;<\/p>\n<p style=\"text-align: justify;\"><strong>Nahid Ehsani<\/strong><\/p>\n<p>&nbsp;<\/p>\n<p style=\"text-align: justify;\">Sie war zehn Jahre alt, als ihre Mutter beschloss, die Heimat Afghanistan mit ihr und ihrem kleinen Bruder zu verlassen. Der Vater war verschleppt worden, die Familie nicht mehr sicher. Heute, elf Jahre sp\u00e4ter, haben die Ehsanis im Ruhrgebiet ein neues Zuhause gefunden. Nahid macht eine Ausbildung zur Hebamme. Mit gro\u00dfer Sorge blickt die Familie nicht erst seit dem Truppenabzug vor sechs Monaten in Richtung Afghanistan. Deshalb versucht Nahid Ehsani immer wieder auf die Situation in dem 5000 Kilometer entfernten Land am Hindukusch aufmerksam zu machen &#8211; ungeachtet aller Drohungen, auch von den eigenen Landsleuten.<\/p>\n<p>&nbsp;<\/p>\n<p>&nbsp;<\/p>\n<p>&nbsp;<\/p>\n<p style=\"text-align: justify;\"><strong>Simon Heu\u00dfen<\/strong><\/p>\n<p>&nbsp;<\/p>\n<p style=\"text-align: justify;\">Seit 2017 ist Branddirektor Simon Heu\u00dfen als Leiter der Berufsfeuerwehr Bochum im Einsatz und hat in seiner Karriere schon einige Extremsituationen erlebt. Aber er wei\u00df auch von vielen allt\u00e4glichen, ber\u00fchrenden und teilweise skurrilen Situationen bei Eins\u00e4tzen zu berichten. In der WDR-Dokureihe &#8222;Feuer &amp; Flamme&#8220; wird die komplexe und teilweise gef\u00e4hrliche Arbeit von Bochumer Feuerwehrleuten aus ihrer eigenen Perspektive erz\u00e4hlt. Simon Heu\u00dfen ist stolz auf die Sendung und seine Kollegen. &#8222;Wir zeigen die Realit\u00e4t so, wie sie ist.&#8220; Heu\u00dfen begann seine Karriere als 12-j\u00e4hriger bei der Jugendfeuerwehr in Altenbochum und findet, das Wesen des Berufs habe sich bei allen Ver\u00e4nderungen nie gewandelt: &#8222;Noch immer geht es darum, Leben zu retten und Gefahren zu bannen.&#8220;<\/p>\n<p>&nbsp;<\/p>\n<p>&nbsp;<\/p>\n<p>&nbsp;<\/p>\n<p style=\"text-align: justify;\"><strong>Marie-Agnes Strack-Zimmermann<\/strong><\/p>\n<p>&nbsp;<\/p>\n<p style=\"text-align: justify;\">Sie geh\u00f6rt zu den charismatischsten Politiker:innen unsers Landes. Selbst parteiferne W\u00e4hler:innen attestieren der FDP-Politikerin, die seit 2021 Vorsitzende des Verteidigungsausschusses des Deutschen Bundestages ist, eine direkte und authentische Art. Keine Selbstverst\u00e4ndlichkeit in der politischen Landschaft. Wir erfahren von der geb\u00fcrtigen D\u00fcsseldorferin, was sie pr\u00e4gte &#8211; und was sie bis heute antreibt. Dabei wird sie vielleicht auch verraten, in welchem Bereich es wichtiger ist, aufs Gas zu dr\u00fccken: In der Politik oder auf dem Motorrad!<\/p>\n<p>&nbsp;<\/p>\n<figure id=\"attachment_173074\" aria-describedby=\"caption-attachment-173074\" style=\"width: 800px\" class=\"wp-caption alignnone\"><img decoding=\"async\" loading=\"lazy\" class=\"size-large wp-image-173074\" src=\"https:\/\/smago.de\/ws2\/wp-content\/uploads\/2021\/10\/1_Koelner_Treff_PW4421-800x528.jpg\" alt=\"\" width=\"800\" height=\"528\" srcset=\"https:\/\/smago.de\/ws2\/wp-content\/uploads\/2021\/10\/1_Koelner_Treff_PW4421-800x528.jpg 800w, https:\/\/smago.de\/ws2\/wp-content\/uploads\/2021\/10\/1_Koelner_Treff_PW4421-522x345.jpg 522w, https:\/\/smago.de\/ws2\/wp-content\/uploads\/2021\/10\/1_Koelner_Treff_PW4421-227x150.jpg 227w, https:\/\/smago.de\/ws2\/wp-content\/uploads\/2021\/10\/1_Koelner_Treff_PW4421-768x507.jpg 768w, https:\/\/smago.de\/ws2\/wp-content\/uploads\/2021\/10\/1_Koelner_Treff_PW4421-1536x1014.jpg 1536w, https:\/\/smago.de\/ws2\/wp-content\/uploads\/2021\/10\/1_Koelner_Treff_PW4421-2048x1352.jpg 2048w, https:\/\/smago.de\/ws2\/wp-content\/uploads\/2021\/10\/1_Koelner_Treff_PW4421-392x259.jpg 392w, https:\/\/smago.de\/ws2\/wp-content\/uploads\/2021\/10\/1_Koelner_Treff_PW4421-130x86.jpg 130w, https:\/\/smago.de\/ws2\/wp-content\/uploads\/2021\/10\/1_Koelner_Treff_PW4421-674x445.jpg 674w, https:\/\/smago.de\/ws2\/wp-content\/uploads\/2021\/10\/1_Koelner_Treff_PW4421-791x522.jpg 791w, https:\/\/smago.de\/ws2\/wp-content\/uploads\/2021\/10\/1_Koelner_Treff_PW4421-288x190.jpg 288w, https:\/\/smago.de\/ws2\/wp-content\/uploads\/2021\/10\/1_Koelner_Treff_PW4421-435x287.jpg 435w, https:\/\/smago.de\/ws2\/wp-content\/uploads\/2021\/10\/1_Koelner_Treff_PW4421-150x100.jpg 150w\" sizes=\"(max-width: 800px) 100vw, 800px\" \/><figcaption id=\"caption-attachment-173074\" class=\"wp-caption-text\"><em>\u00a9 WDR \/ Melanie Grande<\/em><\/figcaption><\/figure>\n","protected":false},"excerpt":{"rendered":"<p>WDR Fernsehen, 22:00 Uhr &#8211; 23:30 Uhr (1. Wh. in der Nacht auf 29.01., 00:00 Uhr &#8211; 01:30 Uhr; 2.<\/p>\n","protected":false},"author":2,"featured_media":173074,"comment_status":"open","ping_status":"closed","sticky":false,"template":"","format":"standard","meta":{"_FSMCFIC_featured_image_caption":"","_FSMCFIC_featured_image_nocaption":"","_FSMCFIC_featured_image_hide":""},"categories":[29,128],"tags":[129],"acf":[],"_links":{"self":[{"href":"https:\/\/smago.de\/ws2\/wp-json\/wp\/v2\/posts\/178219"}],"collection":[{"href":"https:\/\/smago.de\/ws2\/wp-json\/wp\/v2\/posts"}],"about":[{"href":"https:\/\/smago.de\/ws2\/wp-json\/wp\/v2\/types\/post"}],"author":[{"embeddable":true,"href":"https:\/\/smago.de\/ws2\/wp-json\/wp\/v2\/users\/2"}],"replies":[{"embeddable":true,"href":"https:\/\/smago.de\/ws2\/wp-json\/wp\/v2\/comments?post=178219"}],"version-history":[{"count":2,"href":"https:\/\/smago.de\/ws2\/wp-json\/wp\/v2\/posts\/178219\/revisions"}],"predecessor-version":[{"id":178221,"href":"https:\/\/smago.de\/ws2\/wp-json\/wp\/v2\/posts\/178219\/revisions\/178221"}],"wp:featuredmedia":[{"embeddable":true,"href":"https:\/\/smago.de\/ws2\/wp-json\/wp\/v2\/media\/173074"}],"wp:attachment":[{"href":"https:\/\/smago.de\/ws2\/wp-json\/wp\/v2\/media?parent=178219"}],"wp:term":[{"taxonomy":"category","embeddable":true,"href":"https:\/\/smago.de\/ws2\/wp-json\/wp\/v2\/categories?post=178219"},{"taxonomy":"post_tag","embeddable":true,"href":"https:\/\/smago.de\/ws2\/wp-json\/wp\/v2\/tags?post=178219"}],"curies":[{"name":"wp","href":"https:\/\/api.w.org\/{rel}","templated":true}]}}