{"id":178182,"date":"2022-01-27T14:28:23","date_gmt":"2022-01-27T13:28:23","guid":{"rendered":"https:\/\/smago.de\/ws2\/?p=178182"},"modified":"2022-01-27T14:40:27","modified_gmt":"2022-01-27T13:40:27","slug":"rene-deutscher-am-28-01-2022-erscheint-sein-brandneuer-song-du-und-ich","status":"publish","type":"post","link":"https:\/\/smago.de\/ws2\/uncategorized\/rene-deutscher-am-28-01-2022-erscheint-sein-brandneuer-song-du-und-ich\/","title":{"rendered":"RENE DEUTSCHER <br>Am 28.01.2022 erscheint sein brandneuer Song &#8222;Du und ich&#8220;!"},"content":{"rendered":"<p><strong><span style=\"color: #ff0000;\">ACHTUNG:<\/span><\/strong> Hierbei handelt es sich wohlgemerkt NICHT um eine Cover-Version des Titels &#8222;Du und ich&#8220; seines 2006 verstorbenen Vaters Drafi (Deutscher) aus dem Jahre 1971!<br \/>\n<!--more--><\/p>\n<p>&nbsp;<\/p>\n<p>&nbsp;<\/p>\n<p>&nbsp;<\/p>\n<p style=\"text-align: justify;\">\u00dcber ein Jahr ist es nun her, dass REN\u00c9 DEUTSCHER seinen letzten deutschsprachigen Song ver\u00f6ffentlichte.<\/p>\n<p style=\"text-align: justify;\">Das neue Jahr ist\u00a0noch frisch und da wird es auch wieder Zeit f\u00fcr etwas Neues. \u201eDu und ich\u201c ist der brandaktuelle Song von Ren\u00e9 Deutscher.<\/p>\n<p style=\"text-align: justify;\">Pop\u2010Rock vom Feinsten und &#8218;Mitklatsch\u2010Beat&#8216; im Stil von Queen&#8217;s &#8222;We Will Rock Youoder auch voXXclubs&#8220;Rock mi&#8220;.<\/p>\n<p style=\"text-align: justify;\">Textlich handelt der Song von zwei Menschen, die gegen die Akzeptanz ihres Umfeldes dem Gegenwind trotzen. Authentisch\u00a0und ehrlich \u2013 wie es sich f\u00fcr &#8222;das Haus Deutscher&#8220; geh\u00f6rt.<\/p>\n<p style=\"text-align: justify;\">Die Produktion ist eine Mischung aus &#8218;Moderne trifft Retro&#8216;, ganz im Stil der aktuellen Musiklandschaft. So werden aktuelle\u00a0Keyboard-Sounds von brettharten Gitarren getragen. Aber auch die Akustikgitarren mit ihren silbrigen Kl\u00e4ngen verleihen dem\u00a0Sound-Bild die harmonische Atmosph\u00e4re. Dazu fordert das &#8218;Basement&#8216; seine Aufmerksamkeit durch den pr\u00e4senten Beat,\u00a0komplettiert durch den harten &#8218;Alok&#8217;\u2010Bass (Brazilian Bass).<\/p>\n<p style=\"text-align: justify;\">\u201eDu und ich\u201c \u2013 erh\u00e4ltlich ab dem 28. Januar 2022.<\/p>\n<p>&nbsp;<\/p>\n<p style=\"text-align: justify;\"><strong><span style=\"color: #ff0000;\">ACHTUNG:<\/span><\/strong> Hierbei handelt es sich wohlgemerkt NICHT um eine Cover-Version des Titels &#8222;Du und ich&#8220; seines 2006 verstorbenen Vaters Drafi (Deutscher) aus dem Jahre 1971!<\/p>\n<p style=\"text-align: justify;\">Bereits im Vorfeld der Song-Ver\u00f6ffentlichung &#8222;Du und ich&#8220; hatte Ren\u00e9 Deutscher klargestellt, dass es sich um einen &#8222;eigenen Song&#8220; handelt.<\/p>\n<p>&nbsp;<\/p>\n<p>&nbsp;<\/p>\n<p>&nbsp;<\/p>\n<p><strong>Credits:<\/strong><\/p>\n<p>&nbsp;<\/p>\n<p>&nbsp;<\/p>\n<p><strong>Label:<\/strong> RED EMU<\/p>\n<p><strong>Musik:<\/strong> Ren\u00e9 Deutscher<\/p>\n<p><strong>Text:<\/strong> Ren\u00e9 Deutscher<\/p>\n<p><strong>Verlag:<\/strong> Copy Control<\/p>\n<p><strong>Produzent:<\/strong> Ren\u00e9\u2002 Deutscher<\/p>\n<p><strong>Mastering:<\/strong> Dieter Wegner<\/p>\n<p><strong>V\u00d6-Termin:<\/strong> 28.01.2022<\/p>\n<p>&nbsp;<\/p>\n<p>&nbsp;<\/p>\n<p><img decoding=\"async\" loading=\"lazy\" class=\"alignnone size-full wp-image-178183\" src=\"https:\/\/smago.de\/ws2\/wp-content\/uploads\/2022\/01\/drafi_duundich.jpg\" alt=\"\" width=\"597\" height=\"600\" srcset=\"https:\/\/smago.de\/ws2\/wp-content\/uploads\/2022\/01\/drafi_duundich.jpg 597w, https:\/\/smago.de\/ws2\/wp-content\/uploads\/2022\/01\/drafi_duundich-519x522.jpg 519w, https:\/\/smago.de\/ws2\/wp-content\/uploads\/2022\/01\/drafi_duundich-149x150.jpg 149w, https:\/\/smago.de\/ws2\/wp-content\/uploads\/2022\/01\/drafi_duundich-271x272.jpg 271w, https:\/\/smago.de\/ws2\/wp-content\/uploads\/2022\/01\/drafi_duundich-130x130.jpg 130w, https:\/\/smago.de\/ws2\/wp-content\/uploads\/2022\/01\/drafi_duundich-443x445.jpg 443w, https:\/\/smago.de\/ws2\/wp-content\/uploads\/2022\/01\/drafi_duundich-189x190.jpg 189w, https:\/\/smago.de\/ws2\/wp-content\/uploads\/2022\/01\/drafi_duundich-289x290.jpg 289w\" sizes=\"(max-width: 597px) 100vw, 597px\" \/><\/p>\n","protected":false},"excerpt":{"rendered":"<p>ACHTUNG: Hierbei handelt es sich wohlgemerkt NICHT um eine Cover-Version des Titels &#8222;Du und ich&#8220; seines 2006 verstorbenen Vaters Drafi<\/p>\n","protected":false},"author":2,"featured_media":178187,"comment_status":"open","ping_status":"closed","sticky":false,"template":"","format":"standard","meta":{"_FSMCFIC_featured_image_caption":"","_FSMCFIC_featured_image_nocaption":"","_FSMCFIC_featured_image_hide":""},"categories":[1],"tags":[841,78],"acf":[],"_links":{"self":[{"href":"https:\/\/smago.de\/ws2\/wp-json\/wp\/v2\/posts\/178182"}],"collection":[{"href":"https:\/\/smago.de\/ws2\/wp-json\/wp\/v2\/posts"}],"about":[{"href":"https:\/\/smago.de\/ws2\/wp-json\/wp\/v2\/types\/post"}],"author":[{"embeddable":true,"href":"https:\/\/smago.de\/ws2\/wp-json\/wp\/v2\/users\/2"}],"replies":[{"embeddable":true,"href":"https:\/\/smago.de\/ws2\/wp-json\/wp\/v2\/comments?post=178182"}],"version-history":[{"count":4,"href":"https:\/\/smago.de\/ws2\/wp-json\/wp\/v2\/posts\/178182\/revisions"}],"predecessor-version":[{"id":178188,"href":"https:\/\/smago.de\/ws2\/wp-json\/wp\/v2\/posts\/178182\/revisions\/178188"}],"wp:featuredmedia":[{"embeddable":true,"href":"https:\/\/smago.de\/ws2\/wp-json\/wp\/v2\/media\/178187"}],"wp:attachment":[{"href":"https:\/\/smago.de\/ws2\/wp-json\/wp\/v2\/media?parent=178182"}],"wp:term":[{"taxonomy":"category","embeddable":true,"href":"https:\/\/smago.de\/ws2\/wp-json\/wp\/v2\/categories?post=178182"},{"taxonomy":"post_tag","embeddable":true,"href":"https:\/\/smago.de\/ws2\/wp-json\/wp\/v2\/tags?post=178182"}],"curies":[{"name":"wp","href":"https:\/\/api.w.org\/{rel}","templated":true}]}}