{"id":178029,"date":"2022-02-03T00:00:53","date_gmt":"2022-02-02T23:00:53","guid":{"rendered":"https:\/\/smago.de\/ws2\/?p=178029"},"modified":"2022-02-04T00:02:45","modified_gmt":"2022-02-03T23:02:45","slug":"cantz-iv","status":"publish","type":"post","link":"https:\/\/smago.de\/ws2\/nonsens\/cantz-iv\/","title":{"rendered":"GUIDO CANTZ <br>&#8222;Jetzt kommen wir zur\u00fcck!&#8220;"},"content":{"rendered":"<p>Guido Cantz im Interview zum Neu-Start von &#8222;7 Tage, 7 K\u00f6pfe&#8220;!<br \/>\n<!--more--><\/p>\n<p>&nbsp;<\/p>\n<p>&nbsp;<\/p>\n<div id=\"rubrik_3\" class=\"contentblock\" style=\"text-align: justify;\">\n<div class=\"text\">\n<p><strong>Eine \u00c4ra kehrt zur\u00fcck: &#8222;7 Tage, 7 K\u00f6pfe&#8220; und Sie sind dabei. Machen Sie uns ein bisschen neugierig \u2013 was erwartet das Publikum?<br \/>\n<\/strong><br \/>\n&#8222;Es ist jetzt 17 Jahre her, dass &#8218;7 Tage, 7 K\u00f6pfe&#8216; vom RTL-Schirm verschwunden ist. Jetzt kommen wir zur\u00fcck. Vieles ist neu, doch der Name hat sich nicht ver\u00e4ndert. Neu sind das Logo, das Design, das Studio. Es gibt neue Comedians, einen neuen Moderator und auch neue Gags. Aber das Prinzip wird das Gleiche sein: Da sitzen sieben lustige Leute, die die letzte Woche humorig aufbereiten und die Zuschauer sollen sich Zuhause zur\u00fccklehnen und einfach nur Spa\u00df haben.&#8220;<\/p>\n<p><strong>Sie sind doch inzwischen auch schon ein &#8222;alter Show-Hase&#8220;. Ist f\u00fcr Sie die R\u00fcckkehr einer solchen Kult-Show immer noch was Besonderes? Schl\u00e4gt das Herz da schneller?<\/strong><\/p>\n<p>&#8222;Auf jeden Fall! Als ich gefragt wurde, ob ich Lust h\u00e4tte &#8218;7 Tage, 7 K\u00f6pfe&#8216; zu moderieren, habe ich nur gesagt: &#8218;Ja! Was muss ich machen? Wo muss ich hin?&#8216; Das ist eine Sendung, die mir sehr am Herzen liegt. Ich war selbst damals nie mit dabei \u2013 umso mehr ist es jetzt f\u00fcr mich eine gro\u00dfe Herausforderung. Nachdem ich zw\u00f6lf Jahre &#8218;Verstehen Sie Spa\u00df?&#8216; moderiert habe, wollte ich gerne eine wochenaktuelle Comedy Show moderieren und dass das jetzt dieses Format ist, ist ein gro\u00dfes Gl\u00fcck f\u00fcr mich und eine Riesenfreude.&#8220;<\/p>\n<p><strong>Mit &#8222;Verstehen Sie Spa\u00df?&#8220; hatten Sie damals auch schon eine Kult-Show \u00fcbernommen. Sind Sie f\u00fcr die Neuauflage von &#8222;7 Tage, 7 K\u00f6pfe&#8220; der Richtige?<\/strong><\/p>\n<p>&#8222;Im Moment scheint es so, dass ich nach der einen Kultsendung die n\u00e4chste \u00fcbernehmen darf. Ich werde mir mit Sicherheit noch den ein oder anderen Tipp von Jochen Busse holen \u2013 wie ich das auch bei Kurt Felix gemacht habe. Ich hoffe, dass ich die Erwartungen genauso gut erf\u00fcllen kann wie bei dem anderen Klassiker \u2013 das w\u00e4re nat\u00fcrlich das Ziel. Au\u00dferdem glaube ich, dass gerade in der heutigen Zeit, in der viele Menschen unzufrieden sind, Sendungen gefragt sind, bei denen man einfach mal herzhaft lachen und vielleicht f\u00fcr eine Stunde den Kopf ausschalten kann.&#8220;<\/p>\n<p><strong>Viele ehemalige Fernsehshows feiern aktuell ihr Comeback. Was halten Sie von dem Trend?<\/strong><\/p>\n<p>&#8222;Die Retrowelle l\u00e4uft wieder und viele Sendungen kommen zur\u00fcck. Ja, was spricht dagegen? Wenn die Idee gut ist, dann halten sich Formate sehr lange oder werden auch wieder erfolgreich sein, wenn sie zur\u00fcckkommen. Ich glaube, die Idee von &#8218;7 Tage, 7 K\u00f6pfe&#8216; ist einfach, da kann man jedem in zwei S\u00e4tzen erkl\u00e4ren, was da passiert. Man konzentriert sich auf gute Gags, denn da sitzen eben sieben Leute nur an einem Tisch und haben zusammen Spa\u00df. Wenn dann die Mischung aus Spontanit\u00e4t und Gags, die man sich vorher \u00fcberlegt hat, passt und stimmt, kann die Show auch im Jahre 2022 wieder genauso erfolgreich sein wie Anfang damals.&#8220;<\/p>\n<p><strong>&#8222;7 Tage, 7 K\u00f6pfe&#8220; ist ein witziger Wochenr\u00fcckblick. Ist das Konzept identisch?<\/strong><\/p>\n<p>&#8222;Wir sind in der Neuzeit angekommen, das ist ja klar. Fr\u00fcher wurden noch Zeitungen hochgehalten, wie Rudi Carrell das gerne gemacht hat. Heute gibt es Twitter und das Internet \u2013 das gab\u2019s damals alles nicht. Nat\u00fcrlich werden wir diese Sachen miteinbeziehen und es k\u00f6nnte auch sein, dass wir vielleicht auch mal einen Einspieler zeigen, die es fr\u00fcher bei &#8218;7 Tage, 7 K\u00f6pfe&#8216;, nicht gab. Das ist alles m\u00f6glich, aber im Endeffekt ist es so wie &#8218;7 Tage, 7 K\u00f6pfe&#8216; damals war: Dass sieben gute Komikerinnen und Komiker zusammensitzen und Spa\u00df haben. Genau das, was wir jetzt auch wieder machen wollen.&#8220;<\/p>\n<p><strong>Was reizt Sie an der Moderation vom neuen &#8222;7 Tage, 7 K\u00f6pfe&#8220;?<\/strong><\/p>\n<p>&#8222;Ich moderiere schon immer gerne. Wenn man mich fragen w\u00fcrde, was eigentlich mein Berufstitel sei, dann w\u00fcrde ich fast zu dem franz\u00f6sischen Begriff &#8218;Conf\u00e9rencier&#8216; tendieren, weil das jemand ist, der unterhaltsam durch einen Abend f\u00fchrt. Ich glaube, das ist eine Sache, die ich ganz gut kann. Ich hoffe schon, dass ich mehr die M\u00f6glichkeit habe, Gags unterzubringen als das vielleicht Jochen Busse damals gemacht hat. Jochen, so habe ich das in Erinnerung, war eher derjenige, der den Laden zusammengehalten hat und Themen angesto\u00dfen hat. Ich m\u00f6chte mich aber auch zu den ganzen Themen \u00e4u\u00dfern und auch meine Spr\u00fcche loswerden. Ich werde trotzdem versuchen, als Dompteur, muss man fast sagen, die anderen sechs bei dem lustigen Klassentreffen zu leiten. Das Ordnende muss sein, aber ruhig selber dem Affen ein bisschen Zucker geben, das ist schon mein Ziel.&#8220;<\/p>\n<p><strong>Also am Ende, werden Sie es nicht lassen k\u00f6nnen und ordentlich mit den anderen mitmischen?<\/strong><\/p>\n<p>&#8222;Ich glaube, dass das vom Publikum sowie von meinen Kolleginnen und Kollegen erwartet wird. Ich mische mit, ja. Aber wenn ich dann sage: &#8218;Schluss, n\u00e4chstes Thema&#8216;, dann m\u00fcssen die anderen die Hacken zusammenschlagen und sagen: &#8218;Ok, hat der blonde Onkel gesagt. Jetzt machen wir weiter.'&#8220;<\/p>\n<p><strong>Jeder hat seinen eigenen Stil. Werden Sie sich Stilvorlagen von Jochen Busse abgucken? Wie gro\u00df sind die Schuhe, in die Sie schl\u00fcpfen?<\/strong><\/p>\n<p>&#8222;Jochen Busse ist ein Mann, der sehr viel im Humorbereich geleistet hat \u2013 damals zum Beispiel mit der &#8218;M\u00fcnchner Lach- und Schie\u00dfgesellschaft&#8216;. Das sind Leute, die ich als Kind und junger Mann schon im Fernsehen gesehen habe. Davor habe ich immer gro\u00dfen Respekt. Ich w\u00fcrde mich jetzt nicht auf eine Ebene mit ihnen stellen, um Gottes Willen. Man kann immer fragen: &#8218;Wie hast du das damals gemacht?&#8216; und kann sich auch immer etwas abschauen. Nichtsdestotrotz bin ich mittlerweile 50 Jahre alt, habe seit 30 Jahren auch Erfahrung vor der Kamera und auf der B\u00fchne gemacht, und glaube auch zu wissen, wie ich meine Rolle anlehne.&#8220;<\/p>\n<\/div>\n<\/div>\n<div id=\"rubrik_4\" class=\"contentblock\" style=\"text-align: justify;\"><\/div>\n","protected":false},"excerpt":{"rendered":"<p>Guido Cantz im Interview zum Neu-Start von &#8222;7 Tage, 7 K\u00f6pfe&#8220;!<\/p>\n","protected":false},"author":2,"featured_media":178026,"comment_status":"open","ping_status":"closed","sticky":false,"template":"","format":"standard","meta":{"_FSMCFIC_featured_image_caption":"","_FSMCFIC_featured_image_nocaption":"","_FSMCFIC_featured_image_hide":""},"categories":[23,128],"tags":[492],"acf":[],"_links":{"self":[{"href":"https:\/\/smago.de\/ws2\/wp-json\/wp\/v2\/posts\/178029"}],"collection":[{"href":"https:\/\/smago.de\/ws2\/wp-json\/wp\/v2\/posts"}],"about":[{"href":"https:\/\/smago.de\/ws2\/wp-json\/wp\/v2\/types\/post"}],"author":[{"embeddable":true,"href":"https:\/\/smago.de\/ws2\/wp-json\/wp\/v2\/users\/2"}],"replies":[{"embeddable":true,"href":"https:\/\/smago.de\/ws2\/wp-json\/wp\/v2\/comments?post=178029"}],"version-history":[{"count":4,"href":"https:\/\/smago.de\/ws2\/wp-json\/wp\/v2\/posts\/178029\/revisions"}],"predecessor-version":[{"id":178527,"href":"https:\/\/smago.de\/ws2\/wp-json\/wp\/v2\/posts\/178029\/revisions\/178527"}],"wp:featuredmedia":[{"embeddable":true,"href":"https:\/\/smago.de\/ws2\/wp-json\/wp\/v2\/media\/178026"}],"wp:attachment":[{"href":"https:\/\/smago.de\/ws2\/wp-json\/wp\/v2\/media?parent=178029"}],"wp:term":[{"taxonomy":"category","embeddable":true,"href":"https:\/\/smago.de\/ws2\/wp-json\/wp\/v2\/categories?post=178029"},{"taxonomy":"post_tag","embeddable":true,"href":"https:\/\/smago.de\/ws2\/wp-json\/wp\/v2\/tags?post=178029"}],"curies":[{"name":"wp","href":"https:\/\/api.w.org\/{rel}","templated":true}]}}