{"id":177876,"date":"2022-01-20T23:59:36","date_gmt":"2022-01-20T22:59:36","guid":{"rendered":"https:\/\/smago.de\/ws2\/?p=177876"},"modified":"2022-01-20T23:20:28","modified_gmt":"2022-01-20T22:20:28","slug":"robert-kreis-u-a-fr-21-01-2022-in-der-ndr-talk-show-zu-gast","status":"publish","type":"post","link":"https:\/\/smago.de\/ws2\/schlager\/robert-kreis-u-a-fr-21-01-2022-in-der-ndr-talk-show-zu-gast\/","title":{"rendered":"ROBERT KREIS u.a. <br>Fr. (21.01.2022) in der &#8222;NDR Talk Show&#8220; zu Gast!"},"content":{"rendered":"<p>NDR fernsehen + hr fernsehen, 22:00 Uhr &#8211; 00:10 Uhr! Moderation:\u00a0<span class=\"title columns\"><span class=\"subtitle\">Barbara Sch\u00f6neberger und Hubertus Meyer-Burckhardt<\/span><\/span><span class=\"labels columns\"><span class=\"tip-label hasThumbImage mr10\" title=\"TV-Tipp!\">!<br \/>\n<!--more--><\/span><\/span><\/p>\n<div id=\"7vz7d6-accordion\" class=\"accordion-content\" role=\"tabpanel\" data-tab-content=\"\" aria-labelledby=\"7vz7d6-accordion-label\" aria-hidden=\"false\">\n<div class=\"event-detail\">\n<div class=\"detail-top row collapse \">\n<div class=\"row collapse\">\n<div class=\"left-list-col columns\"><\/div>\n<\/div>\n<\/div>\n<\/div>\n<p>&nbsp;<\/p>\n<div class=\"event-detail\">\n<p style=\"text-align: justify;\"><strong>G\u00e4ste:<\/strong><\/p>\n<p>&nbsp;<\/p>\n<ul style=\"text-align: justify;\">\n<li>Robert Kreis, Entertainer<\/li>\n<li>David Friedrich, Poetry Slammer<\/li>\n<li>Ulrich Wickert, Journalist<\/li>\n<li>Maximilian Br\u00fcckner, Schauspieler<\/li>\n<li>Julia-Niharika Sen, Journalistin und Moderatorin<\/li>\n<li>Larissa Marolt, Schauspielerin und Model<\/li>\n<\/ul>\n<\/div>\n<\/div>\n<p>&nbsp;<\/p>\n<p>&nbsp;<\/p>\n<p>&nbsp;<\/p>\n<p style=\"text-align: justify;\"><strong>Robert Kreis, Entertainer<\/strong><\/p>\n<p style=\"text-align: justify;\">\nDer Entertainer Robert Kreis war einer der ersten K\u00fcnstler, der Musik und Kultur der 1920er- und 1930er-Jahre Jahrzehnte sp\u00e4ter wieder auf die B\u00fchne brachte. Mit Menjoub\u00e4rtchen, Pomade im Haar und stilechtem Frack tritt er immer noch auf und rezitiert und singt Frivoles, Am\u00fcsantes und Ernstes aus jener Zeit. Denn der Niederl\u00e4nder, der seit 2008 in Berlin lebt, hat eine Mission: Er will das j\u00fcdische Kulturgut, das Lebensgef\u00fchl und den Humor der Weimarer Zeit in die heutige Zeit retten und bewahren. Neue am\u00fcsante Anekdoten aus seiner eigenen Lebensgeschichte und musikalische\u00a0Kabinettst\u00fccke pr\u00e4sentiert der 72-J\u00e4hrige in seinem Programm &#8222;Unkraut vergeht nicht&#8220; und in der &#8222;NDR Talk Show&#8220;<\/p>\n<p>&nbsp;<\/p>\n<p>&nbsp;<\/p>\n<p>&nbsp;<\/p>\n<p>&nbsp;<\/p>\n<p style=\"text-align: justify;\"><strong>David Friedrich, Poetry-Slammer<\/strong><\/p>\n<p style=\"text-align: justify;\">\nDer Wahlhamburger David Friedrich ist offizieller Champion des deutschsprachigen Poetry-Slams: Bei den internationalen deutschsprachigen Meisterschaften (GIPS: German International Poetry Slam) in N\u00fcrnberg \u00fcberzeugte der 30-j\u00e4hrige Studierende mit seinen Texten. Bis zum Showdown in N\u00fcrnberg war David Friedrich, der in M\u00fcnchen geboren wurde aber bereits seit zehn Jahren in der Slam-Hauptstadt Hamburg sein akzentfreies Hochdeutsch k\u00fcnstlerisch auslebt, bekannt f\u00fcr meist humorvolle und sprachverliebte Texte. In seinem Gewinnertext w\u00e4hlte er ein sehr pers\u00f6nliches Thema, er beschreibt darin seinen Kampf mit seinen eigenen Depressionen. &#8222;Reparatur&#8220; hat er den Poetry-Slam-Text genannt, den er auch in der &#8222;NDR Talk Show&#8220; pr\u00e4sentieren wird.<\/p>\n<p>&nbsp;<\/p>\n<p>&nbsp;<\/p>\n<p>&nbsp;<\/p>\n<p>&nbsp;<\/p>\n<p style=\"text-align: justify;\"><strong>Ulrich Wickert, Journalist<\/strong><\/p>\n<p style=\"text-align: justify;\">\nWie er die Spaltung der Gesellschaft angesichts der Coronaverbote erlebt, dar\u00fcber spricht der Journalist Ulrich Wickert in der &#8222;NDR Talk Show&#8220;. Sein Buchklassiker &#8222;Der Ehrliche ist der Dumme&#8220; \u00fcber den gesellschaftlichen Werteverlust erschien schon 1994 und ist heute aktueller denn je. 15 Jahre lang hat Ulrich Wickert als Moderator der Nachrichtensendung tagesthemen in Das Erste Millionen Menschen &#8222;einen angenehmen Abend und eine geruhsame Nacht&#8220; gew\u00fcnscht. Nach wie vor gilt der 79-J\u00e4hrige, der mit seiner Familie in Hamburg lebt, als moralische Instanz.<\/p>\n<p>&nbsp;<\/p>\n<p>&nbsp;<\/p>\n<p>&nbsp;<\/p>\n<p>&nbsp;<\/p>\n<p style=\"text-align: justify;\"><strong>Maximilian Br\u00fcckner, Schauspieler<\/strong><\/p>\n<p style=\"text-align: justify;\">\nEr war bereits mit 27 Jahren &#8222;Tatort&#8220;-Kommissar, hat mit Steven Spielberg gearbeitet und viele Theater- und Fernsehpreise abger\u00e4umt \u2013 trotzdem f\u00fchlt sich Schauspieler Maximilian Br\u00fcckner auf dem heimischen Bauernhof wohler als auf dem roten Teppich. Der Bayer hat gemeinsam mit einigen seiner sieben Geschwister eine alte M\u00fchle renoviert und ein Mehrgenerationenhaus gebaut. Was er am Landleben genie\u00dft, warum er Tuba spielen gelernt hat und gern auf Friedh\u00f6fe geht, wenn er fremde St\u00e4dte besucht \u2013 all das verr\u00e4t der 43-j\u00e4hrige Familienvater in der &#8222;NDR Talk Show&#8220;.<\/p>\n<p>&nbsp;<\/p>\n<p>&nbsp;<\/p>\n<p>&nbsp;<\/p>\n<p>&nbsp;<\/p>\n<p style=\"text-align: justify;\"><strong>Julia-Niharika Sen, Journalistin und Moderatorin<\/strong><\/p>\n<p style=\"text-align: justify;\">\nSeit 2021 ist Julia-Niharika Sen die neue &#8222;Miss Tagesschau&#8220;. Ihren ersten Auftritt am 11. Januar letzten Jahres als festes Mitglied des Moderationsteams der ARD-Hauptnachrichtensendung verfolgten 15 Millionen Zuschauer*innen \u2013 ein Spitzenwert bei den Einschaltquoten. Ihr Gesicht ist dadurch noch bekannter als zuvor, aber damit lie\u00dfe es sich trotzdem ganz gut leben, sagt sie. Die h\u00e4ufigste Frage ist: Na, heute keinen Dienst? Im Hamburger Lokalfernsehen ist die Moderatorin schon lange eines der beliebtesten TV-Gesichter, sie moderiert u. a. das &#8222;Hamburg Journal&#8220; und &#8222;NDR Info&#8220;. Die geb\u00fcrtige Kielerin studierte in Hamburg Anglistik und Romanistik und engagiert sich beruflich wie privat &#8211; so berichtete sie als Filmemacherin viel aus dem Ausland, zum Beispiel \u00fcber Kinderarbeit in Indien.<\/p>\n<p>&nbsp;<\/p>\n<p>&nbsp;<\/p>\n<p>&nbsp;<\/p>\n<p>&nbsp;<\/p>\n<p style=\"text-align: justify;\"><strong>Larissa Marolt, Schauspielerin und Model<\/strong><\/p>\n<p style=\"text-align: justify;\">\nSchauspielerin und Model Larissa Marolt stammt aus einer Hotelierfamilie und wuchs am Klopeiner See in K\u00e4rnten auf. Bekannt wurde die \u00d6sterreicherin in Deutschland 2009 durch ihre Teilnahme an der Castingshow &#8222;Germany`s Next Topmodel&#8220;. 2014 nahm sie an den Shows &#8222;Ich bin ein Star \u2013 Holt mich hier raus!&#8220; und &#8222;Let`s Dance&#8220; teil. Als Schauspielerin spielte sie unter anderem in der ARD Telenovela &#8222;Sturm der Liebe&#8220; 2017 eine Hauptrol<\/p>\n<p style=\"text-align: justify;\">le als \u00c4rztin Alicia Lindberg und stand 2019 bei den Karl-May-Festspielen auf der Freilichtb\u00fchne in Bad Segeberg. Jetzt unterh\u00e4lt die 29-J\u00e4hrige in der RTL-Serie &#8222;Unter uns&#8220; die Zuschauer*innen in einer Gastrolle als Fiona J\u00e4ger mit ihren intriganten Machenschaften. In der &#8222;NDR Talk Show&#8220; erz\u00e4hlt Larissa Marolt \u00fcber ihre To-do-Listen f\u00fcr 2022 und welche Rollen sie besonders reizen w\u00fcrden.<\/p>\n<p>&nbsp;<\/p>\n<p>&nbsp;<\/p>\n<figure id=\"attachment_175105\" aria-describedby=\"caption-attachment-175105\" style=\"width: 800px\" class=\"wp-caption alignnone\"><img decoding=\"async\" loading=\"lazy\" class=\"size-large wp-image-175105\" src=\"https:\/\/smago.de\/ws2\/wp-content\/uploads\/2021\/11\/4_NDR_Talk_Show_2016-800x534.jpg\" alt=\"\" width=\"800\" height=\"534\" srcset=\"https:\/\/smago.de\/ws2\/wp-content\/uploads\/2021\/11\/4_NDR_Talk_Show_2016-800x534.jpg 800w, https:\/\/smago.de\/ws2\/wp-content\/uploads\/2021\/11\/4_NDR_Talk_Show_2016-522x348.jpg 522w, https:\/\/smago.de\/ws2\/wp-content\/uploads\/2021\/11\/4_NDR_Talk_Show_2016-225x150.jpg 225w, https:\/\/smago.de\/ws2\/wp-content\/uploads\/2021\/11\/4_NDR_Talk_Show_2016-768x512.jpg 768w, https:\/\/smago.de\/ws2\/wp-content\/uploads\/2021\/11\/4_NDR_Talk_Show_2016-1536x1024.jpg 1536w, https:\/\/smago.de\/ws2\/wp-content\/uploads\/2021\/11\/4_NDR_Talk_Show_2016-2048x1366.jpg 2048w, https:\/\/smago.de\/ws2\/wp-content\/uploads\/2021\/11\/4_NDR_Talk_Show_2016-392x261.jpg 392w, https:\/\/smago.de\/ws2\/wp-content\/uploads\/2021\/11\/4_NDR_Talk_Show_2016-130x87.jpg 130w, https:\/\/smago.de\/ws2\/wp-content\/uploads\/2021\/11\/4_NDR_Talk_Show_2016-667x445.jpg 667w, https:\/\/smago.de\/ws2\/wp-content\/uploads\/2021\/11\/4_NDR_Talk_Show_2016-783x522.jpg 783w, https:\/\/smago.de\/ws2\/wp-content\/uploads\/2021\/11\/4_NDR_Talk_Show_2016-285x190.jpg 285w, https:\/\/smago.de\/ws2\/wp-content\/uploads\/2021\/11\/4_NDR_Talk_Show_2016-435x290.jpg 435w, https:\/\/smago.de\/ws2\/wp-content\/uploads\/2021\/11\/4_NDR_Talk_Show_2016-150x100.jpg 150w, https:\/\/smago.de\/ws2\/wp-content\/uploads\/2021\/11\/4_NDR_Talk_Show_2016-370x247.jpg 370w\" sizes=\"(max-width: 800px) 100vw, 800px\" \/><figcaption id=\"caption-attachment-175105\" class=\"wp-caption-text\"><em>Barbara Sch\u00f6neberger und Hubertus Meyer-Burckhardt sind die Gastgeber der NDR TALK SHOW aus Hamburg<\/em><\/p>\n<p><em>\u00a9 NDR \/ Uwe Ernst<\/em><\/figcaption><\/figure>\n","protected":false},"excerpt":{"rendered":"<p>NDR fernsehen + hr fernsehen, 22:00 Uhr &#8211; 00:10 Uhr! Moderation:\u00a0Barbara Sch\u00f6neberger und Hubertus Meyer-Burckhardt!<\/p>\n","protected":false},"author":2,"featured_media":175105,"comment_status":"open","ping_status":"closed","sticky":false,"template":"","format":"standard","meta":{"_FSMCFIC_featured_image_caption":"","_FSMCFIC_featured_image_nocaption":"","_FSMCFIC_featured_image_hide":""},"categories":[29,128],"tags":[254],"acf":[],"_links":{"self":[{"href":"https:\/\/smago.de\/ws2\/wp-json\/wp\/v2\/posts\/177876"}],"collection":[{"href":"https:\/\/smago.de\/ws2\/wp-json\/wp\/v2\/posts"}],"about":[{"href":"https:\/\/smago.de\/ws2\/wp-json\/wp\/v2\/types\/post"}],"author":[{"embeddable":true,"href":"https:\/\/smago.de\/ws2\/wp-json\/wp\/v2\/users\/2"}],"replies":[{"embeddable":true,"href":"https:\/\/smago.de\/ws2\/wp-json\/wp\/v2\/comments?post=177876"}],"version-history":[{"count":2,"href":"https:\/\/smago.de\/ws2\/wp-json\/wp\/v2\/posts\/177876\/revisions"}],"predecessor-version":[{"id":177878,"href":"https:\/\/smago.de\/ws2\/wp-json\/wp\/v2\/posts\/177876\/revisions\/177878"}],"wp:featuredmedia":[{"embeddable":true,"href":"https:\/\/smago.de\/ws2\/wp-json\/wp\/v2\/media\/175105"}],"wp:attachment":[{"href":"https:\/\/smago.de\/ws2\/wp-json\/wp\/v2\/media?parent=177876"}],"wp:term":[{"taxonomy":"category","embeddable":true,"href":"https:\/\/smago.de\/ws2\/wp-json\/wp\/v2\/categories?post=177876"},{"taxonomy":"post_tag","embeddable":true,"href":"https:\/\/smago.de\/ws2\/wp-json\/wp\/v2\/tags?post=177876"}],"curies":[{"name":"wp","href":"https:\/\/api.w.org\/{rel}","templated":true}]}}