{"id":177868,"date":"2022-01-21T00:00:41","date_gmt":"2022-01-20T23:00:41","guid":{"rendered":"https:\/\/smago.de\/ws2\/?p=177868"},"modified":"2022-01-20T23:11:58","modified_gmt":"2022-01-20T22:11:58","slug":"vicky-leandros-matthias-reim-u-a-heute-21-01-2022-in-der-talk-show-riverboat-leipzig-zu-gast","status":"publish","type":"post","link":"https:\/\/smago.de\/ws2\/pop-schlager\/vicky-leandros-matthias-reim-u-a-heute-21-01-2022-in-der-talk-show-riverboat-leipzig-zu-gast\/","title":{"rendered":"VICKY LEANDROS, MATTHIAS REIM u.a. <br>Heute (21.01.2022) in der Talk-Show &#8222;Riverboat Leipzig&#8220; zu Gast!"},"content":{"rendered":"<p style=\"text-align: justify;\">MDR FERNSEHEN + rbb Fernsehen, 22:00 Uhr &#8211; 00:10 Uhr! Moderation: Kim Fisher und J\u00f6rg Kachelmann!<br \/>\n<!--more--><\/p>\n<p>&nbsp;<\/p>\n<p>&nbsp;<\/p>\n<p>&nbsp;<\/p>\n<p style=\"text-align: justify;\"><strong>G\u00e4ste:<\/strong><\/p>\n<p>&nbsp;<\/p>\n<p>&nbsp;<\/p>\n<ul style=\"text-align: justify;\">\n<li>Dr. med. Carsten Lekutat, Arzt und MDR-Moderator &#8222;Hauptsache Gesund&#8220;<\/li>\n<li>Ralf Schmitz, Comedy-Star<\/li>\n<li>Mark Keller &amp; Aaron Keller, Schauspieler &amp; Musiker und Papa &amp; Sohn<\/li>\n<li>Walter Plathe, Volksschauspieler<\/li>\n<li>Matthias Reim, S\u00e4nger<\/li>\n<li>Vicky Leandros, Schlagerikone<\/li>\n<li>Mariella Ahrens, Schauspielerin<\/li>\n<li>G\u00fcnter Stoof, Polar- und Expeditionstechniker<\/li>\n<\/ul>\n<p>&nbsp;<\/p>\n<p>&nbsp;<\/p>\n<p>&nbsp;<\/p>\n<p>&nbsp;<\/p>\n<p style=\"text-align: justify;\"><strong>Dr. med. Carsten Lekutat, Arzt und MOR-Moderator &#8222;Hauptsache Gesund&#8220;<\/strong><\/p>\n<p>&nbsp;<\/p>\n<p>&nbsp;<\/p>\n<p style=\"text-align: justify;\">Warum werden manche Menschen schon beim Anblick von Schokolade dick &#8211; und andere konnen wiederum essen, was sie wollen? Ab wann sind ein paar Pfunde einfach zu viel und eben nicht einfach nur Polsterchen, Bierb\u00e4uchen und Babyspeck? Wie kann man gesund abnehmen und das Gewicht halten? Diese und viele andere Fragen rund um das Thema Abnehmen und \u00dcbergewicht beantwortet MDR-Hauptsache-Gesund-Moderator, Dr. med. Carsten Lekutat in seinem neuen Buch. ,&#8220;Schlank f\u00fcr Faule&#8220; ist mehr als nur ein medizinischer Ratgeber auf seine gewohnt unterhaltsame Art und Weise, teilt Lekutat mit seinen Lesern eigene ganz pers\u00f6nliche Erfahrung mit dem Abspecken. Vor gut zehn Jahren hatte der Berliner Hausarzt und Sportmediziner mehr als 20 Kilogramm zu viel auf den Rippen. Das Fazit des 50-J\u00e4hrigen: ,&#8220;Das Leben ist zu kurz, um sich mit nutzlosen Di\u00e4ten zu qu\u00e4len&#8220;.<\/p>\n<p>&nbsp;<\/p>\n<p>&nbsp;<\/p>\n<p>&nbsp;<\/p>\n<p>&nbsp;<\/p>\n<p style=\"text-align: justify;\"><strong>Ralf Schmitz, Comedy-Star<\/strong><\/p>\n<p>&nbsp;<\/p>\n<p>&nbsp;<\/p>\n<p style=\"text-align: justify;\">Er sagt: ,&#8220;Auf der B\u00fchne stehen ist fur mich wie Urlaub!&#8220;\u00a0Und da ist es doch naheliegend, dass das quirlige Improvisations- und Comedy-Talent seinen Fans ,&#8220;Schmitzefrei&#8220; verordnet und in seinem neuen Programm die sch\u00f6nsten Tage im Jahr unter die Lupe nimmt. Bekannt geworden ist Ralf Schmitz mit Sendungen wie &#8222;SchillerstraBe&#8220; oder ,&#8220;Die dreisten Drei&#8220; und naturlich als hyperaktiver Sunny in Ottos Kultfilm ,&#8220;7 Zwerge &#8211; Manner allein im Wald&#8220;. Doch nicht nur auf der B\u00fchne oder der Leinwand macht er eine gute Figur. In seiner neuen Kuppel-Show ,&#8220;Voll verschossen&#8220; zeigt er, dass er lustigster Amor des Landes ist.<\/p>\n<p>&nbsp;<\/p>\n<p>&nbsp;<\/p>\n<p>&nbsp;<\/p>\n<p>&nbsp;<\/p>\n<p>&nbsp;<\/p>\n<p style=\"text-align: justify;\"><strong>Mark Keller &amp; Aaron Keller, Schauspieler &amp; Musiker und Papa &amp; Sohn<\/strong><\/p>\n<p>&nbsp;<\/p>\n<p>&nbsp;<\/p>\n<p style=\"text-align: justify;\">Rudi Carrell entdeckte ihn in seiner Show, danach wurde er erst umschw\u00e4rmter Serien\u00ad Lover in &#8222;Sterne des Sudens&#8220; dann knallharter Action-Star in &#8222;Alarm fur Cobra 11 &#8222;. Ein Verm\u00f6gen steckte Mark Keller in seinen ersten Kinofilm &#8222;I Love You, Baby&#8220; und st\u00fcrzte in ein Schulden-Loch. F\u00fcr den heute 56-J\u00e4hrigen war das Gluck im Ungl\u00fcck, denn so hatte er damals mehr Zeit f\u00fcr seine beiden S\u00f6hne Aaron und Joshua. Das Band zwischen Vater und Sohnen besteht bis heute. Gerade machten die drei als ,&#8220;Los Kelleros&#8220; in den sozialen Netzwerken Furore mit ihren launigen Tanz- und Gesangseinlagen. ,&#8220;Meine Jungs und ich sind st\u00e4ndig zusammen. Wir sind ein eingeschwei\u00dftes Team&#8220;, so der stolze Schauspieler-Vater. Mark Keller wurde 1965 in \u00dcberlingen geboren und wuchs bei seiner Gro\u00dfmutter auf, nachdem seine Mutter starb, als er gerade einmal sechs Monate alt war. Der Traum seiner Mutter, Schauspielerin zu werden, wurde <em>sein<\/em> Traum. Nach Hauptschulabschluss und einer KFZ-Mechaniker-Ausbildung hielt er an seinen Tr\u00e4umen fest, studierte drei Semester an der Schauspielschule in Freiburg, bis Rudi Carrell sein Talent entdeckte und f\u00f6rderte. Neben zahlreichen anderen TV-Produktionen ist der beliebte Fernsehstar seit 2007 in der ZDF-Erfolgsserie ,&#8220;Der Bergdoktor&#8220;, an der Seite von Hans Sigl, zu sehen. Mark Kellers Sohn Aaron tritt nun in seine Fu\u00dfstapfen, will als Musiker ebenfalls ins Rampenlicht. Im vergangenen Jahr ver\u00f6ffentlichte er seine erste Single. Sie hei\u00dft &#8222;Tr\u00e4ume&#8220;.<\/p>\n<p>&nbsp;<\/p>\n<p>&nbsp;<\/p>\n<p>&nbsp;<\/p>\n<p>&nbsp;<\/p>\n<p style=\"text-align: justify;\"><strong>Walter Plathe, Volksschauspieler<\/strong><\/p>\n<p>&nbsp;<\/p>\n<p>&nbsp;<\/p>\n<p style=\"text-align: justify;\">Er gilt als einer der letzten &#8222;Volksschauspieler&#8220;. Mit ber\u00fchmten Figuren wie Schweijk, Zille oder Getz von Berlichingen, die er nach wie vor lebensm\u00e4chtig auf die B\u00fchne bringt, hat er sich bereits mehrere Theater-Denkmaler gesetzt. 1950 in Berlin geboren, studierte er an der Staatlichen Schauspielschule der DDR-Hauptstadt. Seine Rollen in der &#8222;M\u00e4rkischen Chronik&#8220; und in &#8222;Treffpunkt Flughafen&#8220; machten ihn popul\u00e4r. Bundesweit wurde er ber\u00fchmt mit der Hauptrolle des Dr. Teschner in der ZDF-Fernsehserie &#8222;Der Landarzt&#8220;, die er 17 Jahre und 181 Folgen lang verk\u00f6rperte. Bis 2020 war er auch in der Serie &#8222;Familie Dr. Kleist&#8220; zu sehen. Sein Leben ist reich an Geschichten und Anekdoten, die er in seiner Autobiografie &#8222;lch habe nichts ausgelassen&#8220; aufgeschrieben hat.<\/p>\n<p>&nbsp;<\/p>\n<p>&nbsp;<\/p>\n<p>&nbsp;<\/p>\n<p>&nbsp;<\/p>\n<p style=\"text-align: justify;\"><strong>Matthias Reim, S\u00e4nger<\/strong><\/p>\n<p>&nbsp;<\/p>\n<p>&nbsp;<\/p>\n<p style=\"text-align: justify;\">&#8222;Verdammt, ich lieb&#8216; dich&#8220;, gestand der S\u00e4nger Matthias Reim 2012 seiner damaligen Freundin Christin Stark. Acht Jahre sp\u00e4ter f\u00fchrte er sie 2020 heimlich zum Traualtar. Nun wird die Liebe in wenigen Wochen mit einem Kind gekr\u00f6nt. Fur Reim die vierte Ehe und der siebente Nachwuchs. Doch seine Gef\u00fchle zu S\u00e4ngerin Christin sagen ihm, dass er nun endlich angekommen ist. Wie auch in seiner Musik. Ob Pop, Rock oder Schlager, f\u00fcr den 64-J\u00e4hrigen gab es im Leben nie eine andere Option, als Musik machen zu wollen. 1990 wurde er \u00fcber Nacht mit dem Lied &#8222;Verdammt, ich lieb&#8216; dich&#8220; ber\u00fchmt. Die Single wurde weltweit 2,5 Millionen Mal verkauft und stand insgesamt 16 Wochen lang auf Platz 1 der deutschen Musikcharts. Doch fast ware er ein One-Hit-Wonder geworden, denn danach st\u00fcrzte seine Karriere tief ab. Keiner wollte ihn mehr h\u00f6ren oder sehen. Das verdiente Geld verlor er durch einen windigen Berater, private und gesundheitliche Probleme holten ihn auf den Boden der Tatsachen zur\u00fcck. lnzwischen ist er wieder eine feste Gr\u00f6\u00dfe in der Musikwelt . Die Schulden sind beglichen, das private Gl\u00fcck geordnet. Sein n\u00e4chstes Ziel steht auch fest: &#8222;lch will 100 werden und immer weiter Musik machen&#8220;.<\/p>\n<p>&nbsp;<\/p>\n<p>&nbsp;<\/p>\n<p>&nbsp;<\/p>\n<p>&nbsp;<\/p>\n<p style=\"text-align: justify;\"><strong>Vicky Leandros, Schlagerikone<\/strong><\/p>\n<p>&nbsp;<\/p>\n<p>&nbsp;<\/p>\n<p style=\"text-align: justify;\">Schon als Kind wollte sie nur eines: Singen! Gegen den Widerstand ihres ber\u00fchmten Vaters, dem Komponisten, Musiker und Produzenten Leo Leandros, setzte Vicky ihre Ambitionen durch. Zurn Gluck! Zu ihrer einmaligen Stimme kam die Akribie in der v\u00e4terlichen Gesangsausbildung. Schon im Teenageralter liegt der Grand Prix-Gewinnerin von 1972 die Welt zu F\u00fc\u00dfen. W\u00e4hrend die geb\u00fcrtige Griechin, die in Hamburg aufgewachsen ist, mehr als 400 Alben herausbringt, 67 Millionen Tontr\u00e4ger verkauft und eine Weltkarriere hinlegt, ahnt keiner etwas von ihrer zweiten Leidenschaft: Sie liebt das Kochen und sie liebt es, ihre Familie und ihre Freunde um sich zu haben, am Tisch gemeinsam zu lachen, zu singen und manchmal auch zu weinen. Das ist f\u00fcr sie der Kern des Lebens. Nun hat sie zusammen mit ihren Kindern Sandra und Leo von Ruffin ihr erstes Kochbuch ver\u00f6ffentlicht: ,&#8220;Ein Hoch auf das Leben. Meine K\u00fcche fur Familie und Freunde&#8220; und gew\u00e4hrt damit einen Blick in ihr Herz und ihre K\u00fcche.<\/p>\n<p>&nbsp;<\/p>\n<p>&nbsp;<\/p>\n<figure id=\"attachment_173071\" aria-describedby=\"caption-attachment-173071\" style=\"width: 800px\" class=\"wp-caption alignnone\"><img decoding=\"async\" loading=\"lazy\" class=\"size-large wp-image-173071\" src=\"https:\/\/smago.de\/ws2\/wp-content\/uploads\/2021\/10\/1_Riverboat_Fisher_Kachelmann_2018-800x528.jpg\" alt=\"\" width=\"800\" height=\"528\" srcset=\"https:\/\/smago.de\/ws2\/wp-content\/uploads\/2021\/10\/1_Riverboat_Fisher_Kachelmann_2018-800x528.jpg 800w, https:\/\/smago.de\/ws2\/wp-content\/uploads\/2021\/10\/1_Riverboat_Fisher_Kachelmann_2018-522x345.jpg 522w, https:\/\/smago.de\/ws2\/wp-content\/uploads\/2021\/10\/1_Riverboat_Fisher_Kachelmann_2018-227x150.jpg 227w, https:\/\/smago.de\/ws2\/wp-content\/uploads\/2021\/10\/1_Riverboat_Fisher_Kachelmann_2018-768x507.jpg 768w, https:\/\/smago.de\/ws2\/wp-content\/uploads\/2021\/10\/1_Riverboat_Fisher_Kachelmann_2018-1536x1014.jpg 1536w, https:\/\/smago.de\/ws2\/wp-content\/uploads\/2021\/10\/1_Riverboat_Fisher_Kachelmann_2018-2048x1352.jpg 2048w, https:\/\/smago.de\/ws2\/wp-content\/uploads\/2021\/10\/1_Riverboat_Fisher_Kachelmann_2018-392x259.jpg 392w, https:\/\/smago.de\/ws2\/wp-content\/uploads\/2021\/10\/1_Riverboat_Fisher_Kachelmann_2018-130x86.jpg 130w, https:\/\/smago.de\/ws2\/wp-content\/uploads\/2021\/10\/1_Riverboat_Fisher_Kachelmann_2018-674x445.jpg 674w, https:\/\/smago.de\/ws2\/wp-content\/uploads\/2021\/10\/1_Riverboat_Fisher_Kachelmann_2018-791x522.jpg 791w, https:\/\/smago.de\/ws2\/wp-content\/uploads\/2021\/10\/1_Riverboat_Fisher_Kachelmann_2018-288x190.jpg 288w, https:\/\/smago.de\/ws2\/wp-content\/uploads\/2021\/10\/1_Riverboat_Fisher_Kachelmann_2018-435x287.jpg 435w, https:\/\/smago.de\/ws2\/wp-content\/uploads\/2021\/10\/1_Riverboat_Fisher_Kachelmann_2018-150x100.jpg 150w\" sizes=\"(max-width: 800px) 100vw, 800px\" \/><figcaption id=\"caption-attachment-173071\" class=\"wp-caption-text\"><em>\u00a9 MDR \/ Kirsten Nijhof<\/em><\/figcaption><\/figure>\n","protected":false},"excerpt":{"rendered":"<p>MDR FERNSEHEN + rbb Fernsehen, 22:00 Uhr &#8211; 00:10 Uhr! Moderation: Kim Fisher und J\u00f6rg Kachelmann!<\/p>\n","protected":false},"author":2,"featured_media":124721,"comment_status":"open","ping_status":"closed","sticky":false,"template":"","format":"standard","meta":{"_FSMCFIC_featured_image_caption":"","_FSMCFIC_featured_image_nocaption":"","_FSMCFIC_featured_image_hide":""},"categories":[28,29,128],"tags":[131],"acf":[],"_links":{"self":[{"href":"https:\/\/smago.de\/ws2\/wp-json\/wp\/v2\/posts\/177868"}],"collection":[{"href":"https:\/\/smago.de\/ws2\/wp-json\/wp\/v2\/posts"}],"about":[{"href":"https:\/\/smago.de\/ws2\/wp-json\/wp\/v2\/types\/post"}],"author":[{"embeddable":true,"href":"https:\/\/smago.de\/ws2\/wp-json\/wp\/v2\/users\/2"}],"replies":[{"embeddable":true,"href":"https:\/\/smago.de\/ws2\/wp-json\/wp\/v2\/comments?post=177868"}],"version-history":[{"count":4,"href":"https:\/\/smago.de\/ws2\/wp-json\/wp\/v2\/posts\/177868\/revisions"}],"predecessor-version":[{"id":177872,"href":"https:\/\/smago.de\/ws2\/wp-json\/wp\/v2\/posts\/177868\/revisions\/177872"}],"wp:featuredmedia":[{"embeddable":true,"href":"https:\/\/smago.de\/ws2\/wp-json\/wp\/v2\/media\/124721"}],"wp:attachment":[{"href":"https:\/\/smago.de\/ws2\/wp-json\/wp\/v2\/media?parent=177868"}],"wp:term":[{"taxonomy":"category","embeddable":true,"href":"https:\/\/smago.de\/ws2\/wp-json\/wp\/v2\/categories?post=177868"},{"taxonomy":"post_tag","embeddable":true,"href":"https:\/\/smago.de\/ws2\/wp-json\/wp\/v2\/tags?post=177868"}],"curies":[{"name":"wp","href":"https:\/\/api.w.org\/{rel}","templated":true}]}}