{"id":177754,"date":"2022-01-19T00:00:15","date_gmt":"2022-01-18T23:00:15","guid":{"rendered":"https:\/\/smago.de\/ws2\/?p=177754"},"modified":"2022-01-18T22:21:52","modified_gmt":"2022-01-18T21:21:52","slug":"klaus-von-radspitz-der-song-geliebte-welt-booster-fuer-die-seele","status":"publish","type":"post","link":"https:\/\/smago.de\/ws2\/liedermacher\/klaus-von-radspitz-der-song-geliebte-welt-booster-fuer-die-seele\/","title":{"rendered":"KLAUS VON RADSPITZ <br>Der Song \u201eGeliebte Welt\u2019\u2019 &#8211; Booster f\u00fcr die Seele!"},"content":{"rendered":"<p>Seine Message: Die Welt ist sch\u00f6n, im Kleinen wie im Gro\u00dfen!<br \/>\n<!--more--><\/p>\n<p style=\"text-align: justify;\">\n<p style=\"text-align: justify;\">\n<p style=\"text-align: justify;\">Mit dem neuen Song GELIEBTE WELT gelingt es <strong>KLAUS VON RADSPITZ\u00a0<\/strong>alias <strong>Klaus Pfreundner<\/strong>, den Blick auf die Sch\u00f6nheit und Einzigartigkeit unserer geliebten Welt zu lenken.<\/p>\n<p style=\"text-align: justify;\">Seine Message: Die Welt ist sch\u00f6n, im Kleinen wie im Gro\u00dfen.<\/p>\n<p style=\"text-align: justify;\">Von Kindesbeinen an lebt Klaus von Radspitz sein Leben mit und durch die Musik. Geboren 1966 inOberfranken, begann er mit 4 Jahren das Klavierspielen, die ersten Kompositionen entstanden bereits imAlter von 8 Jahren.<\/p>\n<p style=\"text-align: justify;\">Ab 13 stand er dann mit seiner Band \u201eRadspitz Express\u201c erstmals auf der B\u00fchne, machte sp\u00e4ter seinHobby zum Beruf und studierte Musik.<\/p>\n<p style=\"text-align: justify;\">Als Bandleader der mehrfach ausgezeichneten Partyrockband RADSPITZ begeistert er sein Publikum seitvier Jahrzehnten in unz\u00e4hligen Live-Konzerten und Tourneen.<\/p>\n<p style=\"text-align: justify;\">Auf vielen CDs der Band sind immer wieder Titel aus seiner Feder zu h\u00f6ren, wie\u00a0zum Beispiel \u201eDer Isl\u00e4nder\u201c (2016).<\/p>\n<p style=\"text-align: justify;\">Auch andere K\u00fcnstler wissen um die Songwriter-Qualit\u00e4ten von Klaus von Radspitz und lassen sich ihre Hits von ihm schreiben, so zum Beispiel \u00a0die Troglauer, Uli Scherbel oder der Fernando Express. Seit 2021 pr\u00e4sentiert sich Klaus von Radspitz nun auch als Solok\u00fcnstler.<\/p>\n<p style=\"text-align: justify;\">Seine erste Produktion \u201eAbgespeckt\u201c und nun ganz aktuell \u201eGeliebte Welt\u201c.<\/p>\n<p style=\"text-align: justify;\">Entstanden ist die Idee f\u00fcr das Lied im Fr\u00fchjahr 2021, als es nach dem ersten, kr\u00e4ftezehrenden Pandemie-Winter zu einer Art \u201eErwachen\u201c kam. Wie die Natur im Fr\u00fchjahr wieder erbl\u00fcht, zeichnete sich auch f\u00fcr uns Menschen am Horizont die Hoffnung ab, dass wir das Schlimmste \u00fcberstanden h\u00e4tten.<\/p>\n<p style=\"text-align: justify;\">Mit dem Musikverlag Geiger bzw. dem Label BG-Ton in Kronach fand Klaus von Radspitz einen Partner, der dasPotential des Musikst\u00fcckes sofort erkannte und man entschloss sich, den Song gemeinsam zu produzieren. Zusammen mit einem Video wollte man den Titel im Fr\u00fchjahr 2022 ver\u00f6ffentlichen. Man fand f\u00fcr den professionellen Dreh mit dem Team von Folx-TV eine atemberaubende Location in Slowenien.<\/p>\n<p style=\"text-align: justify;\">Die Entscheidung, den Song nun doch fr\u00fcher als geplant zu ver\u00f6ffentlichen ist u.a. dem Umstand geschuldet, dass den leider wiederkehrenden Sorgen und \u00c4ngsten in unserer Gesellschaft etwas entgegengesetzt werden muss: und sei es nur ein Lied.<\/p>\n<p style=\"text-align: justify;\">Die Menschen brauchen jetzt Hoffnung und Zuversicht.<\/p>\n<p style=\"text-align: justify;\">Klaus von Radspitz versteht es gekonnt in einfachen Worten seinen pers\u00f6nlichen Blick auf die Welt zum Ausdruckzu bringen und emotionsstark zu transportieren. Er ist ein schonungsloser Optimist und m\u00f6chte mit seinem Liedden Menschen \u2013 zumindest f\u00fcr einen kurzen Moment \u2013 ein L\u00e4cheln ins Gesicht zaubern.<\/p>\n<p style=\"text-align: justify;\">Der Titel ist ab sofort auf allen Download- und Streaming Portalen erh\u00e4ltlich. Das wundersch\u00f6neVideo k\u00f6nnen Sie auf YouTube oder auf Folx-TV anschauen.<\/p>\n<p style=\"text-align: justify;\">\n<p style=\"text-align: justify;\">\n<p style=\"text-align: justify;\">\n<p><iframe loading=\"lazy\" src=\"\/\/www.youtube.com\/embed\/2hBpXsewnIs\" width=\"800\" height=\"449\" allowfullscreen=\"allowfullscreen\"><\/iframe><\/p>\n<p>&nbsp;<\/p>\n<p>&nbsp;<\/p>\n<p>&nbsp;<\/p>\n<p><img decoding=\"async\" loading=\"lazy\" class=\"alignnone size-large wp-image-177756\" src=\"https:\/\/smago.de\/ws2\/wp-content\/uploads\/2022\/01\/03-Pressefoto-2-800x515.jpg\" alt=\"\" width=\"800\" height=\"515\" srcset=\"https:\/\/smago.de\/ws2\/wp-content\/uploads\/2022\/01\/03-Pressefoto-2-800x515.jpg 800w, https:\/\/smago.de\/ws2\/wp-content\/uploads\/2022\/01\/03-Pressefoto-2-522x336.jpg 522w, https:\/\/smago.de\/ws2\/wp-content\/uploads\/2022\/01\/03-Pressefoto-2-233x150.jpg 233w, https:\/\/smago.de\/ws2\/wp-content\/uploads\/2022\/01\/03-Pressefoto-2-768x495.jpg 768w, https:\/\/smago.de\/ws2\/wp-content\/uploads\/2022\/01\/03-Pressefoto-2-1536x989.jpg 1536w, https:\/\/smago.de\/ws2\/wp-content\/uploads\/2022\/01\/03-Pressefoto-2-2048x1319.jpg 2048w, https:\/\/smago.de\/ws2\/wp-content\/uploads\/2022\/01\/03-Pressefoto-2-392x252.jpg 392w, https:\/\/smago.de\/ws2\/wp-content\/uploads\/2022\/01\/03-Pressefoto-2-130x84.jpg 130w, https:\/\/smago.de\/ws2\/wp-content\/uploads\/2022\/01\/03-Pressefoto-2-691x445.jpg 691w, https:\/\/smago.de\/ws2\/wp-content\/uploads\/2022\/01\/03-Pressefoto-2-811x522.jpg 811w, https:\/\/smago.de\/ws2\/wp-content\/uploads\/2022\/01\/03-Pressefoto-2-292x188.jpg 292w, https:\/\/smago.de\/ws2\/wp-content\/uploads\/2022\/01\/03-Pressefoto-2-435x280.jpg 435w\" sizes=\"(max-width: 800px) 100vw, 800px\" \/><\/p>\n","protected":false},"excerpt":{"rendered":"<p>Seine Message: Die Welt ist sch\u00f6n, im Kleinen wie im Gro\u00dfen!<\/p>\n","protected":false},"author":2,"featured_media":177755,"comment_status":"open","ping_status":"closed","sticky":false,"template":"","format":"standard","meta":{"_FSMCFIC_featured_image_caption":"","_FSMCFIC_featured_image_nocaption":"","_FSMCFIC_featured_image_hide":""},"categories":[21],"tags":[2379],"acf":[],"_links":{"self":[{"href":"https:\/\/smago.de\/ws2\/wp-json\/wp\/v2\/posts\/177754"}],"collection":[{"href":"https:\/\/smago.de\/ws2\/wp-json\/wp\/v2\/posts"}],"about":[{"href":"https:\/\/smago.de\/ws2\/wp-json\/wp\/v2\/types\/post"}],"author":[{"embeddable":true,"href":"https:\/\/smago.de\/ws2\/wp-json\/wp\/v2\/users\/2"}],"replies":[{"embeddable":true,"href":"https:\/\/smago.de\/ws2\/wp-json\/wp\/v2\/comments?post=177754"}],"version-history":[{"count":1,"href":"https:\/\/smago.de\/ws2\/wp-json\/wp\/v2\/posts\/177754\/revisions"}],"predecessor-version":[{"id":177757,"href":"https:\/\/smago.de\/ws2\/wp-json\/wp\/v2\/posts\/177754\/revisions\/177757"}],"wp:featuredmedia":[{"embeddable":true,"href":"https:\/\/smago.de\/ws2\/wp-json\/wp\/v2\/media\/177755"}],"wp:attachment":[{"href":"https:\/\/smago.de\/ws2\/wp-json\/wp\/v2\/media?parent=177754"}],"wp:term":[{"taxonomy":"category","embeddable":true,"href":"https:\/\/smago.de\/ws2\/wp-json\/wp\/v2\/categories?post=177754"},{"taxonomy":"post_tag","embeddable":true,"href":"https:\/\/smago.de\/ws2\/wp-json\/wp\/v2\/tags?post=177754"}],"curies":[{"name":"wp","href":"https:\/\/api.w.org\/{rel}","templated":true}]}}