{"id":177686,"date":"2022-01-17T00:00:05","date_gmt":"2022-01-16T23:00:05","guid":{"rendered":"https:\/\/smago.de\/ws2\/?p=177686"},"modified":"2022-01-16T17:22:03","modified_gmt":"2022-01-16T16:22:03","slug":"goldene-sonne","status":"publish","type":"post","link":"https:\/\/smago.de\/ws2\/schlager\/goldene-sonne\/","title":{"rendered":"&#8222;GOLDENE SONNE&#8220; <br>Am 02.07.2022: &#8222;Goldene Sonne spezial &#8211; 40 Jahre Privatfernsehen&#8220;!"},"content":{"rendered":"<p style=\"text-align: justify;\">40 Jahre Privatfernsehen = 40 Preistr\u00e4ger im Rahmen der &#8222;Goldenen Sonne &#8211; Spezial&#8220; &#8211; sonnenklar.TV macht (wie immer!) keine halben Sachen &#8230;:<br \/>\n<!--more--><\/p>\n<p>&nbsp;<\/p>\n<p>&nbsp;<\/p>\n<p style=\"text-align: justify;\">Gro\u00dfe Vorfreude bei sonnenklar.TV-Gesch\u00e4ftsf\u00fchrer Andreas Lambeck, der gerade frisch aus seinem Sylt-Urlaub zur\u00fcckgekehrt ist (Lesen Sie hierzu bitte gleich sein bewegendes Fazit!):<\/p>\n<p style=\"text-align: justify;\"><em>&#8222;Demn\u00e4chst bei <a class=\"oajrlxb2 g5ia77u1 qu0x051f esr5mh6w e9989ue4 r7d6kgcz rq0escxv nhd2j8a9 nc684nl6 p7hjln8o kvgmc6g5 cxmmr5t8 oygrvhab hcukyx3x jb3vyjys rz4wbd8a qt6c0cv9 a8nywdso i1ao9s8h esuyzwwr f1sip0of lzcic4wl gpro0wi8 q66pz984 b1v8xokw\" tabindex=\"0\" role=\"link\" href=\"https:\/\/www.facebook.com\/sonnenklar.TV\/?__cft__[0]=AZUzCDDXAHmRGUWZPIy4th16jL9Boo3D29fRa2KO61awXJZCE0ccZCDbhd6wE87wLOFyXMT65SPE6xkcB9oMR9Vi83IEGVEouKSD-i1HEGWPXuJnFI9MUZNppqEznH79I7aWyj3LZltAeWubv2KgNe7wjhFulElq1A7GDCRnjJi2TZlveyoo-OurYhbhumKEPmI&amp;__tn__=kK-R\"><span class=\"nc684nl6\">sonnenklar.TV<\/span><\/a>! 40 Jahre Privatfernsehen = 40 Preistr\u00e4ger im Rahmen der &#8222;Goldenen Sonne &#8211; Spezial&#8220;!<\/em><\/p>\n<p style=\"text-align: justify;\"><em>Live im TV &#8211; am Samstag, den 2. Juli 2022 aus dem GOP Variet\u00e9 in Essen! <\/em><\/p>\n<p style=\"text-align: justify;\"><em>Mit vielen Ehreng\u00e4sten wie abgebildet, weitere Zusagen werden in den n\u00e4chsten Wochen folgen! <\/em><\/p>\n<p style=\"text-align: justify;\"><em>Regie: <a class=\"oajrlxb2 g5ia77u1 qu0x051f esr5mh6w e9989ue4 r7d6kgcz rq0escxv nhd2j8a9 nc684nl6 p7hjln8o kvgmc6g5 cxmmr5t8 oygrvhab hcukyx3x jb3vyjys rz4wbd8a qt6c0cv9 a8nywdso i1ao9s8h esuyzwwr f1sip0of lzcic4wl gpro0wi8 q66pz984 b1v8xokw\" tabindex=\"0\" role=\"link\" href=\"https:\/\/www.facebook.com\/holm.dressler?__cft__[0]=AZUzCDDXAHmRGUWZPIy4th16jL9Boo3D29fRa2KO61awXJZCE0ccZCDbhd6wE87wLOFyXMT65SPE6xkcB9oMR9Vi83IEGVEouKSD-i1HEGWPXuJnFI9MUZNppqEznH79I7aWyj3LZltAeWubv2KgNe7wjhFulElq1A7GDCRnjJi2TZlveyoo-OurYhbhumKEPmI&amp;__tn__=-]K-R\"><span class=\"nc684nl6\">Holm Dressler<\/span><\/a>.&#8220;<\/em><\/p>\n<p>&nbsp;<\/p>\n<p>&nbsp;<\/p>\n<p>&nbsp;<\/p>\n<p style=\"text-align: justify;\">Und &#8211; Andreas Lambeck h\u00e4lt einmal mehr ein mutiges Pl\u00e4doyer zum Thema &#8222;Reisen in Corona-Zeiten&#8220; &#8230;:<\/p>\n<p style=\"text-align: justify;\">\n<p style=\"text-align: justify;\">&#8222;Eine Woche Sylt ist vorbei. Fazit: Urlaub &amp; Reisen geht; lasst euch bitte keine Angst machen, habt Respekt vor Corona, aber bitte keine Angst. Angst ist der schlechteste Ratgeber. Reisen und andere Menschen kennenlernen ist einer der sch\u00f6nsten Dinge auf dieser Welt. Reisen macht gl\u00fccklich. Nur wenn wir viele sch\u00f6ne Momente sammeln, werden wir am Ende unseres Lebens gl\u00fccklich und zufrieden sein. Diese Momente und die vielen gl\u00fccklichen Augenblicke mit anderen Menschen auf dieser Welt tragen zu unserer inneren Zufriedenheit bis ins hohe Alter bei. Und bestimmt nicht ein Sparbuch oder ein Aktienpaket, was am Ende des Lebens sowieso hier auf Erden bleiben wird. Sch\u00f6ne Erinnerungen bleiben f\u00fcr die Ewigkeit. Wie oft denke heute noch an viele gl\u00fcckliche Urlaube mit meinem verstorbenen Vater zur\u00fcck.&#8220;<\/p>\n<p>&nbsp;<\/p>\n<p>&nbsp;<\/p>\n<figure id=\"attachment_177687\" aria-describedby=\"caption-attachment-177687\" style=\"width: 600px\" class=\"wp-caption alignnone\"><img decoding=\"async\" loading=\"lazy\" class=\"size-full wp-image-177687\" src=\"https:\/\/smago.de\/ws2\/wp-content\/uploads\/2022\/01\/goldenesonne2022.jpg\" alt=\"\" width=\"600\" height=\"510\" srcset=\"https:\/\/smago.de\/ws2\/wp-content\/uploads\/2022\/01\/goldenesonne2022.jpg 600w, https:\/\/smago.de\/ws2\/wp-content\/uploads\/2022\/01\/goldenesonne2022-522x444.jpg 522w, https:\/\/smago.de\/ws2\/wp-content\/uploads\/2022\/01\/goldenesonne2022-176x150.jpg 176w, https:\/\/smago.de\/ws2\/wp-content\/uploads\/2022\/01\/goldenesonne2022-320x272.jpg 320w, https:\/\/smago.de\/ws2\/wp-content\/uploads\/2022\/01\/goldenesonne2022-130x111.jpg 130w, https:\/\/smago.de\/ws2\/wp-content\/uploads\/2022\/01\/goldenesonne2022-524x445.jpg 524w, https:\/\/smago.de\/ws2\/wp-content\/uploads\/2022\/01\/goldenesonne2022-224x190.jpg 224w, https:\/\/smago.de\/ws2\/wp-content\/uploads\/2022\/01\/goldenesonne2022-341x290.jpg 341w\" sizes=\"(max-width: 600px) 100vw, 600px\" \/><figcaption id=\"caption-attachment-177687\" class=\"wp-caption-text\"><em>Foto-Credit: sonnenklar.TV<\/em><\/figcaption><\/figure>\n","protected":false},"excerpt":{"rendered":"<p>40 Jahre Privatfernsehen = 40 Preistr\u00e4ger im Rahmen der &#8222;Goldenen Sonne &#8211; Spezial&#8220; &#8211; sonnenklar.TV macht (wie immer!) keine halben<\/p>\n","protected":false},"author":2,"featured_media":177687,"comment_status":"open","ping_status":"closed","sticky":false,"template":"","format":"standard","meta":{"_FSMCFIC_featured_image_caption":"","_FSMCFIC_featured_image_nocaption":"","_FSMCFIC_featured_image_hide":""},"categories":[29,128],"tags":[967,509],"acf":[],"_links":{"self":[{"href":"https:\/\/smago.de\/ws2\/wp-json\/wp\/v2\/posts\/177686"}],"collection":[{"href":"https:\/\/smago.de\/ws2\/wp-json\/wp\/v2\/posts"}],"about":[{"href":"https:\/\/smago.de\/ws2\/wp-json\/wp\/v2\/types\/post"}],"author":[{"embeddable":true,"href":"https:\/\/smago.de\/ws2\/wp-json\/wp\/v2\/users\/2"}],"replies":[{"embeddable":true,"href":"https:\/\/smago.de\/ws2\/wp-json\/wp\/v2\/comments?post=177686"}],"version-history":[{"count":4,"href":"https:\/\/smago.de\/ws2\/wp-json\/wp\/v2\/posts\/177686\/revisions"}],"predecessor-version":[{"id":177692,"href":"https:\/\/smago.de\/ws2\/wp-json\/wp\/v2\/posts\/177686\/revisions\/177692"}],"wp:featuredmedia":[{"embeddable":true,"href":"https:\/\/smago.de\/ws2\/wp-json\/wp\/v2\/media\/177687"}],"wp:attachment":[{"href":"https:\/\/smago.de\/ws2\/wp-json\/wp\/v2\/media?parent=177686"}],"wp:term":[{"taxonomy":"category","embeddable":true,"href":"https:\/\/smago.de\/ws2\/wp-json\/wp\/v2\/categories?post=177686"},{"taxonomy":"post_tag","embeddable":true,"href":"https:\/\/smago.de\/ws2\/wp-json\/wp\/v2\/tags?post=177686"}],"curies":[{"name":"wp","href":"https:\/\/api.w.org\/{rel}","templated":true}]}}