{"id":177649,"date":"2022-01-16T00:00:59","date_gmt":"2022-01-15T23:00:59","guid":{"rendered":"https:\/\/smago.de\/ws2\/?p=177649"},"modified":"2022-01-15T21:40:00","modified_gmt":"2022-01-15T20:40:00","slug":"karsten-walter-am-03-06-2022-erscheint-sein-erstes-solo-album-komm-naeher","status":"publish","type":"post","link":"https:\/\/smago.de\/ws2\/schlager\/karsten-walter-am-03-06-2022-erscheint-sein-erstes-solo-album-komm-naeher\/","title":{"rendered":"KARSTEN WALTER <br>Am 03.06.2022 erscheint sein erstes Solo-Album &#8222;Komm n\u00e4her&#8220;!"},"content":{"rendered":"<p>Es wird auch eine &#8222;Limitierte Fan Box&#8220; aufgelegt!<br \/>\n<!--more--><\/p>\n<p>&nbsp;<\/p>\n<p>&nbsp;<\/p>\n<p>&nbsp;<\/p>\n<div class=\"box-collateral box-description\">\n<div class=\"std long-description\">\n<p style=\"text-align: justify;\">Greifbar. Hautnah. Wie eine Streicheleinheit, die G\u00e4nsehaut hervorruft. Der charismatische S\u00e4nger KARSTEN WALTER kann genau diese Gef\u00fchle erzeugen und liefert mit seinem ersten Soloalbum \u201eKomm n\u00e4her\u201c den Beweis, dass man Musik nicht nur h\u00f6ren, sondern auch im wahrsten Sinne des Wortes f\u00fchlen kann.<\/p>\n<p style=\"text-align: justify;\">Der Mann, der sechs Jahre lang die Erfolgsgeschichte der Schlager-Boyband Feuerherz mitgeschrieben hat, bringt die Herzen mit Hilfe seiner energiegeladenen und verf\u00fchrerischen Songs zum Beben. Einen ersten elektrisierenden Geschmack lieferte Karsten Walter mit dem Hit \u201eKomm n\u00e4her\u201c, einer Cover-Version des 90er-Kult-Hits \u201eThe Rhythm of the Night\u201c. Diese sp\u00fcrbare N\u00e4he, die er mit seinem Song vorlebt, zieht sich wie ein roter Faden durch dieses ph\u00e4nomenale Album.<\/p>\n<p style=\"text-align: justify;\">Um im Bild zu bleiben: Der Ex-Feuerherz-Star hat nach dem emotionalen Abschied der Band im Jahr 2020 seinen eigenen Rhythmus gefunden \u2026 und mit Leben gef\u00fcllt. Untermauert wird diese animierende Aufbruchstimmung unter anderem durch pulsierende Songs und gef\u00fchlvolle Titel wie \u201eSonne in der Nacht\u201c. Mit seiner Interpretation des Peter Maffay-Klassikers schlie\u00dft sich f\u00fcr Karsten Walter ein Kreis. Romantisch. Ekstatisch. Hautnah. All das ist Karsten Walter und all das transportiert sein Album. Es lohnt sich, dem vielseitigen S\u00e4nger n\u00e4her zu kommen, dessen Herz nach dem Ende des Kapitels Feuerherz mehr denn je f\u00fcr die Musik brennt.<\/p>\n<p>Das Album &#8222;Komm n\u00e4her&#8220; erscheint am 03.06.2022.\u00a0(Die &#8222;Limitierte Fan Box&#8220; erscheint parallel.)<\/p>\n<\/div>\n<\/div>\n<p>&nbsp;<\/p>\n<p>&nbsp;<\/p>\n<p><img decoding=\"async\" loading=\"lazy\" class=\"alignnone size-full wp-image-177651\" src=\"https:\/\/smago.de\/ws2\/wp-content\/uploads\/2022\/01\/walter_kommnaeher_fanbox.jpg\" alt=\"\" width=\"515\" height=\"600\" srcset=\"https:\/\/smago.de\/ws2\/wp-content\/uploads\/2022\/01\/walter_kommnaeher_fanbox.jpg 515w, https:\/\/smago.de\/ws2\/wp-content\/uploads\/2022\/01\/walter_kommnaeher_fanbox-448x522.jpg 448w, https:\/\/smago.de\/ws2\/wp-content\/uploads\/2022\/01\/walter_kommnaeher_fanbox-129x150.jpg 129w, https:\/\/smago.de\/ws2\/wp-content\/uploads\/2022\/01\/walter_kommnaeher_fanbox-233x272.jpg 233w, https:\/\/smago.de\/ws2\/wp-content\/uploads\/2022\/01\/walter_kommnaeher_fanbox-112x130.jpg 112w, https:\/\/smago.de\/ws2\/wp-content\/uploads\/2022\/01\/walter_kommnaeher_fanbox-382x445.jpg 382w, https:\/\/smago.de\/ws2\/wp-content\/uploads\/2022\/01\/walter_kommnaeher_fanbox-163x190.jpg 163w, https:\/\/smago.de\/ws2\/wp-content\/uploads\/2022\/01\/walter_kommnaeher_fanbox-249x290.jpg 249w\" sizes=\"(max-width: 515px) 100vw, 515px\" \/><\/p>\n<div class=\"box-collateral box-additional\"><\/div>\n","protected":false},"excerpt":{"rendered":"<p>Es wird auch eine &#8222;Limitierte Fan Box&#8220; aufgelegt!<\/p>\n","protected":false},"author":2,"featured_media":177650,"comment_status":"open","ping_status":"closed","sticky":false,"template":"","format":"standard","meta":{"_FSMCFIC_featured_image_caption":"","_FSMCFIC_featured_image_nocaption":"","_FSMCFIC_featured_image_hide":""},"categories":[29,39],"tags":[2176],"acf":[],"_links":{"self":[{"href":"https:\/\/smago.de\/ws2\/wp-json\/wp\/v2\/posts\/177649"}],"collection":[{"href":"https:\/\/smago.de\/ws2\/wp-json\/wp\/v2\/posts"}],"about":[{"href":"https:\/\/smago.de\/ws2\/wp-json\/wp\/v2\/types\/post"}],"author":[{"embeddable":true,"href":"https:\/\/smago.de\/ws2\/wp-json\/wp\/v2\/users\/2"}],"replies":[{"embeddable":true,"href":"https:\/\/smago.de\/ws2\/wp-json\/wp\/v2\/comments?post=177649"}],"version-history":[{"count":2,"href":"https:\/\/smago.de\/ws2\/wp-json\/wp\/v2\/posts\/177649\/revisions"}],"predecessor-version":[{"id":177653,"href":"https:\/\/smago.de\/ws2\/wp-json\/wp\/v2\/posts\/177649\/revisions\/177653"}],"wp:featuredmedia":[{"embeddable":true,"href":"https:\/\/smago.de\/ws2\/wp-json\/wp\/v2\/media\/177650"}],"wp:attachment":[{"href":"https:\/\/smago.de\/ws2\/wp-json\/wp\/v2\/media?parent=177649"}],"wp:term":[{"taxonomy":"category","embeddable":true,"href":"https:\/\/smago.de\/ws2\/wp-json\/wp\/v2\/categories?post=177649"},{"taxonomy":"post_tag","embeddable":true,"href":"https:\/\/smago.de\/ws2\/wp-json\/wp\/v2\/tags?post=177649"}],"curies":[{"name":"wp","href":"https:\/\/api.w.org\/{rel}","templated":true}]}}