{"id":177268,"date":"2022-01-10T00:00:51","date_gmt":"2022-01-09T23:00:51","guid":{"rendered":"https:\/\/smago.de\/ws2\/?p=177268"},"modified":"2022-01-09T17:30:20","modified_gmt":"2022-01-09T16:30:20","slug":"laura-wilde-u-a-heute-nachmittag-10-01-2022-das-erste-ard-verrueckt-nach-meer-folge-482-ferien-auf-finnisch","status":"publish","type":"post","link":"https:\/\/smago.de\/ws2\/schlager\/laura-wilde-u-a-heute-nachmittag-10-01-2022-das-erste-ard-verrueckt-nach-meer-folge-482-ferien-auf-finnisch\/","title":{"rendered":"LAURA WILDE u.a. <br>Heute Nachmittag (10.01.2022), Das Erste \/ ARD: &#8222;Verr\u00fcckt nach Meer&#8220; (Folge 482) &#8211; &#8222;Ferien auf Finnisch&#8220;!"},"content":{"rendered":"<p>16:10 Uhr &#8211; 17:00 Uhr!<br \/>\n<!--more--><\/p>\n<p>&nbsp;<\/p>\n<p>&nbsp;<\/p>\n<div class=\"text small\">\n<p class=\"text small\" style=\"text-align: justify;\">Zwei Passagiere unter Strom: In Helsinki steuern Birgit und Lorenzo auf dem Elektroroller das eindrucksvolle Sibelius-Denkmal an.<\/p>\n<div class=\"clearMe\" style=\"text-align: justify;\">Noch schneller n\u00e4hern sich die Reiseleiter Caro und Dragan ihrem Ziel. Mit einem Speedboot halten sie Kurs auf eine typisch finnische Natursauna und erleben dort ein Wechselspiel von hei\u00df und kalt.<\/div>\n<div><\/div>\n<div class=\"clearMe\" style=\"text-align: justify;\">Schlagers\u00e4ngerin LAURA WILDE geht w\u00e4hrenddessen in der K\u00fcnstlerstadt Porvoo auf Entdeckungstour und befindet sich zwischen bunten Boutiquen und jeder Menge nordischer Landromantik pl\u00f6tzlich auf den Spuren eines musikalischen Weltstars.<\/div>\n<\/div>\n<div class=\"clearMe\" style=\"text-align: justify;\"><\/div>\n<div><\/div>\n<div class=\"text small\">\n<p class=\"text small\" style=\"text-align: justify;\"><em>Diese Sendung ist nach der Ausstrahlung zw\u00f6lf Monate lang in der ARD Mediathek verf\u00fcgbar.<\/em><\/p>\n<div class=\"clearMe\" style=\"text-align: justify;\"><\/div>\n<\/div>\n<div style=\"text-align: justify;\"><\/div>\n<p class=\"text small\" style=\"text-align: justify;\"><strong>Redaktion:<\/strong> Ingmar Grundmann, Frank Johne<\/p>\n<p>&nbsp;<\/p>\n<p>&nbsp;<\/p>\n<p>&nbsp;<\/p>\n<figure id=\"attachment_177284\" aria-describedby=\"caption-attachment-177284\" style=\"width: 800px\" class=\"wp-caption alignnone\"><img decoding=\"async\" loading=\"lazy\" class=\"size-large wp-image-177284\" src=\"https:\/\/smago.de\/ws2\/wp-content\/uploads\/2022\/01\/Laura-Wilde-Presse-2021-7-scaled_-1-800x533.jpg\" alt=\"\" width=\"800\" height=\"533\" srcset=\"https:\/\/smago.de\/ws2\/wp-content\/uploads\/2022\/01\/Laura-Wilde-Presse-2021-7-scaled_-1-800x533.jpg 800w, https:\/\/smago.de\/ws2\/wp-content\/uploads\/2022\/01\/Laura-Wilde-Presse-2021-7-scaled_-1-522x348.jpg 522w, https:\/\/smago.de\/ws2\/wp-content\/uploads\/2022\/01\/Laura-Wilde-Presse-2021-7-scaled_-1-225x150.jpg 225w, https:\/\/smago.de\/ws2\/wp-content\/uploads\/2022\/01\/Laura-Wilde-Presse-2021-7-scaled_-1-768x512.jpg 768w, https:\/\/smago.de\/ws2\/wp-content\/uploads\/2022\/01\/Laura-Wilde-Presse-2021-7-scaled_-1-1536x1024.jpg 1536w, https:\/\/smago.de\/ws2\/wp-content\/uploads\/2022\/01\/Laura-Wilde-Presse-2021-7-scaled_-1-2048x1366.jpg 2048w, https:\/\/smago.de\/ws2\/wp-content\/uploads\/2022\/01\/Laura-Wilde-Presse-2021-7-scaled_-1-392x261.jpg 392w, https:\/\/smago.de\/ws2\/wp-content\/uploads\/2022\/01\/Laura-Wilde-Presse-2021-7-scaled_-1-130x87.jpg 130w, https:\/\/smago.de\/ws2\/wp-content\/uploads\/2022\/01\/Laura-Wilde-Presse-2021-7-scaled_-1-667x445.jpg 667w, https:\/\/smago.de\/ws2\/wp-content\/uploads\/2022\/01\/Laura-Wilde-Presse-2021-7-scaled_-1-783x522.jpg 783w, https:\/\/smago.de\/ws2\/wp-content\/uploads\/2022\/01\/Laura-Wilde-Presse-2021-7-scaled_-1-285x190.jpg 285w, https:\/\/smago.de\/ws2\/wp-content\/uploads\/2022\/01\/Laura-Wilde-Presse-2021-7-scaled_-1-435x290.jpg 435w, https:\/\/smago.de\/ws2\/wp-content\/uploads\/2022\/01\/Laura-Wilde-Presse-2021-7-scaled_-1-150x100.jpg 150w, https:\/\/smago.de\/ws2\/wp-content\/uploads\/2022\/01\/Laura-Wilde-Presse-2021-7-scaled_-1-370x247.jpg 370w\" sizes=\"(max-width: 800px) 100vw, 800px\" \/><figcaption id=\"caption-attachment-177284\" class=\"wp-caption-text\"><em>Foto-Credit: Tatiana Kurda<\/em><\/figcaption><\/figure>\n","protected":false},"excerpt":{"rendered":"<p>16:10 Uhr &#8211; 17:00 Uhr!<\/p>\n","protected":false},"author":2,"featured_media":177284,"comment_status":"open","ping_status":"closed","sticky":false,"template":"","format":"standard","meta":{"_FSMCFIC_featured_image_caption":"","_FSMCFIC_featured_image_nocaption":"","_FSMCFIC_featured_image_hide":""},"categories":[29,128],"tags":[591],"acf":[],"_links":{"self":[{"href":"https:\/\/smago.de\/ws2\/wp-json\/wp\/v2\/posts\/177268"}],"collection":[{"href":"https:\/\/smago.de\/ws2\/wp-json\/wp\/v2\/posts"}],"about":[{"href":"https:\/\/smago.de\/ws2\/wp-json\/wp\/v2\/types\/post"}],"author":[{"embeddable":true,"href":"https:\/\/smago.de\/ws2\/wp-json\/wp\/v2\/users\/2"}],"replies":[{"embeddable":true,"href":"https:\/\/smago.de\/ws2\/wp-json\/wp\/v2\/comments?post=177268"}],"version-history":[{"count":4,"href":"https:\/\/smago.de\/ws2\/wp-json\/wp\/v2\/posts\/177268\/revisions"}],"predecessor-version":[{"id":177287,"href":"https:\/\/smago.de\/ws2\/wp-json\/wp\/v2\/posts\/177268\/revisions\/177287"}],"wp:featuredmedia":[{"embeddable":true,"href":"https:\/\/smago.de\/ws2\/wp-json\/wp\/v2\/media\/177284"}],"wp:attachment":[{"href":"https:\/\/smago.de\/ws2\/wp-json\/wp\/v2\/media?parent=177268"}],"wp:term":[{"taxonomy":"category","embeddable":true,"href":"https:\/\/smago.de\/ws2\/wp-json\/wp\/v2\/categories?post=177268"},{"taxonomy":"post_tag","embeddable":true,"href":"https:\/\/smago.de\/ws2\/wp-json\/wp\/v2\/tags?post=177268"}],"curies":[{"name":"wp","href":"https:\/\/api.w.org\/{rel}","templated":true}]}}