{"id":176995,"date":"2022-01-02T00:00:27","date_gmt":"2022-01-01T23:00:27","guid":{"rendered":"https:\/\/smago.de\/ws2\/?p=176995"},"modified":"2022-01-01T23:40:16","modified_gmt":"2022-01-01T22:40:16","slug":"das-erste-ard-jahresbilanz-2021","status":"publish","type":"post","link":"https:\/\/smago.de\/ws2\/smago-informiert\/das-erste-ard-jahresbilanz-2021\/","title":{"rendered":"&#8222;DAS ERSTE \/ ARD&#8220; <br>&#8222;Jahresbilanz 2021&#8220;:"},"content":{"rendered":"<p style=\"text-align: justify;\">ARD Mediathek verzeichnet die gr\u00f6\u00dfte Reichweite aller deutschen TV-Streaming-Portale +++ Aktuelle Studie: Das ARD-Gemeinschaftsprogramm bietet mit relevanten Inhalten die beste Qualit\u00e4t +++<\/p>\n<p><!--more--><\/p>\n<p>&nbsp;<\/p>\n<p style=\"text-align: justify;\">\n<p class=\"text small\" style=\"text-align: justify;\">Aus Sicht des Publikums nimmt Das Erste qualitativ die f\u00fchrende Rolle im deutschen Fernsehmarkt ein: Auf die Frage vom Institut Kantar, welcher Sender das qualitativ beste Programm anbiete, entfielen im j\u00fcngsten ARD-Trend (3.000 Befragte) mit 23 Prozent die meisten Nennungen auf Das Erste. Mit 14 Prozent erreichte das ZDF den zweiten Platz, zehn Prozent entschieden sich f\u00fcr RTL und Netflix und acht Prozent nannten die Dritten Programme der ARD. ProSieben platzierte sich mit vier Prozent vor Sat.1 (2 %).<\/p>\n<p class=\"text small\" style=\"text-align: justify;\">Die Fernsehprogramme der ARD \u2013 Das Erste, die Dritten, ONE, ARD alpha und tagesschau24 \u2013 konnten 2021 ihren Marktanteil auf 27,4 Prozent (2020: 26,5 %) steigern und lagen damit deutlich vor den anderen Sendergruppen RTL (21,4 %), ZDF (19,2 %) und ProSieben\/SAT.1 (16,3 %). Mit ihren Videoangeboten, den Fernsehprogrammen und der Mediathek, erreicht die ARD t\u00e4glich jeden zweiten Deutschen. Die Social-Media-Dachmarkenkan\u00e4le des Ersten und der ARD Mediathek erzielen bei einer prim\u00e4r jungen Zielgruppe mehr als eine Million Impressions t\u00e4glich.<\/p>\n<div class=\"clearMe\" style=\"text-align: justify;\"><\/div>\n<div><\/div>\n<div><\/div>\n<p class=\"text small\" style=\"text-align: justify;\"><strong>Christine Strobl, ARD-Programmdirektorin:<\/strong> \u201eGemeinsam ist die ARD stark, das hat 2021 einmal mehr bewiesen. In einem ereignisreichen Jahr ist es gelungen, die Menschen mit relevanten Inhalten zu informieren, Orientierung zu bieten und zu unterhalten. Ein besonderer Dank gilt allen Kolleginnen und Kollegen, die zu diesem Ergebnis beigetragen haben. Besonders erfreulich ist, dass die ARD Mediathek als zentraler Bestanteil unserer Zukunftsstrategie ihre Akzeptanz so steigern konnte. Diesen Weg werden wir mit der Programmreform und der Digitalisierung konsequent weitergehen, um die ganze Bev\u00f6lkerung auf allen Ausspielwegen mit unseren qualitativ hochwertigen Angeboten zu erreichen.\u201c<\/p>\n<p>&nbsp;<\/p>\n<p>&nbsp;<\/p>\n<p>&nbsp;<\/p>\n<p class=\"text small\" style=\"text-align: justify;\">Die monatliche Reichweite der ARD Mediathek erh\u00f6hte sich von Januar bis November 2021 auf 16,4 Millionen User:innen. Das bedeutet einen mehr als 60-prozentigen Zuwachs von ca. sechs Millionen gegen\u00fcber 2020. Damit verzeichnet die ARD Mediathek die gr\u00f6\u00dfte Reichweite aller Streaming-Portale der deutschen Fernsehsender. Neben den fiktionalen Formaten sto\u00dfen auch anspruchsvolle Reportagen und Dokumentationen auf gro\u00dfes Interesse: Die Doku-Serien \u201eKevin K\u00fchnert und die SPD\u201c (NDR) sowie \u201eCharit\u00e9 intensiv\u201c (rbb) wurden \u00fcber zwei Millionen Mal abgerufen.<\/p>\n<p class=\"text small\" style=\"text-align: justify;\">Das Erste hat 2021 mit hoher journalistischer Kompetenz und gesellschaftlich relevanten Inhalten beim Publikum gepunktet. So hat sich \u201eARD extra\u201c zu einer der wichtigsten Informationsquellen \u00fcber die Corona-Krise entwickelt. Die 32 Ausgaben in diesem Jahr wurden im Durchschnitt von \u00fcber f\u00fcnf Millionen Zuschauer:innen allein im Ersten verfolgt. Die \u201eTagesschau\u201c um 20:00 Uhr ist mit mehr als elf Millionen Zuschauer:innenweiterhin in allen Altersgruppen die klare Nummer 1 unter den Nachrichtensendungen und konnte ihren Vorsprung weiter ausbauen.<\/p>\n<p class=\"text small\" style=\"text-align: justify;\">Die meistgesehene Sendung des Jahres lief im Ersten: Das Achtelfinale der Fu\u00dfball-EM England \u2013 Deutschland erreichte 27,491 Millionen Zuschauer:innen, der Marktanteil lag bei 76,3 Prozent. Den \u201eTatort: Rhythm and Love\u201c (WDR) sahen 14,371 Millionen Zuschauer:innen (Marktanteil 39,6 %). Der Sonntagskrimi aus M\u00fcnster war der Film mit dem gr\u00f6\u00dften Publikum im deutschen Fernsehen.<\/p>\n<p class=\"text small\" style=\"text-align: justify;\">Alle genannten Messdaten der AGF\/GfK beziehen sich auf das Gesamtpublikum (ab 3 Jahre) und den Zeitraum vom 1. Januar bis zum 27. Dezember 2021.<\/p>\n<p>&nbsp;<\/p>\n<p>&nbsp;<\/p>\n<p>&nbsp;<\/p>\n<figure id=\"attachment_176996\" aria-describedby=\"caption-attachment-176996\" style=\"width: 686px\" class=\"wp-caption alignnone\"><img decoding=\"async\" loading=\"lazy\" class=\"size-large wp-image-176996\" src=\"https:\/\/smago.de\/ws2\/wp-content\/uploads\/2022\/01\/1_Das_Erste_Logo_2015-686x800.jpg\" alt=\"\" width=\"686\" height=\"800\" srcset=\"https:\/\/smago.de\/ws2\/wp-content\/uploads\/2022\/01\/1_Das_Erste_Logo_2015-686x800.jpg 686w, https:\/\/smago.de\/ws2\/wp-content\/uploads\/2022\/01\/1_Das_Erste_Logo_2015-447x522.jpg 447w, https:\/\/smago.de\/ws2\/wp-content\/uploads\/2022\/01\/1_Das_Erste_Logo_2015-129x150.jpg 129w, https:\/\/smago.de\/ws2\/wp-content\/uploads\/2022\/01\/1_Das_Erste_Logo_2015-768x896.jpg 768w, https:\/\/smago.de\/ws2\/wp-content\/uploads\/2022\/01\/1_Das_Erste_Logo_2015-1317x1536.jpg 1317w, https:\/\/smago.de\/ws2\/wp-content\/uploads\/2022\/01\/1_Das_Erste_Logo_2015-1756x2048.jpg 1756w, https:\/\/smago.de\/ws2\/wp-content\/uploads\/2022\/01\/1_Das_Erste_Logo_2015-233x272.jpg 233w, https:\/\/smago.de\/ws2\/wp-content\/uploads\/2022\/01\/1_Das_Erste_Logo_2015-514x600.jpg 514w, https:\/\/smago.de\/ws2\/wp-content\/uploads\/2022\/01\/1_Das_Erste_Logo_2015-111x130.jpg 111w, https:\/\/smago.de\/ws2\/wp-content\/uploads\/2022\/01\/1_Das_Erste_Logo_2015-381x445.jpg 381w, https:\/\/smago.de\/ws2\/wp-content\/uploads\/2022\/01\/1_Das_Erste_Logo_2015-163x190.jpg 163w, https:\/\/smago.de\/ws2\/wp-content\/uploads\/2022\/01\/1_Das_Erste_Logo_2015-249x290.jpg 249w\" sizes=\"(max-width: 686px) 100vw, 686px\" \/><figcaption id=\"caption-attachment-176996\" class=\"wp-caption-text\"><\/em> <em>\u00a9 ARD<\/em><\/figcaption><\/figure>\n","protected":false},"excerpt":{"rendered":"<p>ARD Mediathek verzeichnet die gr\u00f6\u00dfte Reichweite aller deutschen TV-Streaming-Portale +++ Aktuelle Studie: Das ARD-Gemeinschaftsprogramm bietet mit relevanten Inhalten die beste<\/p>\n","protected":false},"author":2,"featured_media":176996,"comment_status":"open","ping_status":"closed","sticky":false,"template":"","format":"standard","meta":{"_FSMCFIC_featured_image_caption":"","_FSMCFIC_featured_image_nocaption":"","_FSMCFIC_featured_image_hide":""},"categories":[33],"tags":[798],"acf":[],"_links":{"self":[{"href":"https:\/\/smago.de\/ws2\/wp-json\/wp\/v2\/posts\/176995"}],"collection":[{"href":"https:\/\/smago.de\/ws2\/wp-json\/wp\/v2\/posts"}],"about":[{"href":"https:\/\/smago.de\/ws2\/wp-json\/wp\/v2\/types\/post"}],"author":[{"embeddable":true,"href":"https:\/\/smago.de\/ws2\/wp-json\/wp\/v2\/users\/2"}],"replies":[{"embeddable":true,"href":"https:\/\/smago.de\/ws2\/wp-json\/wp\/v2\/comments?post=176995"}],"version-history":[{"count":1,"href":"https:\/\/smago.de\/ws2\/wp-json\/wp\/v2\/posts\/176995\/revisions"}],"predecessor-version":[{"id":176997,"href":"https:\/\/smago.de\/ws2\/wp-json\/wp\/v2\/posts\/176995\/revisions\/176997"}],"wp:featuredmedia":[{"embeddable":true,"href":"https:\/\/smago.de\/ws2\/wp-json\/wp\/v2\/media\/176996"}],"wp:attachment":[{"href":"https:\/\/smago.de\/ws2\/wp-json\/wp\/v2\/media?parent=176995"}],"wp:term":[{"taxonomy":"category","embeddable":true,"href":"https:\/\/smago.de\/ws2\/wp-json\/wp\/v2\/categories?post=176995"},{"taxonomy":"post_tag","embeddable":true,"href":"https:\/\/smago.de\/ws2\/wp-json\/wp\/v2\/tags?post=176995"}],"curies":[{"name":"wp","href":"https:\/\/api.w.org\/{rel}","templated":true}]}}