{"id":176434,"date":"2021-12-24T00:00:39","date_gmt":"2021-12-23T23:00:39","guid":{"rendered":"https:\/\/smago.de\/ws2\/?p=176434"},"modified":"2021-12-23T23:03:10","modified_gmt":"2021-12-23T22:03:10","slug":"yared-dibaba-praesentiert-lieder-zu-weihnachten-heute-vorabend-24-12-2021-im-ersten-in-der-ard","status":"publish","type":"post","link":"https:\/\/smago.de\/ws2\/schlager\/yared-dibaba-praesentiert-lieder-zu-weihnachten-heute-vorabend-24-12-2021-im-ersten-in-der-ard\/","title":{"rendered":"YARED DIBABA pr\u00e4sentiert &#8230;:<br>&#8222;Lieder zu Weihnachten&#8220; &#8211; heute Vorabend (24.12.2021) im Ersten \/ in der ARD!"},"content":{"rendered":"<p>19:30 Uhr &#8211; 20:00 Uhr!<br \/>\n<!--more--><\/p>\n<p>&nbsp;<\/p>\n<p>&nbsp;<\/p>\n<p style=\"text-align: justify;\">Endlich ist Heiligabend! Nicht nur Kinder sehnen diesen Tag herbei. Und in diesem Jahr ist die Freude wohl noch gr\u00f6\u00dfer. Nachdem viele Familien das vergangene Weihnachtsfest getrennt voneinander feiern mussten, sieht es doch so aus, als k\u00f6nnten in diesem Jahr Alt und Jung, Gro\u00df und Klein sich wieder gemeinsam unter dem Tannenbaum einfinden. Und die ARD liefert die Musik dazu: Mit 450 S\u00e4ngerinnen und S\u00e4ngern, die sich vor Corona im Hafenmuseum in Hamburg zusammengefunden haben, um gemeinsam die sch\u00f6nsten Advents- und Weihnachtslieder zu singen.<\/p>\n<p style=\"text-align: justify;\">Der Chorleiter, Komponist und musikalische Leiter Niels Schr\u00f6der hat den klassischen Liedern mit seinen Arrangements neuen Glanz verliehen, und man merkt es den S\u00e4ngerinnen und S\u00e4ngern an: Diese Lieder bewegen sie ganz besonders und machen Lust auf ein fr\u00f6hliches Weihnachtsfest.<\/p>\n<p style=\"text-align: justify;\">Zwischen den Liedern erz\u00e4hlt Moderator und S\u00e4nger Yared Dibaba die Weihnachtsgeschichte. Sonst oft verkitscht, wird sie hier eine Geschichte der Hoffnung und Zuversicht.<\/p>\n<p style=\"text-align: justify;\">\u201eLieder zu Weihnachten\u201c ist ein Konzert der besonderen Art. Mit einem dynamischen Ton aus rund 60 Tonspuren und Kameras nah an den Menschen ist unter der Regie von Daniela Raskito eine Sendung entstanden, die dem Zuschauer das Gef\u00fchl gibt, mittendrin zu sein. Und sie l\u00e4dt ein, laut mitzusingen \u2013 mit der ganzen Familie!<\/p>\n<p>&nbsp;<\/p>\n<p>&nbsp;<\/p>\n<figure id=\"attachment_176436\" aria-describedby=\"caption-attachment-176436\" style=\"width: 800px\" class=\"wp-caption alignnone\"><img decoding=\"async\" loading=\"lazy\" class=\"size-large wp-image-176436\" src=\"https:\/\/smago.de\/ws2\/wp-content\/uploads\/2021\/12\/5_Weihnachten_der_Norden_singt-800x448.jpg\" alt=\"\" width=\"800\" height=\"448\" srcset=\"https:\/\/smago.de\/ws2\/wp-content\/uploads\/2021\/12\/5_Weihnachten_der_Norden_singt-800x448.jpg 800w, https:\/\/smago.de\/ws2\/wp-content\/uploads\/2021\/12\/5_Weihnachten_der_Norden_singt-522x292.jpg 522w, https:\/\/smago.de\/ws2\/wp-content\/uploads\/2021\/12\/5_Weihnachten_der_Norden_singt-268x150.jpg 268w, https:\/\/smago.de\/ws2\/wp-content\/uploads\/2021\/12\/5_Weihnachten_der_Norden_singt-768x430.jpg 768w, https:\/\/smago.de\/ws2\/wp-content\/uploads\/2021\/12\/5_Weihnachten_der_Norden_singt-1536x860.jpg 1536w, https:\/\/smago.de\/ws2\/wp-content\/uploads\/2021\/12\/5_Weihnachten_der_Norden_singt-2048x1147.jpg 2048w, https:\/\/smago.de\/ws2\/wp-content\/uploads\/2021\/12\/5_Weihnachten_der_Norden_singt-392x220.jpg 392w, https:\/\/smago.de\/ws2\/wp-content\/uploads\/2021\/12\/5_Weihnachten_der_Norden_singt-130x73.jpg 130w, https:\/\/smago.de\/ws2\/wp-content\/uploads\/2021\/12\/5_Weihnachten_der_Norden_singt-794x445.jpg 794w, https:\/\/smago.de\/ws2\/wp-content\/uploads\/2021\/12\/5_Weihnachten_der_Norden_singt-870x487.jpg 870w, https:\/\/smago.de\/ws2\/wp-content\/uploads\/2021\/12\/5_Weihnachten_der_Norden_singt-292x164.jpg 292w, https:\/\/smago.de\/ws2\/wp-content\/uploads\/2021\/12\/5_Weihnachten_der_Norden_singt-435x244.jpg 435w\" sizes=\"(max-width: 800px) 100vw, 800px\" \/><figcaption id=\"caption-attachment-176436\" class=\"wp-caption-text\"><em>Begeisterte S\u00e4nger von \u201eHamburg singt\u201c und weiteren Ch\u00f6ren<\/em><\/p>\n<p><em>\u00a9 NDR \/ Jan Dieckmann<\/em><\/figcaption><\/figure>\n<p>&nbsp;<\/p>\n<p>&nbsp;<\/p>\n<p>&nbsp;<\/p>\n<figure id=\"attachment_176435\" aria-describedby=\"caption-attachment-176435\" style=\"width: 800px\" class=\"wp-caption alignnone\"><img decoding=\"async\" loading=\"lazy\" class=\"size-large wp-image-176435\" src=\"https:\/\/smago.de\/ws2\/wp-content\/uploads\/2021\/12\/4_Weihnachten_der_Norden_singt-800x448.jpg\" alt=\"\" width=\"800\" height=\"448\" srcset=\"https:\/\/smago.de\/ws2\/wp-content\/uploads\/2021\/12\/4_Weihnachten_der_Norden_singt-800x448.jpg 800w, https:\/\/smago.de\/ws2\/wp-content\/uploads\/2021\/12\/4_Weihnachten_der_Norden_singt-522x292.jpg 522w, https:\/\/smago.de\/ws2\/wp-content\/uploads\/2021\/12\/4_Weihnachten_der_Norden_singt-268x150.jpg 268w, https:\/\/smago.de\/ws2\/wp-content\/uploads\/2021\/12\/4_Weihnachten_der_Norden_singt-768x430.jpg 768w, https:\/\/smago.de\/ws2\/wp-content\/uploads\/2021\/12\/4_Weihnachten_der_Norden_singt-1536x860.jpg 1536w, https:\/\/smago.de\/ws2\/wp-content\/uploads\/2021\/12\/4_Weihnachten_der_Norden_singt-2048x1147.jpg 2048w, https:\/\/smago.de\/ws2\/wp-content\/uploads\/2021\/12\/4_Weihnachten_der_Norden_singt-392x220.jpg 392w, https:\/\/smago.de\/ws2\/wp-content\/uploads\/2021\/12\/4_Weihnachten_der_Norden_singt-130x73.jpg 130w, https:\/\/smago.de\/ws2\/wp-content\/uploads\/2021\/12\/4_Weihnachten_der_Norden_singt-794x445.jpg 794w, https:\/\/smago.de\/ws2\/wp-content\/uploads\/2021\/12\/4_Weihnachten_der_Norden_singt-870x487.jpg 870w, https:\/\/smago.de\/ws2\/wp-content\/uploads\/2021\/12\/4_Weihnachten_der_Norden_singt-292x164.jpg 292w, https:\/\/smago.de\/ws2\/wp-content\/uploads\/2021\/12\/4_Weihnachten_der_Norden_singt-435x244.jpg 435w\" sizes=\"(max-width: 800px) 100vw, 800px\" \/><figcaption id=\"caption-attachment-176435\" class=\"wp-caption-text\"><\/em> <em>Moderator Yared Dibaba liest eine Adventsgeschichte<\/em><\/p>\n<p><em>\u00a9 NDR\/Jan Dieckmann<\/em><\/figcaption><\/figure>\n","protected":false},"excerpt":{"rendered":"<p>19:30 Uhr &#8211; 20:00 Uhr!<\/p>\n","protected":false},"author":2,"featured_media":176435,"comment_status":"open","ping_status":"closed","sticky":false,"template":"","format":"standard","meta":{"_FSMCFIC_featured_image_caption":"","_FSMCFIC_featured_image_nocaption":"","_FSMCFIC_featured_image_hide":""},"categories":[29,128],"tags":[456],"acf":[],"_links":{"self":[{"href":"https:\/\/smago.de\/ws2\/wp-json\/wp\/v2\/posts\/176434"}],"collection":[{"href":"https:\/\/smago.de\/ws2\/wp-json\/wp\/v2\/posts"}],"about":[{"href":"https:\/\/smago.de\/ws2\/wp-json\/wp\/v2\/types\/post"}],"author":[{"embeddable":true,"href":"https:\/\/smago.de\/ws2\/wp-json\/wp\/v2\/users\/2"}],"replies":[{"embeddable":true,"href":"https:\/\/smago.de\/ws2\/wp-json\/wp\/v2\/comments?post=176434"}],"version-history":[{"count":1,"href":"https:\/\/smago.de\/ws2\/wp-json\/wp\/v2\/posts\/176434\/revisions"}],"predecessor-version":[{"id":176437,"href":"https:\/\/smago.de\/ws2\/wp-json\/wp\/v2\/posts\/176434\/revisions\/176437"}],"wp:featuredmedia":[{"embeddable":true,"href":"https:\/\/smago.de\/ws2\/wp-json\/wp\/v2\/media\/176435"}],"wp:attachment":[{"href":"https:\/\/smago.de\/ws2\/wp-json\/wp\/v2\/media?parent=176434"}],"wp:term":[{"taxonomy":"category","embeddable":true,"href":"https:\/\/smago.de\/ws2\/wp-json\/wp\/v2\/categories?post=176434"},{"taxonomy":"post_tag","embeddable":true,"href":"https:\/\/smago.de\/ws2\/wp-json\/wp\/v2\/tags?post=176434"}],"curies":[{"name":"wp","href":"https:\/\/api.w.org\/{rel}","templated":true}]}}