{"id":176386,"date":"2021-12-23T00:00:06","date_gmt":"2021-12-22T23:00:06","guid":{"rendered":"https:\/\/smago.de\/ws2\/?p=176386"},"modified":"2021-12-22T22:39:55","modified_gmt":"2021-12-22T21:39:55","slug":"carlo-von-tiedemann-ndr-urgestein-carlo-von-tiedemann-heute-vorabend-23-12-2021-in-der-sendung-das-zu-gast","status":"publish","type":"post","link":"https:\/\/smago.de\/ws2\/schlager\/carlo-von-tiedemann-ndr-urgestein-carlo-von-tiedemann-heute-vorabend-23-12-2021-in-der-sendung-das-zu-gast\/","title":{"rendered":"CARLO VON TIEDEMANN <br>NDR-Urgestein Carlo von Tiedemann heute Vorabend (23.12.2021) in der Sendung &#8222;DAS!&#8220; zu Gast!"},"content":{"rendered":"<p>NDR fernsehen, 18:45 Uhr &#8211; 19:30 Uhr (Wh. in der Nacht auf 24.12., 05:15 Uhr &#8211; 06:00 Uhr)!<br \/>\n<!--more--><\/p>\n<p>&nbsp;<\/p>\n<p style=\"text-align: justify;\">\n<p style=\"text-align: justify;\">Der Titel &#8222;Legende&#8220; passt zu kaum jemandem so gut wie zu ihm: CARLO VON TIEDEMANN hat gerade erst sein 50-j\u00e4hriges Jubil\u00e4um als Moderator gefeiert und geh\u00f6rt mit seinem unterhaltsamen, graden, authentischen Stil zu den gr\u00f6\u00dften Publikumslieblingen im Norden.<\/p>\n<p style=\"text-align: justify;\">\u00dcber erste Stationen beim Hamburger Abendblatt landete Carlo beim NDR und moderierte viele Jahre die &#8222;Aktuelle Schaubude&#8220;, die &#8222;NDR Quizshow&#8220; und mehr.<\/p>\n<p style=\"text-align: justify;\">Bis heute ist der Mann mit dem Schnauzer und der bewegten Vita einer der Kultmoderatoren bei NDR 90,3. Doch Carlo geht auch neue Wege, hat vor einigen Monaten erst den neuen Podcast &#8222;Grauzone&#8220; mit seiner Kollegin Steffi Banowski gestartet.<\/p>\n<p style=\"text-align: justify;\">Auf dem Roten Sofa erz\u00e4hlt Carlo, warum ihm auch sein soziales Engagement &#8211; gerade in der Vorweihnachtszeit &#8211; so wichtig ist und welche Initiativen er unterst\u00fctzt.<\/p>\n<p style=\"text-align: justify;\">\n<p style=\"text-align: justify;\">\n<p style=\"text-align: justify;\">\n<figure id=\"attachment_176387\" aria-describedby=\"caption-attachment-176387\" style=\"width: 800px\" class=\"wp-caption alignnone\"><img decoding=\"async\" loading=\"lazy\" class=\"size-large wp-image-176387\" src=\"https:\/\/smago.de\/ws2\/wp-content\/uploads\/2021\/12\/vontiedemann_Marco-Peter-800x450.jpg\" alt=\"\" width=\"800\" height=\"450\" srcset=\"https:\/\/smago.de\/ws2\/wp-content\/uploads\/2021\/12\/vontiedemann_Marco-Peter-800x450.jpg 800w, https:\/\/smago.de\/ws2\/wp-content\/uploads\/2021\/12\/vontiedemann_Marco-Peter-522x294.jpg 522w, https:\/\/smago.de\/ws2\/wp-content\/uploads\/2021\/12\/vontiedemann_Marco-Peter-267x150.jpg 267w, https:\/\/smago.de\/ws2\/wp-content\/uploads\/2021\/12\/vontiedemann_Marco-Peter-768x432.jpg 768w, https:\/\/smago.de\/ws2\/wp-content\/uploads\/2021\/12\/vontiedemann_Marco-Peter-392x220.jpg 392w, https:\/\/smago.de\/ws2\/wp-content\/uploads\/2021\/12\/vontiedemann_Marco-Peter-130x73.jpg 130w, https:\/\/smago.de\/ws2\/wp-content\/uploads\/2021\/12\/vontiedemann_Marco-Peter-791x445.jpg 791w, https:\/\/smago.de\/ws2\/wp-content\/uploads\/2021\/12\/vontiedemann_Marco-Peter-870x489.jpg 870w, https:\/\/smago.de\/ws2\/wp-content\/uploads\/2021\/12\/vontiedemann_Marco-Peter-292x164.jpg 292w, https:\/\/smago.de\/ws2\/wp-content\/uploads\/2021\/12\/vontiedemann_Marco-Peter-435x245.jpg 435w, https:\/\/smago.de\/ws2\/wp-content\/uploads\/2021\/12\/vontiedemann_Marco-Peter-895x503.jpg 895w, https:\/\/smago.de\/ws2\/wp-content\/uploads\/2021\/12\/vontiedemann_Marco-Peter.jpg 1067w\" sizes=\"(max-width: 800px) 100vw, 800px\" \/><figcaption id=\"caption-attachment-176387\" class=\"wp-caption-text\"><em>Foto-Credit: Marco Peter<\/em><\/figcaption><\/figure>\n","protected":false},"excerpt":{"rendered":"<p>NDR fernsehen, 18:45 Uhr &#8211; 19:30 Uhr (Wh. in der Nacht auf 24.12., 05:15 Uhr &#8211; 06:00 Uhr)!<\/p>\n","protected":false},"author":2,"featured_media":176387,"comment_status":"open","ping_status":"closed","sticky":false,"template":"","format":"standard","meta":{"_FSMCFIC_featured_image_caption":"","_FSMCFIC_featured_image_nocaption":"","_FSMCFIC_featured_image_hide":""},"categories":[29,128],"tags":[213],"acf":[],"_links":{"self":[{"href":"https:\/\/smago.de\/ws2\/wp-json\/wp\/v2\/posts\/176386"}],"collection":[{"href":"https:\/\/smago.de\/ws2\/wp-json\/wp\/v2\/posts"}],"about":[{"href":"https:\/\/smago.de\/ws2\/wp-json\/wp\/v2\/types\/post"}],"author":[{"embeddable":true,"href":"https:\/\/smago.de\/ws2\/wp-json\/wp\/v2\/users\/2"}],"replies":[{"embeddable":true,"href":"https:\/\/smago.de\/ws2\/wp-json\/wp\/v2\/comments?post=176386"}],"version-history":[{"count":2,"href":"https:\/\/smago.de\/ws2\/wp-json\/wp\/v2\/posts\/176386\/revisions"}],"predecessor-version":[{"id":176389,"href":"https:\/\/smago.de\/ws2\/wp-json\/wp\/v2\/posts\/176386\/revisions\/176389"}],"wp:featuredmedia":[{"embeddable":true,"href":"https:\/\/smago.de\/ws2\/wp-json\/wp\/v2\/media\/176387"}],"wp:attachment":[{"href":"https:\/\/smago.de\/ws2\/wp-json\/wp\/v2\/media?parent=176386"}],"wp:term":[{"taxonomy":"category","embeddable":true,"href":"https:\/\/smago.de\/ws2\/wp-json\/wp\/v2\/categories?post=176386"},{"taxonomy":"post_tag","embeddable":true,"href":"https:\/\/smago.de\/ws2\/wp-json\/wp\/v2\/tags?post=176386"}],"curies":[{"name":"wp","href":"https:\/\/api.w.org\/{rel}","templated":true}]}}