{"id":176349,"date":"2021-12-22T00:00:57","date_gmt":"2021-12-21T23:00:57","guid":{"rendered":"https:\/\/smago.de\/ws2\/?p=176349"},"modified":"2021-12-21T22:54:22","modified_gmt":"2021-12-21T21:54:22","slug":"ibes-interview","status":"publish","type":"post","link":"https:\/\/smago.de\/ws2\/smago-informiert\/ibes-interview\/","title":{"rendered":"&#8222;ICH BIN EIN STAR &#8211; HOLT MICH HIER RAUS!&#8220; <br>Interview mit Sonja Zietlow und Daniel Hartwich zur 15. &#8222;IBES&#8220; Staffel (ab 21.01.2022, RTL)!"},"content":{"rendered":"<p>Und wie immer nehmen die beiden kein Blatt vor den Mund &#8230;:<br \/>\n<!--more--><\/p>\n<p>&nbsp;<\/p>\n<p>&nbsp;<\/p>\n<p style=\"text-align: justify;\">\n<p style=\"text-align: justify;\"><strong>Herr Hartwich, anders als im letzten Jahr wird das Dschungelcamp 2022 wieder in Urlaubsumgebung produziert, oder?<br \/>\n<\/strong><br \/>\n<strong>Daniel Hartwich:<\/strong> &#8222;Guck mal, Sonja! Selbst die RTL-Kollegen glauben, dass wir uns entspannen und Urlaub machen. Ihr wisst schon, dass wir da 17 Live-Shows machen?&#8220;<\/p>\n<p style=\"text-align: justify;\"><strong>Wie sehr freut es Sie, dass der Dschungel dieses Jahr in S\u00fcdafrika stattfinden kann?<\/strong><br \/>\n<strong><br \/>\nDaniel Hartwich:<\/strong> &#8222;Es ist auf jeden Fall toll, dass wir das machen k\u00f6nnen. Die Dschungelshow in H\u00fcrth dieses Jahr war als Notl\u00f6sung in Ordnung, war aber f\u00fcr 2022 keine Option mehr, da ist S\u00fcdafrika schon besser. Wobei ich als gro\u00dfer Australien-Fan auch wirklich nichts gegen unser normales Camp gehabt h\u00e4tte.&#8220;<br \/>\n<strong><br \/>\nSonja Zietlow:<\/strong> &#8222;Warte es mal ab, nach dieser Staffel bist Du gro\u00dfer S\u00fcdafrika-Fan.&#8220;<\/p>\n<p style=\"text-align: justify;\"><strong>Waren Sie schon mal in S\u00fcdafrika?<\/p>\n<p>Daniel Hartwich:<\/strong> &#8222;Ich war noch nie da, aber Sonja kriegt ganz leuchtende Augen, wenn sie S\u00fcdafrika h\u00f6rt\u2026&#8220;<br \/>\n<strong><br \/>\nSonja Zietlow:<\/strong> &#8222;Ich war da und freue mich wirklich sehr auf S\u00fcdafrika, das ist ein wundervolles Land. Das Klima ist mega, die Menschen sind toll und es gibt total viele spannende Tiere. Australien ist auch gro\u00dfartig, aber die Quarant\u00e4ne, in die wir h\u00e4tten gehen m\u00fcssen, w\u00e4re doch ziemlich bescheiden gewesen.&#8220;<br \/>\n<strong><br \/>\nDaniel Hartwich:<\/strong> &#8222;Wie genau unterscheidet sich das Klima in S\u00fcdafrika vom Klima in Australien, Sonja?&#8220;<br \/>\n<strong><br \/>\nSonja Zietlow:<\/strong> &#8222;Es ist eine trockenere und staubigere Hitze als in Australien. Man schwitzt nur ein bisschen vor sich hin und trieft nicht so.&#8220;<br \/>\n<strong><br \/>\nDaniel Hartwich:<\/strong> &#8222;Es ist also ein anderes Schwitzen?&#8220;<\/p>\n<p><strong>Sonja Zietlow:<\/strong> &#8222;Ganz genau!&#8220;<\/p>\n<p style=\"text-align: justify;\"><strong>Herr Hartwich, ist die Vuvuzela schon eingepackt?<\/strong><br \/>\n<strong><br \/>\nDaniel Hartwich:<\/strong> &#8222;Oh Gott, bitte nicht. Deutlich mehr freue ich mich auf den tollen Wei\u00dfwein, den es in S\u00fcdafrika geben soll.&#8220;<br \/>\n<strong><br \/>\nSonja Zietlow:<\/strong> &#8222;Ich trinke ja eigentlich keinen Wein, aber als ich damals in S\u00fcdafrika war, genehmigte ich mir einen und war prompt \u00fcberzeugt. Alle Weine dort sind der Hammer.&#8220;<\/p>\n<p style=\"text-align: justify;\"><strong>Kommen wir zur\u00fcck zur Sendung. Bringt das Dschungelcamp nach der coronabedingten Absage in diesem Januar wieder die gewohnte Struktur in Ihre Kalender zur\u00fcck?<\/strong><br \/>\n<strong><br \/>\nDaniel Hartwich:<\/strong> &#8222;Naja, unsere Ersatzshow dauerte ja auch zwei Wochen, es war nur deutlich k\u00e4lter und der Flug nach H\u00fcrth war nicht ganz so lang! S\u00fcdafrika wird nat\u00fcrlich vollkommen anders, weil wir dem dunklen Grau, das in Deutschland herrschen wird, entfliehen k\u00f6nnen!&#8220;<br \/>\n<strong><br \/>\nSonja Zietlow:<\/strong> &#8222;Es ist aber auch etwas ganz Neues, weil wir dieses Jahr komplett anders produzieren werden. In Australien kennen wir uns inzwischen richtig gut aus, jede Ecke und jeder Busch im Camp sind uns bekannt. In dieser Staffel wissen wir pl\u00f6tzlich nicht mehr, wie es vom Baumhaus ins Camp geht. Au\u00dferdem \u00e4ndern sich die Produktionsbedingungen, weil wir keine Zeitverschiebung mehr haben.&#8220;<\/p>\n<p style=\"text-align: justify;\"><strong>Ist es ein Vorteil, dass es keine Zeitumstellung mehr gibt? Oder eher ein Nachteil?<\/strong><br \/>\n<strong><br \/>\nSonja Zietlow:<\/strong> &#8222;Das kann man so nicht sagen. F\u00fcr uns pers\u00f6nlich ist es vielleicht nicht schlecht, mit dem Tag-Rhythmus zu arbeiten, aber es wird eine Umstellung. Wir werden die Dschungelpr\u00fcfungen tags\u00fcber machen und abends gehen wir auf Sendung \u2013 bei Dunkelheit. Das Gr\u00fcn hinter uns wird man deshalb in der Show nicht sehen k\u00f6nnen. Das ist ein bisschen schade.&#8220;<br \/>\n<strong><br \/>\nDaniel Hartwich:<\/strong> &#8222;Moment mal! Wenn man das doch eh nicht sieht, warum machen wir es nicht wieder in H\u00fcrth?&#8220;<br \/>\n<strong><br \/>\nSonja Zietlow:<\/strong> &#8222;Weil wir nicht f\u00fcr uns nach S\u00fcdafrika gehen, sondern f\u00fcr die Stars, die den ganzen Tag im Camp sind und gefilmt werden in dieser wundersch\u00f6nen gr\u00fcnen Umgebung.&#8220;<br \/>\n<strong><br \/>\nDaniel Hartwich:<\/strong> &#8222;Ich finde das in Australien mit der Zeitumstellung eigentlich ganz sch\u00f6n. Wenn wir irgendwann<br \/>\nFeierabend haben, k\u00f6nnen wir am Nachmittag noch zwei bis drei Stunden Sonne genie\u00dfen. Das werde ich schon vermissen, denn wenn die Sendung in S\u00fcdafrika vorbei ist, ist es nachts und man sitzt alleine auf dem Zimmer. Was mache ich dann denn eigentlich?&#8220;<br \/>\n<strong><br \/>\nSonja Zietlow:<\/strong> &#8222;Das, was Du sonst so alleine in Deinem Zimmer machst?&#8220;<br \/>\n<strong><br \/>\nDaniel Hartwich <em>(\u00fcberlegt)<\/em>:<\/strong> &#8222;Was genau meinst du, Sonja?&#8220;<br \/>\n<strong><br \/>\nSonja Zietlow:<\/strong> &#8222;Ich wei\u00df es nicht, ich bin ja selten dabei\u2026&#8220;<\/p>\n<p style=\"text-align: justify;\"><strong>Was erwartet die Camp-Bewohner in diesem Jahr?<\/strong><br \/>\n<strong><br \/>\nDaniel Hartwich:<\/strong> &#8222;Die Camp-Bewohner erwartet sehr guter Wei\u00dfwein. Nein, wahrscheinlich nicht! Ich wei\u00df es auch nicht\u2026&#8220;<br \/>\n<strong><br \/>\nSonja Zietlow:<\/strong> &#8222;Die Australier haben ihr Dschungelcamp vor Corona schon in S\u00fcdafrika produziert. Da habe ich mal hereingeschaut. Das Camp sieht irgendwie gr\u00f6\u00dfer aus.&#8220;<br \/>\n<strong><br \/>\nDaniel Hartwich:<\/strong> &#8222;Ich wei\u00df gar nichts und lasse mich \u00fcberraschen!&#8220;<\/p>\n<p style=\"text-align: justify;\"><strong>Wie sehr freuen Sie sich auf Dr. Bob?<\/p>\n<p><\/strong><strong>Sonja Zietlow: <\/strong>&#8222;Oh, Dr. Bob! Der ist ja der eigentliche Star der Sendung. Es ist toll, dass er in unserer Jubil\u00e4umsstaffel dabei ist. Obwohl er erstmal zwei Wochen in Quarant\u00e4ne gehen muss, wenn er nach Australien zur\u00fcckfliegt.&#8220;<br \/>\n<strong><br \/>\nDaniel Hartwich:<\/strong> &#8222;Bob hat direkt versucht mir Angst vor den s\u00fcdafrikanischen Tieren zu machen! Und mir prompt eine Horrorgeschichte \u00fcber eine spuckende Schlange erz\u00e4hlt. Danke nochmal, Bob!&#8220;<br \/>\n<strong><br \/>\nSonja Zietlow:<\/strong> &#8222;Ja, der Bob das ist ein R\u00e4uber. Das kann der gut, der Schlawiner!&#8220;<\/p>\n<p style=\"text-align: justify;\"><strong>Harald Gl\u00f6\u00f6ckler, Lucas Cordalis und Filip Pavlovi\u0107 sind bereits best\u00e4tigt. Wen w\u00fcnschen Sie sich noch f\u00fcr die neue Staffel?<\/strong><br \/>\n<strong><br \/>\nSonja Zietlow:<\/strong> &#8222;Ich nehme alle, die man mir ins Camp setzt.&#8220;<\/p>\n<p style=\"text-align: justify;\"><strong>Das Dschungelcamp geht bereits in die 15. Staffel. Was sind Ihre Highlights, an die Sie sich bis heute erinnern?<\/strong><br \/>\n<strong><br \/>\nDaniel Hartwich:<\/strong> &#8222;Ich habe alles vergessen, bis auf Larissa Marolt!&#8220;<br \/>\n<strong><br \/>\nSonja Zietlow:<\/strong> &#8222;Die ist aber auch ein Highlight. Und nat\u00fcrlich die Sarah Dingens. Nicht zu vergessen D\u00e9sir\u00e9e Nick und Naddel.&#8220;<\/p>\n<p style=\"text-align: justify;\"><strong>Und was w\u00fcnschen Sie sich f\u00fcr die n\u00e4chsten 15 Staffeln?<\/strong><br \/>\n<strong><br \/>\nDaniel Hartwich:<\/strong> &#8222;Ich w\u00fcnsche dem Team und dem Sender wirklich ganz gro\u00dfen Erfolg f\u00fcr die n\u00e4chsten 15 Jahre! Ich kann hiermit ank\u00fcndigen, dass ich in 15 Jahren definitiv nicht mehr im Dschungel dabei sein werde.&#8220;<br \/>\n<strong><br \/>\nSonja Zietlow:<\/strong> &#8222;Also bei mir bin ich mir nicht so sicher. Wenn es in 15 Jahren soweit ist, w\u00fcnsche ich mir etwas mehr Platz f\u00fcr mich und meinen Rollator.&#8220;<\/p>\n<p style=\"text-align: justify;\">\n<figure id=\"attachment_176350\" aria-describedby=\"caption-attachment-176350\" style=\"width: 800px\" class=\"wp-caption alignnone\"><img decoding=\"async\" loading=\"lazy\" class=\"size-large wp-image-176350\" src=\"https:\/\/smago.de\/ws2\/wp-content\/uploads\/2021\/12\/1812657-800x534.jpg\" alt=\"\" width=\"800\" height=\"534\" srcset=\"https:\/\/smago.de\/ws2\/wp-content\/uploads\/2021\/12\/1812657-800x534.jpg 800w, https:\/\/smago.de\/ws2\/wp-content\/uploads\/2021\/12\/1812657-522x348.jpg 522w, https:\/\/smago.de\/ws2\/wp-content\/uploads\/2021\/12\/1812657-225x150.jpg 225w, https:\/\/smago.de\/ws2\/wp-content\/uploads\/2021\/12\/1812657-768x512.jpg 768w, https:\/\/smago.de\/ws2\/wp-content\/uploads\/2021\/12\/1812657-1536x1025.jpg 1536w, https:\/\/smago.de\/ws2\/wp-content\/uploads\/2021\/12\/1812657-2048x1366.jpg 2048w, https:\/\/smago.de\/ws2\/wp-content\/uploads\/2021\/12\/1812657-392x261.jpg 392w, https:\/\/smago.de\/ws2\/wp-content\/uploads\/2021\/12\/1812657-130x87.jpg 130w, https:\/\/smago.de\/ws2\/wp-content\/uploads\/2021\/12\/1812657-667x445.jpg 667w, https:\/\/smago.de\/ws2\/wp-content\/uploads\/2021\/12\/1812657-783x522.jpg 783w, https:\/\/smago.de\/ws2\/wp-content\/uploads\/2021\/12\/1812657-285x190.jpg 285w, https:\/\/smago.de\/ws2\/wp-content\/uploads\/2021\/12\/1812657-435x290.jpg 435w, https:\/\/smago.de\/ws2\/wp-content\/uploads\/2021\/12\/1812657-150x100.jpg 150w, https:\/\/smago.de\/ws2\/wp-content\/uploads\/2021\/12\/1812657-370x247.jpg 370w\" sizes=\"(max-width: 800px) 100vw, 800px\" \/><figcaption id=\"caption-attachment-176350\" class=\"wp-caption-text\"><em>Sonja Zietlow und Daniel Hartwich<\/em><\/p>\n<p><em>Foto-Credit: RTL \/ Stefan Gregorowius<\/em><\/p>\n<p><em>Bitte beachten Sie auch <strong><a href=\"http:\/\/www.tvnow.de\">RTL+<\/a><\/strong>!<\/em><\/figcaption><\/figure>\n","protected":false},"excerpt":{"rendered":"<p>Und wie immer nehmen die beiden kein Blatt vor den Mund &#8230;:<\/p>\n","protected":false},"author":2,"featured_media":176350,"comment_status":"open","ping_status":"closed","sticky":false,"template":"","format":"standard","meta":{"_FSMCFIC_featured_image_caption":"","_FSMCFIC_featured_image_nocaption":"","_FSMCFIC_featured_image_hide":""},"categories":[33,128],"tags":[758],"acf":[],"_links":{"self":[{"href":"https:\/\/smago.de\/ws2\/wp-json\/wp\/v2\/posts\/176349"}],"collection":[{"href":"https:\/\/smago.de\/ws2\/wp-json\/wp\/v2\/posts"}],"about":[{"href":"https:\/\/smago.de\/ws2\/wp-json\/wp\/v2\/types\/post"}],"author":[{"embeddable":true,"href":"https:\/\/smago.de\/ws2\/wp-json\/wp\/v2\/users\/2"}],"replies":[{"embeddable":true,"href":"https:\/\/smago.de\/ws2\/wp-json\/wp\/v2\/comments?post=176349"}],"version-history":[{"count":3,"href":"https:\/\/smago.de\/ws2\/wp-json\/wp\/v2\/posts\/176349\/revisions"}],"predecessor-version":[{"id":176372,"href":"https:\/\/smago.de\/ws2\/wp-json\/wp\/v2\/posts\/176349\/revisions\/176372"}],"wp:featuredmedia":[{"embeddable":true,"href":"https:\/\/smago.de\/ws2\/wp-json\/wp\/v2\/media\/176350"}],"wp:attachment":[{"href":"https:\/\/smago.de\/ws2\/wp-json\/wp\/v2\/media?parent=176349"}],"wp:term":[{"taxonomy":"category","embeddable":true,"href":"https:\/\/smago.de\/ws2\/wp-json\/wp\/v2\/categories?post=176349"},{"taxonomy":"post_tag","embeddable":true,"href":"https:\/\/smago.de\/ws2\/wp-json\/wp\/v2\/tags?post=176349"}],"curies":[{"name":"wp","href":"https:\/\/api.w.org\/{rel}","templated":true}]}}