{"id":176248,"date":"2021-12-19T00:00:44","date_gmt":"2021-12-18T23:00:44","guid":{"rendered":"https:\/\/smago.de\/ws2\/?p=176248"},"modified":"2021-12-18T17:12:21","modified_gmt":"2021-12-18T16:12:21","slug":"oli-p-heute-vorabend-19-12-2021-in-der-sendung-das-zu-gast","status":"publish","type":"post","link":"https:\/\/smago.de\/ws2\/pop\/oli-p-heute-vorabend-19-12-2021-in-der-sendung-das-zu-gast\/","title":{"rendered":"OLI.P <br>Heute Vorabend (19.12.2021) in der Sendung &#8222;DAS!&#8220; zu Gast!"},"content":{"rendered":"<p>18:45 Uhr &#8211; 19:30 Uhr (Wh. in der Nacht auf 20.12., 05:15 Uhr &#8211; 06:00 Uhr)!<br \/>\n<!--more--><\/p>\n<p>&nbsp;<\/p>\n<p>&nbsp;<\/p>\n<p style=\"text-align: justify;\">Vom Jungstar zum echten Allrounder: OLI P. ist mehr als zwanzig Jahre nach dem Start als Serienstar in &#8222;Gute Zeiten, Schlechte Zeiten&#8220; auf vielen B\u00fchnen zu Hause. Mal \u00fcberzeugt er als gut gelaunter Moderator im Fernsehen, mal gibt er als S\u00e4nger fr\u00fcheren Hits einen neuen Schliff und begeistert damit das Party-Volk in den einschl\u00e4gigen Diskotheken auf Mallorca. F\u00fcr seine Version des Gr\u00f6nemeyer-Klassikers &#8222;Flugzeuge im Bauch&#8220; wurde er sogar mit dem Echo Pop ausgezeichnet.<\/p>\n<p style=\"text-align: justify;\">Nicht zuletzt ist Oli P. auch Gesch\u00e4ftsmann und f\u00fchrt gemeinsam mit seiner Frau ein Gesch\u00e4ft f\u00fcr Hunde-Bedarf. Und noch eine \u00dcberraschung hat der 43-j\u00e4hrige ehemalige Turniert\u00e4nzer Oli P. parat: Er hat sich eine Leidenschaft aus den 90er-Jahren erhalten. Aus Liebe zur Kultserie &#8222;Nightrider&#8220; hat er sich eine Kopie von &#8222;K.I.T.T&#8220; selbst zusammengeschraubt. Jetzt ist er wieder als Schauspieler zu sehen: in der ARD-M\u00e4rchenverfilmung &#8222;Der Geist im Glas&#8220;.<\/p>\n<p>&nbsp;<\/p>\n<p>&nbsp;<\/p>\n<p>&nbsp;<\/p>\n<figure id=\"attachment_176249\" aria-describedby=\"caption-attachment-176249\" style=\"width: 800px\" class=\"wp-caption alignnone\"><img decoding=\"async\" loading=\"lazy\" class=\"size-large wp-image-176249\" src=\"https:\/\/smago.de\/ws2\/wp-content\/uploads\/2021\/12\/olip_Max-Sonnenschein-800x450.jpg\" alt=\"\" width=\"800\" height=\"450\" srcset=\"https:\/\/smago.de\/ws2\/wp-content\/uploads\/2021\/12\/olip_Max-Sonnenschein-800x450.jpg 800w, https:\/\/smago.de\/ws2\/wp-content\/uploads\/2021\/12\/olip_Max-Sonnenschein-522x294.jpg 522w, https:\/\/smago.de\/ws2\/wp-content\/uploads\/2021\/12\/olip_Max-Sonnenschein-267x150.jpg 267w, https:\/\/smago.de\/ws2\/wp-content\/uploads\/2021\/12\/olip_Max-Sonnenschein-768x432.jpg 768w, https:\/\/smago.de\/ws2\/wp-content\/uploads\/2021\/12\/olip_Max-Sonnenschein-392x220.jpg 392w, https:\/\/smago.de\/ws2\/wp-content\/uploads\/2021\/12\/olip_Max-Sonnenschein-130x73.jpg 130w, https:\/\/smago.de\/ws2\/wp-content\/uploads\/2021\/12\/olip_Max-Sonnenschein-791x445.jpg 791w, https:\/\/smago.de\/ws2\/wp-content\/uploads\/2021\/12\/olip_Max-Sonnenschein-870x489.jpg 870w, https:\/\/smago.de\/ws2\/wp-content\/uploads\/2021\/12\/olip_Max-Sonnenschein-292x164.jpg 292w, https:\/\/smago.de\/ws2\/wp-content\/uploads\/2021\/12\/olip_Max-Sonnenschein-435x245.jpg 435w, https:\/\/smago.de\/ws2\/wp-content\/uploads\/2021\/12\/olip_Max-Sonnenschein-895x503.jpg 895w, https:\/\/smago.de\/ws2\/wp-content\/uploads\/2021\/12\/olip_Max-Sonnenschein.jpg 1067w\" sizes=\"(max-width: 800px) 100vw, 800px\" \/><figcaption id=\"caption-attachment-176249\" class=\"wp-caption-text\"><em>Foto-Credit: Max Sonnenschein<\/em><\/figcaption><\/figure>\n","protected":false},"excerpt":{"rendered":"<p>18:45 Uhr &#8211; 19:30 Uhr (Wh. in der Nacht auf 20.12., 05:15 Uhr &#8211; 06:00 Uhr)!<\/p>\n","protected":false},"author":2,"featured_media":176249,"comment_status":"open","ping_status":"closed","sticky":false,"template":"","format":"standard","meta":{"_FSMCFIC_featured_image_caption":"","_FSMCFIC_featured_image_nocaption":"","_FSMCFIC_featured_image_hide":""},"categories":[27,28],"tags":[870],"acf":[],"_links":{"self":[{"href":"https:\/\/smago.de\/ws2\/wp-json\/wp\/v2\/posts\/176248"}],"collection":[{"href":"https:\/\/smago.de\/ws2\/wp-json\/wp\/v2\/posts"}],"about":[{"href":"https:\/\/smago.de\/ws2\/wp-json\/wp\/v2\/types\/post"}],"author":[{"embeddable":true,"href":"https:\/\/smago.de\/ws2\/wp-json\/wp\/v2\/users\/2"}],"replies":[{"embeddable":true,"href":"https:\/\/smago.de\/ws2\/wp-json\/wp\/v2\/comments?post=176248"}],"version-history":[{"count":1,"href":"https:\/\/smago.de\/ws2\/wp-json\/wp\/v2\/posts\/176248\/revisions"}],"predecessor-version":[{"id":176250,"href":"https:\/\/smago.de\/ws2\/wp-json\/wp\/v2\/posts\/176248\/revisions\/176250"}],"wp:featuredmedia":[{"embeddable":true,"href":"https:\/\/smago.de\/ws2\/wp-json\/wp\/v2\/media\/176249"}],"wp:attachment":[{"href":"https:\/\/smago.de\/ws2\/wp-json\/wp\/v2\/media?parent=176248"}],"wp:term":[{"taxonomy":"category","embeddable":true,"href":"https:\/\/smago.de\/ws2\/wp-json\/wp\/v2\/categories?post=176248"},{"taxonomy":"post_tag","embeddable":true,"href":"https:\/\/smago.de\/ws2\/wp-json\/wp\/v2\/tags?post=176248"}],"curies":[{"name":"wp","href":"https:\/\/api.w.org\/{rel}","templated":true}]}}