{"id":176216,"date":"2021-12-16T23:59:00","date_gmt":"2021-12-16T22:59:00","guid":{"rendered":"https:\/\/smago.de\/ws2\/?p=176216"},"modified":"2021-12-17T11:37:31","modified_gmt":"2021-12-17T10:37:31","slug":"geschwister-pfister-u-a-zdf-kultursendung-aspekte-fragt-wie-sich-familie-bis-heute-veraendert-hat","status":"publish","type":"post","link":"https:\/\/smago.de\/ws2\/comedy\/geschwister-pfister-u-a-zdf-kultursendung-aspekte-fragt-wie-sich-familie-bis-heute-veraendert-hat\/","title":{"rendered":"GESCHWISTER PFISTER u.a. <br>ZDF-Kultursendung &#8222;aspekte&#8220; fragt, wie sich Familie bis heute ver\u00e4ndert hat!"},"content":{"rendered":"<p>Sendetermin: Fr., 17.12.2021, ZDF, 23:30 Uhr!<br \/>\n<!--more--><\/p>\n<p>&nbsp;<\/p>\n<p>&nbsp;<\/p>\n<p style=\"text-align: justify;\">Weihnachten ist ein Familienfest. Auch wenn die Verwandten\u00a0weit verstreut wohnen, zu diesem Anlass kommen sie meist alle zusammen. Doch immer h\u00e4ufiger in anderer Konstellation als\u00a0in\u00a0der bekannten Kleinfamilie mit Papa, Mama, Kind.\u00a0Unter dem Motto &#8222;Das alles und noch viel mehr \u2013 wie sich die\u00a0heilige Familie bis heute ver\u00e4ndert hat&#8220;\u00a0widmet sich die ZDF-Kultursendung &#8222;aspekte&#8220; am <b>Freitag, 17. Dezember 2021,\u00a023:30 Uhr<\/b>,\u00a0dem Thema.\u00a0In der\u00a0<b>ZDFmediathek\u00a0ist die Sendung\u00a0bereits\u00a0ab 21.00 Uhr<\/b>\u00a0verf\u00fcgbar.<\/p>\n<p style=\"text-align: justify;\">In ihrem neuen Buch\u00a0&#8222;Welten auseinander&#8220;\u00a0erz\u00e4hlt\u00a0Schriftstellerin Julia Franck\u00a0von ihrer ungew\u00f6hnlichen Kindheit und Jugend, von ihrer besonderen Familie aus Ost und West. Im Gespr\u00e4ch mit\u00a0&#8222;aspekte&#8220;-Moderator\u00a0Jo\u00a0Sch\u00fcck\u00a0l\u00e4sst sie\u00a0die Zuschauerinnen und Zuschauer\u00a0teilhaben an den Umbr\u00fcchen\u00a0und\u00a0der Einsamkeit,\u00a0aber auch den Momenten des Gl\u00fccks im Familienbund und mit den Wahlverwandtschaften.<\/p>\n<p style=\"text-align: justify;\">F\u00fcr die Geschwister Pfister, die Musikkabarettisten Christoph Marti und Tobias Bonn,\u00a0ist Blut nicht zwingend dicker als Wasser. Die Beiden sind seit 20 Jahren verpartnert und stehen seit 25 Jahren\u00a0mit anderen K\u00fcnstlerinnen\u00a0und K\u00fcnstlern\u00a0auf der B\u00fchne \u2013 in wechselnden Rollen.\u00a0&#8222;Gew\u00e4hlte Familie&#8220;\u00a0nennen sie ihre\u00a0Verbindung. Denn Familie bedeutet\u00a0f\u00fcr sie,\u00a0f\u00fcreinander da zu sein \u2013 unabh\u00e4ngig vom Stammbuch.<\/p>\n<p style=\"text-align: justify;\">Die Familie ist im Wandel:\u00a0In Deutschland wird fast jede zweite Ehe geschieden, jedes sechste Kind w\u00e4chst inzwischen in einer Patchworkfamilie auf.\u00a0Dort gibt es\u00a0komplexe Verwandtschaftsbeziehung, die von allen Beteiligten mehr verlangt als altbekannte Rituale und Regeln: Toleranz, Feingef\u00fchl und Mut f\u00fcr neue L\u00f6sungen,\u00a0um allen gerecht zu werden.\u00a0&#8222;aspekte&#8220;-Moderatorin\u00a0Katty\u00a0Sali\u00e9\u00a0ist zu Gast bei der Familientherapeutin Katharina Gr\u00fcnewald,\u00a0die selbst\u00a0in einer Patchworkfamilie\u00a0lebt\u00a0und Familien bei ihrer Suche nach dem neuen gemeinsamen Gl\u00fcck\u00a0ber\u00e4t.<\/p>\n<p style=\"text-align: justify;\">Ob Patchwork, Regenbogenfamilie oder Alleinerziehende,\u00a0wie die Pianistin Olga Scheps,\u00a0die f\u00fcr &#8222;aspekte&#8220; spielt,\u00a0Familie\u00a0wird\u00a0in der heutigen\u00a0Gesellschaft gelebt.\u00a0Alle Variationen der Familie fordern ihr Recht auf ein gegl\u00fccktes Zusammenleben.\u00a0\u00dcber die Anforderungen k\u00fcnftiger Familienpolitik spricht\u00a0Jo\u00a0Sch\u00fcck\u00a0mit Prof. Dr. Sabine\u00a0Walper, Direktorin des\u00a0Deutschen Jugendinstitutes\u00a0in M\u00fcnchen, die die\u00a0Bundesregierung in familienpolitischen Fragen ber\u00e4t.<\/p>\n<p>&nbsp;<\/p>\n<p>&nbsp;<\/p>\n<p>&nbsp;<\/p>\n<figure id=\"attachment_176217\" aria-describedby=\"caption-attachment-176217\" style=\"width: 800px\" class=\"wp-caption alignnone\"><img decoding=\"async\" loading=\"lazy\" class=\"size-large wp-image-176217\" src=\"https:\/\/smago.de\/ws2\/wp-content\/uploads\/2021\/12\/50828-271-16-800x450.jpg\" alt=\"\" width=\"800\" height=\"450\" srcset=\"https:\/\/smago.de\/ws2\/wp-content\/uploads\/2021\/12\/50828-271-16-800x450.jpg 800w, https:\/\/smago.de\/ws2\/wp-content\/uploads\/2021\/12\/50828-271-16-522x294.jpg 522w, https:\/\/smago.de\/ws2\/wp-content\/uploads\/2021\/12\/50828-271-16-267x150.jpg 267w, https:\/\/smago.de\/ws2\/wp-content\/uploads\/2021\/12\/50828-271-16-768x432.jpg 768w, https:\/\/smago.de\/ws2\/wp-content\/uploads\/2021\/12\/50828-271-16-1536x864.jpg 1536w, https:\/\/smago.de\/ws2\/wp-content\/uploads\/2021\/12\/50828-271-16-392x221.jpg 392w, https:\/\/smago.de\/ws2\/wp-content\/uploads\/2021\/12\/50828-271-16-130x73.jpg 130w, https:\/\/smago.de\/ws2\/wp-content\/uploads\/2021\/12\/50828-271-16-791x445.jpg 791w, https:\/\/smago.de\/ws2\/wp-content\/uploads\/2021\/12\/50828-271-16-870x489.jpg 870w, https:\/\/smago.de\/ws2\/wp-content\/uploads\/2021\/12\/50828-271-16-292x164.jpg 292w, https:\/\/smago.de\/ws2\/wp-content\/uploads\/2021\/12\/50828-271-16-435x245.jpg 435w, https:\/\/smago.de\/ws2\/wp-content\/uploads\/2021\/12\/50828-271-16-895x503.jpg 895w, https:\/\/smago.de\/ws2\/wp-content\/uploads\/2021\/12\/50828-271-16.jpg 1920w\" sizes=\"(max-width: 800px) 100vw, 800px\" \/><figcaption id=\"caption-attachment-176217\" class=\"wp-caption-text\"><em>Foto-Credit: ZDF -Corporate Design<\/em><\/figcaption><\/figure>\n","protected":false},"excerpt":{"rendered":"<p>Sendetermin: Fr., 17.12.2021, ZDF, 23:30 Uhr!<\/p>\n","protected":false},"author":2,"featured_media":176217,"comment_status":"open","ping_status":"closed","sticky":false,"template":"","format":"standard","meta":{"_FSMCFIC_featured_image_caption":"","_FSMCFIC_featured_image_nocaption":"","_FSMCFIC_featured_image_hide":""},"categories":[3,29,128],"tags":[2344],"acf":[],"_links":{"self":[{"href":"https:\/\/smago.de\/ws2\/wp-json\/wp\/v2\/posts\/176216"}],"collection":[{"href":"https:\/\/smago.de\/ws2\/wp-json\/wp\/v2\/posts"}],"about":[{"href":"https:\/\/smago.de\/ws2\/wp-json\/wp\/v2\/types\/post"}],"author":[{"embeddable":true,"href":"https:\/\/smago.de\/ws2\/wp-json\/wp\/v2\/users\/2"}],"replies":[{"embeddable":true,"href":"https:\/\/smago.de\/ws2\/wp-json\/wp\/v2\/comments?post=176216"}],"version-history":[{"count":4,"href":"https:\/\/smago.de\/ws2\/wp-json\/wp\/v2\/posts\/176216\/revisions"}],"predecessor-version":[{"id":176221,"href":"https:\/\/smago.de\/ws2\/wp-json\/wp\/v2\/posts\/176216\/revisions\/176221"}],"wp:featuredmedia":[{"embeddable":true,"href":"https:\/\/smago.de\/ws2\/wp-json\/wp\/v2\/media\/176217"}],"wp:attachment":[{"href":"https:\/\/smago.de\/ws2\/wp-json\/wp\/v2\/media?parent=176216"}],"wp:term":[{"taxonomy":"category","embeddable":true,"href":"https:\/\/smago.de\/ws2\/wp-json\/wp\/v2\/categories?post=176216"},{"taxonomy":"post_tag","embeddable":true,"href":"https:\/\/smago.de\/ws2\/wp-json\/wp\/v2\/tags?post=176216"}],"curies":[{"name":"wp","href":"https:\/\/api.w.org\/{rel}","templated":true}]}}