{"id":176126,"date":"2021-12-16T22:15:45","date_gmt":"2021-12-16T21:15:45","guid":{"rendered":"https:\/\/smago.de\/ws2\/?p=176126"},"modified":"2021-12-16T22:41:30","modified_gmt":"2021-12-16T21:41:30","slug":"die-thomaner-heute-16-12-2021-mdr-fernsehen-die-thomaner-herz-und-mund-und-tat-und-leben-wh","status":"publish","type":"post","link":"https:\/\/smago.de\/ws2\/schlager\/die-thomaner-heute-16-12-2021-mdr-fernsehen-die-thomaner-herz-und-mund-und-tat-und-leben-wh\/","title":{"rendered":"DIE THOMANER <br>Heute (16.12.2021), MDR FERNSEHEN: &#8220; Die Thomaner &#8211; Herz und Mund und Tat und Leben&#8220; (Wh.!)!"},"content":{"rendered":"<p style=\"text-align: justify;\">Dokumentation, Deutschland; 2012 \/\/ 23:15 Uhr &#8211; 01:10 Uhr! Ein Film von Paul Smaczny und G\u00fcnter Atteln!<br \/>\n<!--more--><\/p>\n<p>&nbsp;<\/p>\n<p>&nbsp;<\/p>\n<p style=\"text-align: justify;\">\n<div id=\"r60mhw-accordion\" class=\"accordion-content\" role=\"tabpanel\" data-tab-content=\"\" aria-labelledby=\"r60mhw-accordion-label\" aria-hidden=\"false\">\n<div class=\"event-detail\">\n<div class=\"detail-top row collapse \">\n<p style=\"text-align: justify;\">Im Jahr 2012 feierte der Thomanerchor Leipzig seinen 800. Geburtstag.<\/p>\n<p style=\"text-align: justify;\">\nEine beeindruckende Zeitspanne, wenn man bedenkt, dass der Chor \u00fcber die Jahrhunderte alle politischen Systeme in ungebrochener Tradition \u00fcberdauert hat. Heute haben die Thomaner Bewunderer in aller Welt und werden gefeiert wie Rock-Stars. Diesen Erfolg mussten sich die zehn- bis 18-j\u00e4hrigen Jungen des Thomanerchores schwer erarbeiten, denn ihr Leben wird von einem anstrengenden Proben- und Schulalltag bestimmt, gepr\u00e4gt von den Regeln des Internats und dem Gedanken, dass vor allem die Gemeinschaft z\u00e4hlt.<\/p>\n<p style=\"text-align: justify;\">Zum Jahrhundert-Jubil\u00e4um war der Chor erstmals in dem abendf\u00fcllenden Dokumentarfilm &#8222;Die Thomaner &#8211; Herz und Mund und Tat und Leben&#8220; zu erleben. Die Filmemacher begleiteten den Chor und seinen damaligen Kantor Georg Christoph Biller &#8211; den 43. Thomaskantor nach Bach &#8211; \u00fcber einen Zeitraum von mehr als einem Jahr. Durch ihre pers\u00f6nlichen Geschichten entstand ein sensibles Portr\u00e4t dieses einzigartigen Chores, das der Frage nach der Faszination des Traditionsensembles nachgeht.<\/p>\n<p style=\"text-align: justify;\">Der packende und anr\u00fchrende Film gew\u00e4hrt einen faszinierenden Blick hinter die Kulissen dieses Ausnahmechores und zeigt die M\u00f6glichkeiten, die eine intensive Besch\u00e4ftigung mit Musik f\u00fcr die Entwicklung von Kindern und Jugendlichen leisten kann. Ungew\u00f6hnlich offen k\u00f6nnen die Filmemacher eine einzigartige Welt zwischen Motette, Internat und Fu\u00dfballplatz zeigen; ein Leben, das gepr\u00e4gt ist von Erfolg und Leistungsdruck, Zweifeln und Stolz, Heimweh und Freundschaft. Und in und \u00fcber allem: die unsterbliche Musik Johann Sebastian Bachs.<\/p>\n<p style=\"text-align: justify;\">Ein Film von Paul Smaczny und G\u00fcnter Atteln.<\/p>\n<\/div>\n<\/div>\n<\/div>\n<p>&nbsp;<\/p>\n<div class=\"mceTemp\"><\/div>\n<figure id=\"attachment_176129\" aria-describedby=\"caption-attachment-176129\" style=\"width: 800px\" class=\"wp-caption alignnone\"><img decoding=\"async\" loading=\"lazy\" class=\"size-large wp-image-176129\" src=\"https:\/\/smago.de\/ws2\/wp-content\/uploads\/2021\/12\/2_Die_Thomaner_Herz_u_Mund_u_Tat_u_Leben-800x528.jpg\" alt=\"\" width=\"800\" height=\"528\" srcset=\"https:\/\/smago.de\/ws2\/wp-content\/uploads\/2021\/12\/2_Die_Thomaner_Herz_u_Mund_u_Tat_u_Leben-800x528.jpg 800w, https:\/\/smago.de\/ws2\/wp-content\/uploads\/2021\/12\/2_Die_Thomaner_Herz_u_Mund_u_Tat_u_Leben-522x345.jpg 522w, https:\/\/smago.de\/ws2\/wp-content\/uploads\/2021\/12\/2_Die_Thomaner_Herz_u_Mund_u_Tat_u_Leben-227x150.jpg 227w, https:\/\/smago.de\/ws2\/wp-content\/uploads\/2021\/12\/2_Die_Thomaner_Herz_u_Mund_u_Tat_u_Leben-768x507.jpg 768w, https:\/\/smago.de\/ws2\/wp-content\/uploads\/2021\/12\/2_Die_Thomaner_Herz_u_Mund_u_Tat_u_Leben-1536x1014.jpg 1536w, https:\/\/smago.de\/ws2\/wp-content\/uploads\/2021\/12\/2_Die_Thomaner_Herz_u_Mund_u_Tat_u_Leben-2048x1352.jpg 2048w, https:\/\/smago.de\/ws2\/wp-content\/uploads\/2021\/12\/2_Die_Thomaner_Herz_u_Mund_u_Tat_u_Leben-392x259.jpg 392w, https:\/\/smago.de\/ws2\/wp-content\/uploads\/2021\/12\/2_Die_Thomaner_Herz_u_Mund_u_Tat_u_Leben-130x86.jpg 130w, https:\/\/smago.de\/ws2\/wp-content\/uploads\/2021\/12\/2_Die_Thomaner_Herz_u_Mund_u_Tat_u_Leben-674x445.jpg 674w, https:\/\/smago.de\/ws2\/wp-content\/uploads\/2021\/12\/2_Die_Thomaner_Herz_u_Mund_u_Tat_u_Leben-791x522.jpg 791w, https:\/\/smago.de\/ws2\/wp-content\/uploads\/2021\/12\/2_Die_Thomaner_Herz_u_Mund_u_Tat_u_Leben-288x190.jpg 288w, https:\/\/smago.de\/ws2\/wp-content\/uploads\/2021\/12\/2_Die_Thomaner_Herz_u_Mund_u_Tat_u_Leben-435x287.jpg 435w, https:\/\/smago.de\/ws2\/wp-content\/uploads\/2021\/12\/2_Die_Thomaner_Herz_u_Mund_u_Tat_u_Leben-150x100.jpg 150w\" sizes=\"(max-width: 800px) 100vw, 800px\" \/><figcaption id=\"caption-attachment-176129\" class=\"wp-caption-text\"><em>Thomaner beim Fu\u00dfballspielen<\/em><\/p>\n<p><em>\u00a9 MDR &#8211; Accentus Music \/ Matthias Knoch<\/em><\/figcaption><\/figure>\n<p>&nbsp;<\/p>\n<p>&nbsp;<\/p>\n<p>&nbsp;<\/p>\n<div class=\"mceTemp\"><\/div>\n<figure id=\"attachment_176131\" aria-describedby=\"caption-attachment-176131\" style=\"width: 800px\" class=\"wp-caption alignnone\"><img decoding=\"async\" loading=\"lazy\" class=\"size-large wp-image-176131\" src=\"https:\/\/smago.de\/ws2\/wp-content\/uploads\/2021\/12\/3_Die_Thomaner_Herz_u_Mund_u_Tat_u_Leben-800x528.jpg\" alt=\"\" width=\"800\" height=\"528\" srcset=\"https:\/\/smago.de\/ws2\/wp-content\/uploads\/2021\/12\/3_Die_Thomaner_Herz_u_Mund_u_Tat_u_Leben-800x528.jpg 800w, https:\/\/smago.de\/ws2\/wp-content\/uploads\/2021\/12\/3_Die_Thomaner_Herz_u_Mund_u_Tat_u_Leben-522x345.jpg 522w, https:\/\/smago.de\/ws2\/wp-content\/uploads\/2021\/12\/3_Die_Thomaner_Herz_u_Mund_u_Tat_u_Leben-227x150.jpg 227w, https:\/\/smago.de\/ws2\/wp-content\/uploads\/2021\/12\/3_Die_Thomaner_Herz_u_Mund_u_Tat_u_Leben-768x507.jpg 768w, https:\/\/smago.de\/ws2\/wp-content\/uploads\/2021\/12\/3_Die_Thomaner_Herz_u_Mund_u_Tat_u_Leben-1536x1014.jpg 1536w, https:\/\/smago.de\/ws2\/wp-content\/uploads\/2021\/12\/3_Die_Thomaner_Herz_u_Mund_u_Tat_u_Leben-2048x1352.jpg 2048w, https:\/\/smago.de\/ws2\/wp-content\/uploads\/2021\/12\/3_Die_Thomaner_Herz_u_Mund_u_Tat_u_Leben-392x259.jpg 392w, https:\/\/smago.de\/ws2\/wp-content\/uploads\/2021\/12\/3_Die_Thomaner_Herz_u_Mund_u_Tat_u_Leben-130x86.jpg 130w, https:\/\/smago.de\/ws2\/wp-content\/uploads\/2021\/12\/3_Die_Thomaner_Herz_u_Mund_u_Tat_u_Leben-674x445.jpg 674w, https:\/\/smago.de\/ws2\/wp-content\/uploads\/2021\/12\/3_Die_Thomaner_Herz_u_Mund_u_Tat_u_Leben-791x522.jpg 791w, https:\/\/smago.de\/ws2\/wp-content\/uploads\/2021\/12\/3_Die_Thomaner_Herz_u_Mund_u_Tat_u_Leben-288x190.jpg 288w, https:\/\/smago.de\/ws2\/wp-content\/uploads\/2021\/12\/3_Die_Thomaner_Herz_u_Mund_u_Tat_u_Leben-435x287.jpg 435w, https:\/\/smago.de\/ws2\/wp-content\/uploads\/2021\/12\/3_Die_Thomaner_Herz_u_Mund_u_Tat_u_Leben-150x100.jpg 150w\" sizes=\"(max-width: 800px) 100vw, 800px\" \/><figcaption id=\"caption-attachment-176131\" class=\"wp-caption-text\"><\/em> <em>Thomaner beim Mittagessen<\/em><\/p>\n<p><em>\u00a9 MDR &#8211; Accentus Music \/ Matthias Knoch<\/em><\/figcaption><\/figure>\n<p>&nbsp;<\/p>\n<p>&nbsp;<\/p>\n<p>&nbsp;<\/p>\n<figure id=\"attachment_176132\" aria-describedby=\"caption-attachment-176132\" style=\"width: 800px\" class=\"wp-caption alignnone\"><img decoding=\"async\" loading=\"lazy\" class=\"size-large wp-image-176132\" src=\"https:\/\/smago.de\/ws2\/wp-content\/uploads\/2021\/12\/1_Die_Thomaner_Herz_u_Mund_u_Tat_u_Leben-800x528.jpg\" alt=\"\" width=\"800\" height=\"528\" srcset=\"https:\/\/smago.de\/ws2\/wp-content\/uploads\/2021\/12\/1_Die_Thomaner_Herz_u_Mund_u_Tat_u_Leben-800x528.jpg 800w, https:\/\/smago.de\/ws2\/wp-content\/uploads\/2021\/12\/1_Die_Thomaner_Herz_u_Mund_u_Tat_u_Leben-522x345.jpg 522w, https:\/\/smago.de\/ws2\/wp-content\/uploads\/2021\/12\/1_Die_Thomaner_Herz_u_Mund_u_Tat_u_Leben-227x150.jpg 227w, https:\/\/smago.de\/ws2\/wp-content\/uploads\/2021\/12\/1_Die_Thomaner_Herz_u_Mund_u_Tat_u_Leben-768x507.jpg 768w, https:\/\/smago.de\/ws2\/wp-content\/uploads\/2021\/12\/1_Die_Thomaner_Herz_u_Mund_u_Tat_u_Leben-1536x1014.jpg 1536w, https:\/\/smago.de\/ws2\/wp-content\/uploads\/2021\/12\/1_Die_Thomaner_Herz_u_Mund_u_Tat_u_Leben-2048x1352.jpg 2048w, https:\/\/smago.de\/ws2\/wp-content\/uploads\/2021\/12\/1_Die_Thomaner_Herz_u_Mund_u_Tat_u_Leben-392x259.jpg 392w, https:\/\/smago.de\/ws2\/wp-content\/uploads\/2021\/12\/1_Die_Thomaner_Herz_u_Mund_u_Tat_u_Leben-130x86.jpg 130w, https:\/\/smago.de\/ws2\/wp-content\/uploads\/2021\/12\/1_Die_Thomaner_Herz_u_Mund_u_Tat_u_Leben-674x445.jpg 674w, https:\/\/smago.de\/ws2\/wp-content\/uploads\/2021\/12\/1_Die_Thomaner_Herz_u_Mund_u_Tat_u_Leben-791x522.jpg 791w, https:\/\/smago.de\/ws2\/wp-content\/uploads\/2021\/12\/1_Die_Thomaner_Herz_u_Mund_u_Tat_u_Leben-288x190.jpg 288w, https:\/\/smago.de\/ws2\/wp-content\/uploads\/2021\/12\/1_Die_Thomaner_Herz_u_Mund_u_Tat_u_Leben-435x287.jpg 435w, https:\/\/smago.de\/ws2\/wp-content\/uploads\/2021\/12\/1_Die_Thomaner_Herz_u_Mund_u_Tat_u_Leben-150x100.jpg 150w\" sizes=\"(max-width: 800px) 100vw, 800px\" \/><figcaption id=\"caption-attachment-176132\" class=\"wp-caption-text\"><\/em> <em>Thomaner beim Auftritt vor dem Altar in der Leipziger Thomaskirche<\/em><\/p>\n<p><em>\u00a9 MDR &#8211; Accentus Music \/ Matthias Knoch<\/em><\/figcaption><\/figure>\n<p>&nbsp;<\/p>\n<p>&nbsp;<\/p>\n<p>&nbsp;<\/p>\n<figure id=\"attachment_176128\" aria-describedby=\"caption-attachment-176128\" style=\"width: 800px\" class=\"wp-caption alignnone\"><img decoding=\"async\" loading=\"lazy\" class=\"size-large wp-image-176128\" src=\"https:\/\/smago.de\/ws2\/wp-content\/uploads\/2021\/12\/4_Die_Thomaner_Herz_u_Mund_u_Tat_u_Leben-1-800x528.jpg\" alt=\"\" width=\"800\" height=\"528\" srcset=\"https:\/\/smago.de\/ws2\/wp-content\/uploads\/2021\/12\/4_Die_Thomaner_Herz_u_Mund_u_Tat_u_Leben-1-800x528.jpg 800w, https:\/\/smago.de\/ws2\/wp-content\/uploads\/2021\/12\/4_Die_Thomaner_Herz_u_Mund_u_Tat_u_Leben-1-522x345.jpg 522w, https:\/\/smago.de\/ws2\/wp-content\/uploads\/2021\/12\/4_Die_Thomaner_Herz_u_Mund_u_Tat_u_Leben-1-227x150.jpg 227w, https:\/\/smago.de\/ws2\/wp-content\/uploads\/2021\/12\/4_Die_Thomaner_Herz_u_Mund_u_Tat_u_Leben-1-768x507.jpg 768w, https:\/\/smago.de\/ws2\/wp-content\/uploads\/2021\/12\/4_Die_Thomaner_Herz_u_Mund_u_Tat_u_Leben-1-1536x1014.jpg 1536w, https:\/\/smago.de\/ws2\/wp-content\/uploads\/2021\/12\/4_Die_Thomaner_Herz_u_Mund_u_Tat_u_Leben-1-2048x1352.jpg 2048w, https:\/\/smago.de\/ws2\/wp-content\/uploads\/2021\/12\/4_Die_Thomaner_Herz_u_Mund_u_Tat_u_Leben-1-392x259.jpg 392w, https:\/\/smago.de\/ws2\/wp-content\/uploads\/2021\/12\/4_Die_Thomaner_Herz_u_Mund_u_Tat_u_Leben-1-130x86.jpg 130w, https:\/\/smago.de\/ws2\/wp-content\/uploads\/2021\/12\/4_Die_Thomaner_Herz_u_Mund_u_Tat_u_Leben-1-674x445.jpg 674w, https:\/\/smago.de\/ws2\/wp-content\/uploads\/2021\/12\/4_Die_Thomaner_Herz_u_Mund_u_Tat_u_Leben-1-791x522.jpg 791w, https:\/\/smago.de\/ws2\/wp-content\/uploads\/2021\/12\/4_Die_Thomaner_Herz_u_Mund_u_Tat_u_Leben-1-288x190.jpg 288w, https:\/\/smago.de\/ws2\/wp-content\/uploads\/2021\/12\/4_Die_Thomaner_Herz_u_Mund_u_Tat_u_Leben-1-435x287.jpg 435w, https:\/\/smago.de\/ws2\/wp-content\/uploads\/2021\/12\/4_Die_Thomaner_Herz_u_Mund_u_Tat_u_Leben-1-150x100.jpg 150w\" sizes=\"(max-width: 800px) 100vw, 800px\" \/><figcaption id=\"caption-attachment-176128\" class=\"wp-caption-text\"><\/em> <em>\u00a9 MDR &#8211; Accentus Music \/ Matthias Knoch<\/em><\/figcaption><\/figure>\n","protected":false},"excerpt":{"rendered":"<p>Dokumentation, Deutschland; 2012 \/\/ 23:15 Uhr &#8211; 01:10 Uhr! Ein Film von Paul Smaczny und G\u00fcnter Atteln!<\/p>\n","protected":false},"author":2,"featured_media":176130,"comment_status":"open","ping_status":"closed","sticky":false,"template":"","format":"standard","meta":{"_FSMCFIC_featured_image_caption":"","_FSMCFIC_featured_image_nocaption":"","_FSMCFIC_featured_image_hide":""},"categories":[29,128],"tags":[2338],"acf":[],"_links":{"self":[{"href":"https:\/\/smago.de\/ws2\/wp-json\/wp\/v2\/posts\/176126"}],"collection":[{"href":"https:\/\/smago.de\/ws2\/wp-json\/wp\/v2\/posts"}],"about":[{"href":"https:\/\/smago.de\/ws2\/wp-json\/wp\/v2\/types\/post"}],"author":[{"embeddable":true,"href":"https:\/\/smago.de\/ws2\/wp-json\/wp\/v2\/users\/2"}],"replies":[{"embeddable":true,"href":"https:\/\/smago.de\/ws2\/wp-json\/wp\/v2\/comments?post=176126"}],"version-history":[{"count":1,"href":"https:\/\/smago.de\/ws2\/wp-json\/wp\/v2\/posts\/176126\/revisions"}],"predecessor-version":[{"id":176133,"href":"https:\/\/smago.de\/ws2\/wp-json\/wp\/v2\/posts\/176126\/revisions\/176133"}],"wp:featuredmedia":[{"embeddable":true,"href":"https:\/\/smago.de\/ws2\/wp-json\/wp\/v2\/media\/176130"}],"wp:attachment":[{"href":"https:\/\/smago.de\/ws2\/wp-json\/wp\/v2\/media?parent=176126"}],"wp:term":[{"taxonomy":"category","embeddable":true,"href":"https:\/\/smago.de\/ws2\/wp-json\/wp\/v2\/categories?post=176126"},{"taxonomy":"post_tag","embeddable":true,"href":"https:\/\/smago.de\/ws2\/wp-json\/wp\/v2\/tags?post=176126"}],"curies":[{"name":"wp","href":"https:\/\/api.w.org\/{rel}","templated":true}]}}